{"id":10008,"date":"2024-04-28T18:21:25","date_gmt":"2024-04-28T16:21:25","guid":{"rendered":"https:\/\/www.projekt-kirche.de\/?p=10008"},"modified":"2025-01-15T22:05:07","modified_gmt":"2025-01-15T21:05:07","slug":"ueber-die-vielfalt-im-glauben","status":"publish","type":"post","link":"https:\/\/www.projekt-kirche.de\/?p=10008","title":{"rendered":"\u00dcber die Vielfalt im Glauben"},"content":{"rendered":"<div class=\"shariff\" data-title=\"\u00dcber die Vielfalt im Glauben\" data-info-url=\"http:\/\/ct.de\/-2467514\" data-backend-url=\"https:\/\/www.projekt-kirche.de\/wp-content\/plugins\/shariff-sharing\/backend\/index.php\" data-temp=\"\/tmp\" data-ttl=\"60\" data-service=\"gftr\" data-services='[\"googleplus\",\"facebook\",\"twitter\",\"reddit\",\"info\"]' data-image=\"\" data-url=\"https:\/\/www.projekt-kirche.de\/?p=10008\" data-lang=\"de\" data-theme=\"colored\" data-orientation=\"horizontal\"><\/div>\n<p>Das Thema Vielfalt ist heutzutage in aller Munde. H\u00e4ufig wird es als Wundermittel f\u00fcr Fortschritt und als Grundlage f\u00fcr wahre Menschlichkeit betrachtet.<\/p>\n\n\n\n<p>Vielfalt ist auch im Glauben ein intensiv diskutiertes Thema und wird von manchen als Argument gegen vermeintlich zu strenge Glaubensrichtlinien oder Normen der eigenen Glaubensgemeinschaft verwendet.<\/p>\n\n\n\n<!--more-->\n\n\n\n<p>Katharina von Siena (1347-1380), eine Dominikanertertiarin, Kirchenlehrerin und Mitpatronin Europas, hat sich bereits zu ihrer Zeit mit dem Thema Vielfalt im Glauben und der geistlichen Berufung auseinandergesetzt und Gedanken ge\u00e4u\u00dfert, die auch f\u00fcr uns heute hilfreich sein k\u00f6nnen:<\/p>\n\n\n\n<blockquote class=\"wp-block-quote is-layout-flow wp-block-quote-is-layout-flow\">\n<p>Die h\u00f6chste G\u00fcte zeigt sich in vielf\u00e4ltigen Weisen, und Christus hat gesagt: \u201eIm Haus meines Vaters gibt es viele Wohnungen\u201c (<a href=\"https:\/\/www.bibleserver.com\/NLB\/Johannes14%2C2\" class=\"bibleserver extern\" target=\"_blank\">Joh 14,2<\/a>). Wer k\u00f6nnte die Vielfalt der Mittel, Besuche, Gaben und Gnaden Gottes beschreiben \u2013 nicht nur in den Gesch\u00f6pfen, sondern auch in einer einzigen Seele?<br \/>Denn wie die Tugenden, obwohl alle durch die Liebe gekennzeichnet, sich voneinander unterscheiden, so sind auch die Verhaltensweisen und die Werke der Diener Gottes sehr unterschiedlich; derjenige, der die Tugend der Liebe vollkommen besitzt, hat nicht auch alle anderen, sondern jeder hat eine besondere, die alle anderen \u00fcberragt. Daraus ergeben sich die Unterschiede im Leben. Derjenige, der vor allem die N\u00e4chstenliebe besitzt, findet sein ganzes Gl\u00fcck darin, sie dem N\u00e4chsten gegen\u00fcber auszu\u00fcben; derjenige, der die Demut besitzt, sucht leidenschaftlich die Einsamkeit. Der eine liebt die Gerechtigkeit, der andere die Freiheit als Frucht eines lebendigen Glaubens, der nichts zu f\u00fcrchten scheint. Einer liebt die Bu\u00dfe und gibt sich ganz der Kasteiung seines Leibes hin; der andere bem\u00fcht sich, seinen eigenen Willen durch wahren und vollkommenen Gehorsam zu unterwerfen. Die Mittel sind also unterschiedlich, obgleich alle auf dem Weg der Liebe laufen.<br \/>Die Heiligen, die sich des ewigen Lebens erfreuen, sind alle diesem Weg der Liebe gefolgt, aber auf unterschiedliche Weise; denn keiner gleicht dem anderen. Die gleichen Unterschiede gibt es auch unter den Engeln, die nicht alle gleich sind. Es geh\u00f6rt zu den Freuden der Seele im ewigen Leben, die Gr\u00f6\u00dfe Gottes in der Verschiedenheit der Auszeichnungen zu sehen, die er seinen Heiligen schenkt.<\/p>\n<cite>Brief 101 an Dom Jacques, Nr 55 (trad. Cartier, T\u00e9qui, 1976, tome 1, p. 662-663), <a href=\"http:\/\/www.evangeliumtagfuertag.org\">zitiert aus Evangelium f\u00fcr Tag<\/a><\/cite><\/blockquote>\n\n\n\n<p>Das bedeutet, dass es Vielfalt im Glauben bzw. im Glaubensleben geben darf und sogar sollte, da der Glaube ansonsten wohl auch krank machen w\u00fcrde.<\/p>\n\n\n\n<p>Jedoch ist es wichtig zu betonen, dass es um Vielfalt im Glauben geht und nicht um Vielfalt des Glaubens. Letzteres, also verschiedene Glaubenslehren, f\u00fchrt zwangsl\u00e4ufig zu Streitigkeiten und Spaltungen, w\u00e4hrend Vielfalt im Glauben die Freiheit verschiedener Glaubenswege und Umsetzungsformen schenkt.<\/p>\n","protected":false},"excerpt":{"rendered":"<p>Das Thema Vielfalt ist heutzutage in aller Munde. H\u00e4ufig wird es als Wundermittel f\u00fcr Fortschritt und als Grundlage f\u00fcr wahre Menschlichkeit betrachtet. Vielfalt ist auch im Glauben ein intensiv diskutiertes Thema und wird von manchen als Argument gegen vermeintlich zu strenge Glaubensrichtlinien oder Normen der eigenen Glaubensgemeinschaft verwendet.<\/p>\n","protected":false},"author":1,"featured_media":10010,"comment_status":"open","ping_status":"open","sticky":false,"template":"","format":"standard","meta":{"jetpack_post_was_ever_published":false,"_jetpack_newsletter_access":"","_jetpack_dont_email_post_to_subs":false,"_jetpack_newsletter_tier_id":0,"_jetpack_memberships_contains_paywalled_content":false,"_jetpack_memberships_contains_paid_content":false,"footnotes":""},"categories":[3,360,361],"tags":[],"class_list":["post-10008","post","type-post","status-publish","format-standard","has-post-thumbnail","hentry","category-christentum","category-gaben","category-vielfalt"],"jetpack_featured_media_url":"https:\/\/i0.wp.com\/www.projekt-kirche.de\/wp-content\/uploads\/2024\/04\/wp-17141133728998250494903641841476.jpg?fit=1280%2C1886&ssl=1","jetpack_shortlink":"https:\/\/wp.me\/p4Sdv6-2Bq","jetpack_sharing_enabled":true,"_links":{"self":[{"href":"https:\/\/www.projekt-kirche.de\/index.php?rest_route=\/wp\/v2\/posts\/10008","targetHints":{"allow":["GET"]}}],"collection":[{"href":"https:\/\/www.projekt-kirche.de\/index.php?rest_route=\/wp\/v2\/posts"}],"about":[{"href":"https:\/\/www.projekt-kirche.de\/index.php?rest_route=\/wp\/v2\/types\/post"}],"author":[{"embeddable":true,"href":"https:\/\/www.projekt-kirche.de\/index.php?rest_route=\/wp\/v2\/users\/1"}],"replies":[{"embeddable":true,"href":"https:\/\/www.projekt-kirche.de\/index.php?rest_route=%2Fwp%2Fv2%2Fcomments&post=10008"}],"version-history":[{"count":23,"href":"https:\/\/www.projekt-kirche.de\/index.php?rest_route=\/wp\/v2\/posts\/10008\/revisions"}],"predecessor-version":[{"id":10145,"href":"https:\/\/www.projekt-kirche.de\/index.php?rest_route=\/wp\/v2\/posts\/10008\/revisions\/10145"}],"wp:featuredmedia":[{"embeddable":true,"href":"https:\/\/www.projekt-kirche.de\/index.php?rest_route=\/wp\/v2\/media\/10010"}],"wp:attachment":[{"href":"https:\/\/www.projekt-kirche.de\/index.php?rest_route=%2Fwp%2Fv2%2Fmedia&parent=10008"}],"wp:term":[{"taxonomy":"category","embeddable":true,"href":"https:\/\/www.projekt-kirche.de\/index.php?rest_route=%2Fwp%2Fv2%2Fcategories&post=10008"},{"taxonomy":"post_tag","embeddable":true,"href":"https:\/\/www.projekt-kirche.de\/index.php?rest_route=%2Fwp%2Fv2%2Ftags&post=10008"}],"curies":[{"name":"wp","href":"https:\/\/api.w.org\/{rel}","templated":true}]}}