{"id":10040,"date":"2024-05-30T09:12:02","date_gmt":"2024-05-30T07:12:02","guid":{"rendered":"https:\/\/www.projekt-kirche.de\/?p=10040"},"modified":"2024-05-30T09:21:21","modified_gmt":"2024-05-30T07:21:21","slug":"gott-liebt-dich-2","status":"publish","type":"post","link":"https:\/\/www.projekt-kirche.de\/?p=10040","title":{"rendered":"Jesus liebt dich!"},"content":{"rendered":"<div class=\"shariff\" data-title=\"Jesus liebt dich!\" data-info-url=\"http:\/\/ct.de\/-2467514\" data-backend-url=\"https:\/\/www.projekt-kirche.de\/wp-content\/plugins\/shariff-sharing\/backend\/index.php\" data-temp=\"\/tmp\" data-ttl=\"60\" data-service=\"gftr\" data-services='[\"googleplus\",\"facebook\",\"twitter\",\"reddit\",\"info\"]' data-image=\"\" data-url=\"https:\/\/www.projekt-kirche.de\/?p=10040\" data-lang=\"de\" data-theme=\"colored\" data-orientation=\"horizontal\"><\/div>\n<p>Heute zu Fronleichnam nochmals ein Zitat von Katharina von Siena, das tiefe Wahrheiten ausspricht.<\/p>\n\n\n\n<p>Ja, Jesus, liebt dich sehr!<\/p>\n\n\n\n<p>Auch durch allen Schmerz.<\/p>\n\n\n\n<!--more-->\n\n\n\n<blockquote class=\"wp-block-quote is-layout-flow wp-block-quote-is-layout-flow\">\n<p>Erheben wir uns mit dem Feuer einer gl\u00fchenden Liebe, mit dem Hass und der tiefen Demut, die der Erkenntnis unserer Nichtigkeit entspringen, und bringen wir unsere Gebrechen vor unseren Arzt, Jesus Christus. Streckt eure Hand aus, um die bittere Arznei anzunehmen, die uns gereicht wird. Ja, die Arznei, die der Mensch erh\u00e4lt, schmeckt ihm sehr oft bitter. Das sind die Dunkelheiten, Versuchungen, Verwirrungen des Geistes oder andere, von au\u00dfen kommende Bedr\u00e4ngnisse; sie erscheinen uns zuerst sehr bitter, aber wenn wir uns wie der weise Kranke verhalten, werden sie sp\u00e4ter f\u00fcr uns von gro\u00dfer S\u00fc\u00dfe sein, indem wir die Z\u00e4rtlichkeit des sanften Jesus betrachten, der sie uns reicht, und erkennen, dass er dies nicht aus Hass, sondern aus Liebe tut, denn er kann nichts anderes wollen als unsere Heiligung.<\/p>\n<cite>Aus: Brief 97: An den Prior von Cervaia (Lettre 97 au prieur de Cervaia, n\u00b0 51&nbsp;; trad.<br \/>Cartier, T\u00e9qui, 1976, tome 1, p. 638-640; rev.); ins Dt. \u00fcbers. \u00a9&nbsp;<a href=\"http:\/\/www.evangeliumtagfuertag.org\">evangelizo<\/a>.g<\/cite><\/blockquote>\n","protected":false},"excerpt":{"rendered":"<p>Heute zu Fronleichnam nochmals ein Zitat von Katharina von Siena, das tiefe Wahrheiten ausspricht. Ja, Jesus, liebt dich sehr! Auch durch allen Schmerz.<\/p>\n","protected":false},"author":1,"featured_media":10043,"comment_status":"open","ping_status":"open","sticky":false,"template":"","format":"standard","meta":{"jetpack_post_was_ever_published":false,"_jetpack_newsletter_access":"","_jetpack_dont_email_post_to_subs":false,"_jetpack_newsletter_tier_id":0,"_jetpack_memberships_contains_paywalled_content":false,"_jetpack_memberships_contains_paid_content":false,"footnotes":""},"categories":[3,29,51,53],"tags":[],"class_list":["post-10040","post","type-post","status-publish","format-standard","has-post-thumbnail","hentry","category-christentum","category-gott","category-leid","category-liebe"],"jetpack_featured_media_url":"https:\/\/i0.wp.com\/www.projekt-kirche.de\/wp-content\/uploads\/2024\/05\/image_editor_output_image-1545293064-1717052994960.jpg?fit=436%2C405&ssl=1","jetpack_shortlink":"https:\/\/wp.me\/p4Sdv6-2BW","jetpack_sharing_enabled":true,"_links":{"self":[{"href":"https:\/\/www.projekt-kirche.de\/index.php?rest_route=\/wp\/v2\/posts\/10040","targetHints":{"allow":["GET"]}}],"collection":[{"href":"https:\/\/www.projekt-kirche.de\/index.php?rest_route=\/wp\/v2\/posts"}],"about":[{"href":"https:\/\/www.projekt-kirche.de\/index.php?rest_route=\/wp\/v2\/types\/post"}],"author":[{"embeddable":true,"href":"https:\/\/www.projekt-kirche.de\/index.php?rest_route=\/wp\/v2\/users\/1"}],"replies":[{"embeddable":true,"href":"https:\/\/www.projekt-kirche.de\/index.php?rest_route=%2Fwp%2Fv2%2Fcomments&post=10040"}],"version-history":[{"count":8,"href":"https:\/\/www.projekt-kirche.de\/index.php?rest_route=\/wp\/v2\/posts\/10040\/revisions"}],"predecessor-version":[{"id":10050,"href":"https:\/\/www.projekt-kirche.de\/index.php?rest_route=\/wp\/v2\/posts\/10040\/revisions\/10050"}],"wp:featuredmedia":[{"embeddable":true,"href":"https:\/\/www.projekt-kirche.de\/index.php?rest_route=\/wp\/v2\/media\/10043"}],"wp:attachment":[{"href":"https:\/\/www.projekt-kirche.de\/index.php?rest_route=%2Fwp%2Fv2%2Fmedia&parent=10040"}],"wp:term":[{"taxonomy":"category","embeddable":true,"href":"https:\/\/www.projekt-kirche.de\/index.php?rest_route=%2Fwp%2Fv2%2Fcategories&post=10040"},{"taxonomy":"post_tag","embeddable":true,"href":"https:\/\/www.projekt-kirche.de\/index.php?rest_route=%2Fwp%2Fv2%2Ftags&post=10040"}],"curies":[{"name":"wp","href":"https:\/\/api.w.org\/{rel}","templated":true}]}}