{"id":10056,"date":"2024-08-12T08:21:20","date_gmt":"2024-08-12T06:21:20","guid":{"rendered":"https:\/\/www.projekt-kirche.de\/?p=10056"},"modified":"2024-08-18T08:57:47","modified_gmt":"2024-08-18T06:57:47","slug":"ueber-das-martyrium","status":"publish","type":"post","link":"https:\/\/www.projekt-kirche.de\/?p=10056","title":{"rendered":"\u00dcber das Martyrium"},"content":{"rendered":"<div class=\"shariff\" data-title=\"\u00dcber das Martyrium\" data-info-url=\"http:\/\/ct.de\/-2467514\" data-backend-url=\"https:\/\/www.projekt-kirche.de\/wp-content\/plugins\/shariff-sharing\/backend\/index.php\" data-temp=\"\/tmp\" data-ttl=\"60\" data-service=\"gftr\" data-services='[\"googleplus\",\"facebook\",\"twitter\",\"reddit\",\"info\"]' data-image=\"\" data-url=\"https:\/\/www.projekt-kirche.de\/?p=10056\" data-lang=\"de\" data-theme=\"colored\" data-orientation=\"horizontal\"><\/div>\n<p>Aus der Alten Kirche gibt es beeindruckende Berichte \u00fcber den M\u00e4rtyrertod \u2013 das Leiden und Sterben f\u00fcr den christlichen Glauben.<\/p>\n\n\n\n<p>Der Kirchenvater Ambrosius (um 340-397), Bischof von Mailand und Kirchenlehrer, erz\u00e4hlt von einer besonders bewegenden Begebenheit:<\/p>\n\n\n\n<!--more-->\n\n\n\n<blockquote class=\"wp-block-quote is-layout-flow wp-block-quote-is-layout-flow\">\n<p>Als der heilige Laurentius sah, wie Bischof Sixtus zum Martyrium gef\u00fchrt wurde, brach er in Tr\u00e4nen aus, aber nicht \u00fcber dessen Leidenstod, sondern weil er selbst zur\u00fcckbleiben musste. Deshalb rief er ihm nach: \u201eWo gehst du hin, Vater, ohne deinen Sohn? Wohin eilst du, heiliger Priester, ohne deinen Diakon? Du hast doch nie das Opfer ohne den Diener gefeiert! [\u2026] Nun pr\u00fcfe doch, ob du dir einen guten Diakon erw\u00e4hlt hast! Ihm hast du das Blut des Herrn und die Teilnahme am Vollzug der Sakramente anvertraut: ihm willst du die Teilnahme an deinem Blutopfer verweigern?\u201c [\u2026]<br><br>Papst Sixtus antwortete dem Laurentius: \u201eNein, ich lasse dich nicht zur\u00fcck, mein Sohn, und verlasse dich auch nicht. Aber ich \u00fcberlasse es dir, schwerere K\u00e4mpfe zu bestehen. Ich bin alt und halte nur noch einen leichten Kampf aus. Du aber bist jung, und auf dich wartet ein viel gr\u00f6\u00dferer Triumph \u00fcber den Tyrannen. Du wirst mir bald nachfolgen. Trockne deine Tr\u00e4nen. In drei Tagen wirst du mir folgen [\u2026].\u201c<br><br>Drei Tage sp\u00e4ter wird Laurentius festgenommen. Man verlangt von ihm, die G\u00fcter und Sch\u00e4tze der Kirche herbeizuschaffen. Er verspricht zu gehorchen. Am n\u00e4chsten Tag kommt er mit einigen Armen zur\u00fcck. Auf die Frage, wo denn die Sch\u00e4tze nun seien, die er bringen sollte, zeigt er auf die Armen und sagt: \u201eDas sind die Sch\u00e4tze der Kirche. Welch bessere Sch\u00e4tze k\u00f6nnte Christus haben als die, von denen er gesagt hat: \u201aWas ihr f\u00fcr einen meiner geringsten Br\u00fcder getan habt, das habt ihr mir getan\u2018?\u201c (<a href=\"https:\/\/www.bibleserver.com\/NLB\/Matth%C3%A4us25%2C40\" class=\"bibleserver extern\" target=\"_blank\" rel=\"noopener\">Mt 25,40<\/a>). Laurentius zeigte diese Sch\u00e4tze und siegte; denn der Verfolger hatte keine Lust, sie ihm wegzunehmen. In seiner Wut freilich lie\u00df er Laurentius bei lebendigem Leibe verbrennen.<\/p>\n<\/blockquote>\n","protected":false},"excerpt":{"rendered":"<p>Aus der Alten Kirche gibt es beeindruckende Berichte \u00fcber den M\u00e4rtyrertod \u2013 das Leiden und Sterben f\u00fcr den christlichen Glauben. Der Kirchenvater Ambrosius (um 340-397), Bischof von Mailand und Kirchenlehrer, erz\u00e4hlt von einer besonders bewegenden Begebenheit:<\/p>\n","protected":false},"author":1,"featured_media":10065,"comment_status":"open","ping_status":"open","sticky":false,"template":"","format":"image","meta":{"jetpack_post_was_ever_published":false,"_jetpack_newsletter_access":"","_jetpack_dont_email_post_to_subs":false,"_jetpack_newsletter_tier_id":0,"_jetpack_memberships_contains_paywalled_content":false,"_jetpack_memberships_contains_paid_content":false,"footnotes":""},"categories":[26,51,362,60],"tags":[],"class_list":["post-10056","post","type-post","status-publish","format-image","has-post-thumbnail","hentry","category-glaube","category-leid","category-martyrium","category-nachfolge","post_format-post-format-image"],"jetpack_featured_media_url":"https:\/\/i0.wp.com\/www.projekt-kirche.de\/wp-content\/uploads\/2024\/08\/7e8b3cb3-60f7-4c75-b553-281f8294efc9-1.jpeg?fit=1024%2C1024&ssl=1","jetpack_shortlink":"https:\/\/wp.me\/p4Sdv6-2Cc","jetpack_sharing_enabled":true,"_links":{"self":[{"href":"https:\/\/www.projekt-kirche.de\/index.php?rest_route=\/wp\/v2\/posts\/10056","targetHints":{"allow":["GET"]}}],"collection":[{"href":"https:\/\/www.projekt-kirche.de\/index.php?rest_route=\/wp\/v2\/posts"}],"about":[{"href":"https:\/\/www.projekt-kirche.de\/index.php?rest_route=\/wp\/v2\/types\/post"}],"author":[{"embeddable":true,"href":"https:\/\/www.projekt-kirche.de\/index.php?rest_route=\/wp\/v2\/users\/1"}],"replies":[{"embeddable":true,"href":"https:\/\/www.projekt-kirche.de\/index.php?rest_route=%2Fwp%2Fv2%2Fcomments&post=10056"}],"version-history":[{"count":6,"href":"https:\/\/www.projekt-kirche.de\/index.php?rest_route=\/wp\/v2\/posts\/10056\/revisions"}],"predecessor-version":[{"id":10064,"href":"https:\/\/www.projekt-kirche.de\/index.php?rest_route=\/wp\/v2\/posts\/10056\/revisions\/10064"}],"wp:featuredmedia":[{"embeddable":true,"href":"https:\/\/www.projekt-kirche.de\/index.php?rest_route=\/wp\/v2\/media\/10065"}],"wp:attachment":[{"href":"https:\/\/www.projekt-kirche.de\/index.php?rest_route=%2Fwp%2Fv2%2Fmedia&parent=10056"}],"wp:term":[{"taxonomy":"category","embeddable":true,"href":"https:\/\/www.projekt-kirche.de\/index.php?rest_route=%2Fwp%2Fv2%2Fcategories&post=10056"},{"taxonomy":"post_tag","embeddable":true,"href":"https:\/\/www.projekt-kirche.de\/index.php?rest_route=%2Fwp%2Fv2%2Ftags&post=10056"}],"curies":[{"name":"wp","href":"https:\/\/api.w.org\/{rel}","templated":true}]}}