{"id":10111,"date":"2025-01-13T13:44:43","date_gmt":"2025-01-13T12:44:43","guid":{"rendered":"https:\/\/www.projekt-kirche.de\/?p=10111"},"modified":"2025-01-13T14:41:01","modified_gmt":"2025-01-13T13:41:01","slug":"die-berufung-der-ersten-juenger-markus-114-20","status":"publish","type":"post","link":"https:\/\/www.projekt-kirche.de\/?p=10111","title":{"rendered":"Die Berufung der ersten J\u00fcnger \u2013 Markus 1,14-20"},"content":{"rendered":"<div class=\"shariff\" data-title=\"Die Berufung der ersten J\u00fcnger \u2013 Markus 1,14-20\" data-info-url=\"http:\/\/ct.de\/-2467514\" data-backend-url=\"https:\/\/www.projekt-kirche.de\/wp-content\/plugins\/shariff-sharing\/backend\/index.php\" data-temp=\"\/tmp\" data-ttl=\"60\" data-service=\"gftr\" data-services='[\"googleplus\",\"facebook\",\"twitter\",\"reddit\",\"info\"]' data-image=\"\" data-url=\"https:\/\/www.projekt-kirche.de\/?p=10111\" data-lang=\"de\" data-theme=\"colored\" data-orientation=\"horizontal\"><\/div>\n<!--more-->\n\n\n\n<blockquote class=\"wp-block-quote is-layout-flow wp-block-quote-is-layout-flow\">\n<p>Nachdem Johannes der T\u00e4ufer ausgeliefert worden war, ging Jesus nach Galil\u00e4a; er verk\u00fcndete das Evangelium Gottes<br \/>und sprach: Die Zeit ist erf\u00fcllt, das Reich Gottes ist nahe. Kehrt um und glaubt an das Evangelium!<br \/>Als Jesus am See von Galil\u00e4a entlangging, sah er Simon und Andreas, den Bruder des Simon, die auf dem See ihre Netze auswarfen; sie waren n\u00e4mlich Fischer.<br \/>Da sagte er zu ihnen: Kommt her, mir nach! Ich werde euch zu Menschenfischern machen.<br \/>Und sogleich lie\u00dfen sie ihre Netze liegen und folgten ihm nach.<br \/>Als er ein St\u00fcck weiterging, sah er Jakobus, den Sohn des Zebed\u00e4us, und seinen Bruder Johannes; sie waren im Boot und richteten ihre Netze her.<br \/>Sogleich rief er sie und sie lie\u00dfen ihren Vater Zebed\u00e4us mit seinen Tagel\u00f6hnern im Boot zur\u00fcck und folgten Jesus nach.<\/p>\n<cite><a href=\"https:\/\/www.bibleserver.com\/NLB\/Markus1%2C14-20\" class=\"bibleserver extern\" target=\"_blank\">Markus 1,14-20<\/a><\/cite><\/blockquote>\n\n\n\n<p>Das heutige Evangelium erz\u00e4hlt von der Berufung der ersten J\u00fcnger am See von Galil\u00e4a. Jesus fordert Simon, Andreas, Jakobus und Johannes auf, ihm zu folgen und \u201eMenschenfischer\u201c zu werden. Diese Einladung bedeutet, alles hinter sich zu lassen und ein Leben im Dienst des Reiches Gottes zu beginnen. Es ist ein radikaler Aufbruch in ein neues Leben, der nur durch Vertrauen und Glauben m\u00f6glich wird.<\/p>\n\n\n\n<p>Dieses Wort erinnert uns daran, dass die Initiative immer von Gott ausgeht. Er ruft uns, jeden Einzelnen, um Teil seines Reiches zu werden. Es liegt an uns, diesem Ruf zu folgen und unser Leben darauf auszurichten, seine Botschaft zu verk\u00fcnden und zu leben.<\/p>\n\n\n\n<p>Augustinus, der die Berufung der J\u00fcnger auf das Wirken Gottes zur\u00fcckf\u00fchrt, schreibt dazu in seinen &#8220;Bekenntnissen&#8221;:<\/p>\n\n\n\n<blockquote class=\"wp-block-quote is-layout-flow wp-block-quote-is-layout-flow\">\n<p>Ich rufe Dich an, o mein Gott, meine Barmherzigkeit, der Du mich erschaffen hast und mich nicht vergessen hast, obwohl ich Dich vergessen habe. Ich rufe Dich in meine Seele, die Du durch die Sehnsucht, die Du selbst in ihr geweckt hast, f\u00fcr Dich vorbereitest. Verlasse mich nicht, da ich Dich jetzt anrufe \u2013 Dich, der Du mir zuvor zuvorgekommen bist, noch bevor ich Dich rief, und der mich durch viele und unterschiedliche Rufe gedr\u00e4ngt hast, Dich aus der Ferne zu h\u00f6ren, mich zu Dir umzuwenden und Dich anzurufen, der Du mir nachgerufen hast.<br \/><br \/>Denn Du, Herr, hast all meine b\u00f6sen Taten ausgel\u00f6scht, sodass Du mich nicht nach meinen eigenen Werken gerichtet hast, durch die ich von Dir abgefallen bin. Und Du hast all mein gutes Tun vorausgenommen, indem Du das Werk Deiner H\u00e4nde belohnt hast, mit denen Du mich geschaffen hast. Denn bevor ich existierte, warst Du schon; und ich war nichts, dem Du das Dasein schenken konntest. Und doch, siehe, ich bin \u2013 durch Deine G\u00fcte, die allem vorausging, was Du mich gemacht hast und woraus Du mich gemacht hast.<br \/><br \/>Du hast mich nicht gebraucht, noch bin ich ein solches Gut, dass ich Dir, mein Herr und Gott, n\u00fctzlich sein k\u00f6nnte. Ich diene Dir nicht, weil Du m\u00fcde wirst vom Schaffen oder weil Deine Macht geringer w\u00e4re ohne meinen Dienst. Auch pflege ich Dich nicht wie ein Feld, das unbebaut bliebe, wenn ich es nicht bestellen w\u00fcrde. Nein, ich diene und bete Dich an, damit ich von Dir das Wohl empfangen kann \u2013 von Dir, der mir das Dasein geschenkt hat und mich f\u00e4hig gemacht hat, dieses Wohl zu empfangen.<\/p>\n<cite><a href=\"https:\/\/www.ub.uni-freiburg.de\/fileadmin\/ub\/referate\/04\/augustinus\/bekennt1.htm#1313\">Augustinus, Confessiones 13,1<\/a><\/cite><\/blockquote>\n\n\n\n<pre class=\"wp-block-preformatted\">(Hinweis: Die Texte und das Titelbild wurden mithilfe einer KI erstellt, jedoch manuell \u00fcberpr\u00fcft und bearbeitet)<\/pre>\n","protected":false},"excerpt":{"rendered":"","protected":false},"author":1,"featured_media":10128,"comment_status":"open","ping_status":"open","sticky":false,"template":"","format":"standard","meta":{"jetpack_post_was_ever_published":false,"_jetpack_newsletter_access":"","_jetpack_dont_email_post_to_subs":false,"_jetpack_newsletter_tier_id":0,"_jetpack_memberships_contains_paywalled_content":false,"_jetpack_memberships_contains_paid_content":false,"footnotes":""},"categories":[60],"tags":[],"class_list":["post-10111","post","type-post","status-publish","format-standard","has-post-thumbnail","hentry","category-nachfolge"],"jetpack_featured_media_url":"https:\/\/i0.wp.com\/www.projekt-kirche.de\/wp-content\/uploads\/2025\/01\/file-LfNBfcqLo6RPGrW6mMvrRd-1.webp?fit=1024%2C1024&ssl=1","jetpack_shortlink":"https:\/\/wp.me\/p4Sdv6-2D5","jetpack_sharing_enabled":true,"_links":{"self":[{"href":"https:\/\/www.projekt-kirche.de\/index.php?rest_route=\/wp\/v2\/posts\/10111","targetHints":{"allow":["GET"]}}],"collection":[{"href":"https:\/\/www.projekt-kirche.de\/index.php?rest_route=\/wp\/v2\/posts"}],"about":[{"href":"https:\/\/www.projekt-kirche.de\/index.php?rest_route=\/wp\/v2\/types\/post"}],"author":[{"embeddable":true,"href":"https:\/\/www.projekt-kirche.de\/index.php?rest_route=\/wp\/v2\/users\/1"}],"replies":[{"embeddable":true,"href":"https:\/\/www.projekt-kirche.de\/index.php?rest_route=%2Fwp%2Fv2%2Fcomments&post=10111"}],"version-history":[{"count":15,"href":"https:\/\/www.projekt-kirche.de\/index.php?rest_route=\/wp\/v2\/posts\/10111\/revisions"}],"predecessor-version":[{"id":10126,"href":"https:\/\/www.projekt-kirche.de\/index.php?rest_route=\/wp\/v2\/posts\/10111\/revisions\/10126"}],"wp:featuredmedia":[{"embeddable":true,"href":"https:\/\/www.projekt-kirche.de\/index.php?rest_route=\/wp\/v2\/media\/10128"}],"wp:attachment":[{"href":"https:\/\/www.projekt-kirche.de\/index.php?rest_route=%2Fwp%2Fv2%2Fmedia&parent=10111"}],"wp:term":[{"taxonomy":"category","embeddable":true,"href":"https:\/\/www.projekt-kirche.de\/index.php?rest_route=%2Fwp%2Fv2%2Fcategories&post=10111"},{"taxonomy":"post_tag","embeddable":true,"href":"https:\/\/www.projekt-kirche.de\/index.php?rest_route=%2Fwp%2Fv2%2Ftags&post=10111"}],"curies":[{"name":"wp","href":"https:\/\/api.w.org\/{rel}","templated":true}]}}