{"id":10146,"date":"2025-01-18T08:36:24","date_gmt":"2025-01-18T07:36:24","guid":{"rendered":"https:\/\/www.projekt-kirche.de\/?p=10146"},"modified":"2025-01-18T09:10:26","modified_gmt":"2025-01-18T08:10:26","slug":"ueber-die-liebe-zu-gott-2","status":"publish","type":"post","link":"https:\/\/www.projekt-kirche.de\/?p=10146","title":{"rendered":"\u00dcber die Liebe zu Gott"},"content":{"rendered":"<div class=\"shariff\" data-title=\"\u00dcber die Liebe zu Gott\" data-info-url=\"http:\/\/ct.de\/-2467514\" data-backend-url=\"https:\/\/www.projekt-kirche.de\/wp-content\/plugins\/shariff-sharing\/backend\/index.php\" data-temp=\"\/tmp\" data-ttl=\"60\" data-service=\"gftr\" data-services='[\"googleplus\",\"facebook\",\"twitter\",\"reddit\",\"info\"]' data-image=\"\" data-url=\"https:\/\/www.projekt-kirche.de\/?p=10146\" data-lang=\"de\" data-theme=\"colored\" data-orientation=\"horizontal\"><\/div>\n<p>Heute habe ich<strong> <\/strong>folgendem Ausschnitt aus den Bekenntnissen des Augustinus (354-430), Bischof von Hippo (Nordafrika) und Kirchenlehrer, gelesen und bin ganz ergriffen von seiner tiefen und innigen Liebe zu Gott.<\/p>\n\n\n\n<p>Aber seht selbst:<\/p>\n\n\n\n<!--more-->\n\n\n\n<blockquote class=\"wp-block-quote is-layout-flow wp-block-quote-is-layout-flow\">\n<p>Sp\u00e4t habe ich dich geliebt, o Sch\u00f6nheit, so alt und doch immer neu, sp\u00e4t habe ich dich geliebt. Und siehe, du warst in meinem Innern und ich drau\u00dfen; und drau\u00dfen suchte ich dich und st\u00fcrzte mich in meiner H\u00e4\u00dflichkeit auf die sch\u00f6nen Gebilde, die du geschaffen. Du warst bei mir, aber ich nicht bei dir. Weit weg von dir zog mich, was doch keinen Bestand h\u00e4tte, wenn es nicht in dir w\u00e4re. Du hast mich laut gerufen und meine Taubheit zerrissen; du hast geblitzt und geleuchtet und meine Blindheit verscheucht. Du hast mir s\u00fc\u00dfen Duft zugeweht; ich habe ihn eingesogen, und nun seufze ich nach dir. Ich habe dich geschmeckt, und nun hungere und d\u00fcrste ich nach dir. Du hast mich ber\u00fchrt, und ich bin entbrannt in deinem Frieden.<br \/><br \/>Wenn ich erst einmal dir ganz anhangen werde mit meinem ganzen Ich, dann wird mich kein Schmerz, keine M\u00fchsal mehr bedr\u00fccken, und mein Leben, ganz von dir erf\u00fcllt, wird erst dann wahres Leben sein. Da du aber nur den, welchen du erf\u00fcllst, aufrichtest, bin ich mir vorl\u00e4ufig noch zur Last, da ich deiner noch nicht voll bin. Noch streiten in mir beweinenswerte Freuden mit erfreulicher Trauer, und ich wei\u00df nicht, auf welcher Seite der Sieg sein wird. Wehe mir, Herr, erbarme dich meiner! Es streiten ferner in mir \u00fcble K\u00fcmmernisse mit guten Freuden, und ich wei\u00df nicht, auf welcher Seite der Sieg sein wird. Wehe mir, Herr, erbarme dich meiner! Wehe mir! Sieh, meine Wunden verberge ich nicht vor dir; du bist der Arzt, ich bin krank; du bist barmherzig, ich erbarmungsw\u00fcrdig.<\/p>\n<cite><br \/><a href=\"https:\/\/bkv.unifr.ch\/de\/works\/cpl-251\/versions\/aug-conf-bkv\/divisions\/172\">Bekenntnisse, Buch X, 27\u201328 (Bibliothek der Kirchenv\u00e4ter, M\u00fcnchen 1914)<\/a><\/cite><\/blockquote>\n\n\n\n<pre class=\"wp-block-preformatted\">Grafik: Feniqo<\/pre>\n","protected":false},"excerpt":{"rendered":"<p>Heute habe ich folgendem Ausschnitt aus den Bekenntnissen des Augustinus (354-430), Bischof von Hippo (Nordafrika) und Kirchenlehrer, gelesen und bin ganz ergriffen von seiner tiefen und innigen Liebe zu Gott. Aber seht selbst:<\/p>\n","protected":false},"author":1,"featured_media":10151,"comment_status":"open","ping_status":"open","sticky":false,"template":"","format":"standard","meta":{"jetpack_post_was_ever_published":false,"_jetpack_newsletter_access":"","_jetpack_dont_email_post_to_subs":false,"_jetpack_newsletter_tier_id":0,"_jetpack_memberships_contains_paywalled_content":false,"_jetpack_memberships_contains_paid_content":false,"footnotes":""},"categories":[29,53],"tags":[121],"class_list":["post-10146","post","type-post","status-publish","format-standard","has-post-thumbnail","hentry","category-gott","category-liebe","tag-augustinus"],"jetpack_featured_media_url":"https:\/\/i0.wp.com\/www.projekt-kirche.de\/wp-content\/uploads\/2025\/01\/image_editor_output_image1598104735-1737187505730.png?fit=3939%2C3272&ssl=1","jetpack_shortlink":"https:\/\/wp.me\/p4Sdv6-2DE","jetpack_sharing_enabled":true,"_links":{"self":[{"href":"https:\/\/www.projekt-kirche.de\/index.php?rest_route=\/wp\/v2\/posts\/10146","targetHints":{"allow":["GET"]}}],"collection":[{"href":"https:\/\/www.projekt-kirche.de\/index.php?rest_route=\/wp\/v2\/posts"}],"about":[{"href":"https:\/\/www.projekt-kirche.de\/index.php?rest_route=\/wp\/v2\/types\/post"}],"author":[{"embeddable":true,"href":"https:\/\/www.projekt-kirche.de\/index.php?rest_route=\/wp\/v2\/users\/1"}],"replies":[{"embeddable":true,"href":"https:\/\/www.projekt-kirche.de\/index.php?rest_route=%2Fwp%2Fv2%2Fcomments&post=10146"}],"version-history":[{"count":5,"href":"https:\/\/www.projekt-kirche.de\/index.php?rest_route=\/wp\/v2\/posts\/10146\/revisions"}],"predecessor-version":[{"id":10153,"href":"https:\/\/www.projekt-kirche.de\/index.php?rest_route=\/wp\/v2\/posts\/10146\/revisions\/10153"}],"wp:featuredmedia":[{"embeddable":true,"href":"https:\/\/www.projekt-kirche.de\/index.php?rest_route=\/wp\/v2\/media\/10151"}],"wp:attachment":[{"href":"https:\/\/www.projekt-kirche.de\/index.php?rest_route=%2Fwp%2Fv2%2Fmedia&parent=10146"}],"wp:term":[{"taxonomy":"category","embeddable":true,"href":"https:\/\/www.projekt-kirche.de\/index.php?rest_route=%2Fwp%2Fv2%2Fcategories&post=10146"},{"taxonomy":"post_tag","embeddable":true,"href":"https:\/\/www.projekt-kirche.de\/index.php?rest_route=%2Fwp%2Fv2%2Ftags&post=10146"}],"curies":[{"name":"wp","href":"https:\/\/api.w.org\/{rel}","templated":true}]}}