{"id":10179,"date":"2025-01-27T09:32:10","date_gmt":"2025-01-27T08:32:10","guid":{"rendered":"https:\/\/www.projekt-kirche.de\/?p=10179"},"modified":"2025-01-27T09:32:40","modified_gmt":"2025-01-27T08:32:40","slug":"was-ist-die-suende-gegen-den-heiligen-geist","status":"publish","type":"post","link":"https:\/\/www.projekt-kirche.de\/?p=10179","title":{"rendered":"Was ist die S\u00fcnde gegen den Heiligen Geist?"},"content":{"rendered":"<div class=\"shariff\" data-title=\"Was ist die S\u00fcnde gegen den Heiligen Geist?\" data-info-url=\"http:\/\/ct.de\/-2467514\" data-backend-url=\"https:\/\/www.projekt-kirche.de\/wp-content\/plugins\/shariff-sharing\/backend\/index.php\" data-temp=\"\/tmp\" data-ttl=\"60\" data-service=\"gftr\" data-services='[\"googleplus\",\"facebook\",\"twitter\",\"reddit\",\"info\"]' data-image=\"\" data-url=\"https:\/\/www.projekt-kirche.de\/?p=10179\" data-lang=\"de\" data-theme=\"colored\" data-orientation=\"horizontal\"><\/div>\n<p>Die Aussage \u00fcber die <strong>S\u00fcnde gegen den Heiligen Geist<\/strong> geh\u00f6rt zu den schwierigeren und oft missverstandenen Textstellen im Neuen Testament. Jesus sagt, dass <strong>alle S\u00fcnden vergeben werden k\u00f6nnen<\/strong>, <strong>au\u00dfer die L\u00e4sterung gegen den Heiligen Geist<\/strong> (<a href=\"https:\/\/www.bibleserver.com\/NLB\/Markus3%2C28-29\" class=\"bibleserver extern\" target=\"_blank\">Mk 3,28-29<\/a>). Diese S\u00fcnde werde &#8220;in Ewigkeit nicht vergeben&#8221;. Hier ist, was das bedeutet:<\/p>\n\n\n\n<!--more-->\n\n\n\n<hr class=\"wp-block-separator has-alpha-channel-opacity\"\/>\n\n\n\n<h3 class=\"wp-block-heading\">1. <strong>Was ist der Heilige Geist?<\/strong><\/h3>\n\n\n\n<p>Der Heilige Geist ist die dritte Person der Dreifaltigkeit und steht in der Bibel f\u00fcr die Gegenwart und das Wirken Gottes in der Welt. Der Geist wirkt durch:<\/p>\n\n\n\n<ul class=\"wp-block-list\">\n<li>Wahrheit (<a href=\"https:\/\/www.bibleserver.com\/NLB\/Johannes16%2C13\" class=\"bibleserver extern\" target=\"_blank\">Joh 16,13<\/a>: \u201eDer Geist der Wahrheit\u201c),<\/li>\n\n\n\n<li>Gnade (<a href=\"https:\/\/www.bibleserver.com\/NLB\/R%C3%B6mer5%2C5\" class=\"bibleserver extern\" target=\"_blank\">R\u00f6m 5,5<\/a>: Die Liebe Gottes ist ausgegossen in unsere Herzen durch den Heiligen Geist),<\/li>\n\n\n\n<li>und die \u00dcberf\u00fchrung von S\u00fcnde (<a href=\"https:\/\/www.bibleserver.com\/NLB\/Johannes16%2C8\" class=\"bibleserver extern\" target=\"_blank\">Joh 16,8<\/a>).<\/li>\n<\/ul>\n\n\n\n<p>Das Wirken des Heiligen Geistes ist zentral, um Gott zu erkennen und sich von ihm zur Umkehr und Vergebung f\u00fchren zu lassen.<\/p>\n\n\n\n<hr class=\"wp-block-separator has-alpha-channel-opacity\"\/>\n\n\n\n<h3 class=\"wp-block-heading\">2. <strong>Die S\u00fcnde gegen den Heiligen Geist<\/strong><\/h3>\n\n\n\n<p>Die S\u00fcnde gegen den Heiligen Geist besteht darin, <strong>bewusst und dauerhaft das Wirken Gottes zu leugnen<\/strong>, selbst wenn es klar erkennbar ist. Diese S\u00fcnde ist nicht eine \u201eeinzelne Tat\u201c oder ein zuf\u00e4lliges Wort, sondern eine <strong>verh\u00e4rtete Haltung<\/strong> des Herzens.<\/p>\n\n\n\n<p>Im Kontext von <a href=\"https:\/\/www.bibleserver.com\/NLB\/Markus3\" class=\"bibleserver extern\" target=\"_blank\">Markus 3<\/a>:<\/p>\n\n\n\n<ul class=\"wp-block-list\">\n<li>Die Schriftgelehrten sehen die Wunder Jesu, die eindeutig das Wirken Gottes zeigen.<\/li>\n\n\n\n<li>Trotzdem behaupten sie, er handele durch Beelzebul (den Teufel). Sie verdrehen absichtlich das Gute zu B\u00f6sem und das G\u00f6ttliche zu D\u00e4monischem.<\/li>\n\n\n\n<li>Das ist eine absichtliche und hartn\u00e4ckige Ablehnung der Wahrheit, selbst angesichts klarer Beweise.<\/li>\n<\/ul>\n\n\n\n<hr class=\"wp-block-separator has-alpha-channel-opacity\"\/>\n\n\n\n<h3 class=\"wp-block-heading\">3. <strong>Warum kann diese S\u00fcnde nicht vergeben werden?<\/strong><\/h3>\n\n\n\n<p>Die Vergebung ist ein Geschenk Gottes, das jeder erh\u00e4lt, der es annimmt. Aber:<\/p>\n\n\n\n<ul class=\"wp-block-list\">\n<li>Wer das Wirken des Heiligen Geistes bewusst und dauerhaft ablehnt, verschlie\u00dft sich der Gnade Gottes und stellt sich gegen die M\u00f6glichkeit der Umkehr.<\/li>\n\n\n\n<li>Die \u201eUnvergebbarkeit\u201c der S\u00fcnde liegt nicht an Gottes mangelnder Barmherzigkeit, sondern daran, dass der Mensch sich selbst von Gottes Vergebung abschneidet.<\/li>\n<\/ul>\n\n\n\n<p>Ein Vergleich:<\/p>\n\n\n\n<ul class=\"wp-block-list\">\n<li>Vergebung ist wie ein Licht, das Gott jedem schenkt. Wer jedoch die Augen bewusst verschlie\u00dft, wird das Licht nicht sehen k\u00f6nnen \u2013 nicht weil das Licht fehlt, sondern weil er sich weigert, es zuzulassen.<\/li>\n<\/ul>\n\n\n\n<hr class=\"wp-block-separator has-alpha-channel-opacity\"\/>\n\n\n\n<h3 class=\"wp-block-heading\">4. <strong>Was ist die Botschaft f\u00fcr uns?<\/strong><\/h3>\n\n\n\n<ul class=\"wp-block-list\">\n<li>Diese Stelle ist eine ernste Warnung, aber keine Verurteilung. Sie ruft dazu auf, <strong>offen f\u00fcr die Wahrheit zu bleiben<\/strong>, Gott nicht zu leugnen und seine Gnade nicht abzulehnen.<\/li>\n\n\n\n<li>Sie zeigt auch, wie gef\u00e4hrlich es ist, das Wirken Gottes in der Welt (z. B. Wunder oder gute Werke) absichtlich zu verdrehen und als schlecht darzustellen.<\/li>\n\n\n\n<li>Sie soll die Leser motivieren, ein dem\u00fctiges Herz zu bewahren, das bereit ist, Gottes Handeln zu erkennen und anzunehmen.<\/li>\n<\/ul>\n\n\n\n<hr class=\"wp-block-separator has-alpha-channel-opacity\"\/>\n\n\n\n<h3 class=\"wp-block-heading\">Fazit<\/h3>\n\n\n\n<p>Die S\u00fcnde gegen den Heiligen Geist ist eine andauernde und bewusste Verweigerung, sich von Gott und seiner Wahrheit ber\u00fchren zu lassen. Wer aber Gott sucht, auch wenn er zweifelt oder Fehler macht, hat diese S\u00fcnde <strong>nicht<\/strong> begangen. Die Vergebung steht allen offen, die sich daf\u00fcr \u00f6ffnen.<\/p>\n\n\n\n<pre class=\"wp-block-preformatted\">(Der Text und die Grafik wurden mithilfe einer KI erstellt, jedoch manuell \u00fcberpr\u00fcft und bearbeitet.) <\/pre>\n","protected":false},"excerpt":{"rendered":"<p>Die Aussage \u00fcber die S\u00fcnde gegen den Heiligen Geist geh\u00f6rt zu den schwierigeren und oft missverstandenen Textstellen im Neuen Testament. Jesus sagt, dass alle S\u00fcnden vergeben werden k\u00f6nnen, au\u00dfer die L\u00e4sterung gegen den Heiligen Geist (Mk 3,28-29). Diese S\u00fcnde werde &#8220;in Ewigkeit nicht vergeben&#8221;. Hier ist, was das bedeutet:<\/p>\n","protected":false},"author":1,"featured_media":10178,"comment_status":"open","ping_status":"open","sticky":false,"template":"","format":"standard","meta":{"jetpack_post_was_ever_published":false,"_jetpack_newsletter_access":"","_jetpack_dont_email_post_to_subs":false,"_jetpack_newsletter_tier_id":0,"_jetpack_memberships_contains_paywalled_content":false,"_jetpack_memberships_contains_paid_content":false,"footnotes":""},"categories":[2],"tags":[],"class_list":["post-10179","post","type-post","status-publish","format-standard","has-post-thumbnail","hentry","category-allgemein"],"jetpack_featured_media_url":"https:\/\/i0.wp.com\/www.projekt-kirche.de\/wp-content\/uploads\/2025\/01\/file-ThCh4pwSSmcbsSDQtecciV.webp?fit=1024%2C1024&ssl=1","jetpack_shortlink":"https:\/\/wp.me\/p4Sdv6-2Eb","jetpack_sharing_enabled":true,"_links":{"self":[{"href":"https:\/\/www.projekt-kirche.de\/index.php?rest_route=\/wp\/v2\/posts\/10179","targetHints":{"allow":["GET"]}}],"collection":[{"href":"https:\/\/www.projekt-kirche.de\/index.php?rest_route=\/wp\/v2\/posts"}],"about":[{"href":"https:\/\/www.projekt-kirche.de\/index.php?rest_route=\/wp\/v2\/types\/post"}],"author":[{"embeddable":true,"href":"https:\/\/www.projekt-kirche.de\/index.php?rest_route=\/wp\/v2\/users\/1"}],"replies":[{"embeddable":true,"href":"https:\/\/www.projekt-kirche.de\/index.php?rest_route=%2Fwp%2Fv2%2Fcomments&post=10179"}],"version-history":[{"count":3,"href":"https:\/\/www.projekt-kirche.de\/index.php?rest_route=\/wp\/v2\/posts\/10179\/revisions"}],"predecessor-version":[{"id":10182,"href":"https:\/\/www.projekt-kirche.de\/index.php?rest_route=\/wp\/v2\/posts\/10179\/revisions\/10182"}],"wp:featuredmedia":[{"embeddable":true,"href":"https:\/\/www.projekt-kirche.de\/index.php?rest_route=\/wp\/v2\/media\/10178"}],"wp:attachment":[{"href":"https:\/\/www.projekt-kirche.de\/index.php?rest_route=%2Fwp%2Fv2%2Fmedia&parent=10179"}],"wp:term":[{"taxonomy":"category","embeddable":true,"href":"https:\/\/www.projekt-kirche.de\/index.php?rest_route=%2Fwp%2Fv2%2Fcategories&post=10179"},{"taxonomy":"post_tag","embeddable":true,"href":"https:\/\/www.projekt-kirche.de\/index.php?rest_route=%2Fwp%2Fv2%2Ftags&post=10179"}],"curies":[{"name":"wp","href":"https:\/\/api.w.org\/{rel}","templated":true}]}}