{"id":10183,"date":"2025-01-31T08:55:15","date_gmt":"2025-01-31T07:55:15","guid":{"rendered":"https:\/\/www.projekt-kirche.de\/?p=10183"},"modified":"2025-01-31T09:00:21","modified_gmt":"2025-01-31T08:00:21","slug":"dienen-statt-herrschen","status":"publish","type":"post","link":"https:\/\/www.projekt-kirche.de\/?p=10183","title":{"rendered":"Dienen statt Herrschen"},"content":{"rendered":"<div class=\"shariff\" data-title=\"Dienen statt Herrschen\" data-info-url=\"http:\/\/ct.de\/-2467514\" data-backend-url=\"https:\/\/www.projekt-kirche.de\/wp-content\/plugins\/shariff-sharing\/backend\/index.php\" data-temp=\"\/tmp\" data-ttl=\"60\" data-service=\"gftr\" data-services='[\"googleplus\",\"facebook\",\"twitter\",\"reddit\",\"info\"]' data-image=\"\" data-url=\"https:\/\/www.projekt-kirche.de\/?p=10183\" data-lang=\"de\" data-theme=\"colored\" data-orientation=\"horizontal\"><\/div>\n<p>In einer Zeit, in der F\u00fchrung oft mit Machtaus\u00fcbung und \u00dcberlegenheit gleichgesetzt wird, erinnert uns der Priester und Ordensgr\u00fcnder Vinzenz von Paul (1581-1660) an das wahre Vorbild christlicher Autorit\u00e4t: Jesus Christus selbst. <\/p>\n\n\n\n<!--more-->\n\n\n\n<p>Er kam nicht, um sich dienen zu lassen, sondern um zu dienen. Wer lehrt, wer f\u00fchrt, wer Verantwortung tr\u00e4gt, soll nicht seine eigene Gr\u00f6\u00dfe hervorheben, sondern dem\u00fctig das Evangelium verk\u00fcnden \u2013 verst\u00e4ndlich, klar und in Abh\u00e4ngigkeit von Christus. Mit diesen Worten gibt Vinzenz von Paul eine tiefgehende Anleitung f\u00fcr alle, die im Geist des Herrn wirken wollen.<\/p>\n\n\n\n<blockquote class=\"wp-block-quote is-layout-flow wp-block-quote-is-layout-flow\">\n<p>Geben Sie nicht dem heftigen Bed\u00fcrfnis nach, als der \u00dcberlegene oder als der Meister aufzutreten. Ich teile keineswegs die Ansicht einer Person, die mir dieser Tage sagte, man m\u00fcsse, wolle man die F\u00fchrung in rechter Weise aus\u00fcben oder seine Autorit\u00e4t wahren, die eigene \u00dcberlegenheit zu erkennen geben. O mein Gott! Derlei hat unser Herr Jesus Christus nicht gesagt. Mit seinem Wort und Beispiel hat er uns genau das Gegenteil gelehrt: n\u00e4mlich, dass er nicht gekommen sei, um sich dienen zu lassen, sondern um anderen zu dienen, und wer der Erste sein will, solle der Sklave aller sein (vgl. <a href=\"https:\/\/www.bibleserver.com\/NLB\/Markus10%2C44-45\" class=\"bibleserver extern\" target=\"_blank\">Mk 10,44-45<\/a>).<br \/>Geben Sie sich darum ganz Gott anheim, um im dem\u00fctigen Geist Jesu Christi sprechen zu k\u00f6nnen, und bekennen Sie, dass das, was Sie lehren, nicht Ihre eigene Lehre ist, sondern die Lehre des Evangeliums. Ahmen Sie vor allem die Schlichtheit der Worte und Gleichnisse nach, derer sich unser Herr in der Heiligen Schrift bedient, wenn er zum Volk spricht. Ach ja! Welch wunderbare Dinge h\u00e4tte er doch das Volk lehren k\u00f6nnen! Welche Geheimnisse der Gottheit und welch wunderbare Vollkommenheiten seiner Person h\u00e4tte er doch enth\u00fcllen k\u00f6nnen, er, die ewige Weisheit seines Vaters! Und doch k\u00f6nnen Sie feststellen, wie verst\u00e4ndlich er redet und wie er sich gel\u00e4ufiger Vergleiche bedient; da ist die Rede von einem Pfl\u00fcger, einem Winzer, von einem Acker, einem Weinstock, einem Senfkorn. In dieser Weise m\u00fcssen Sie reden, wenn Sie sich dem Volk, dem Sie das Wort Gottes verk\u00fcnden, verst\u00e4ndlich machen wollen.<br \/>Noch etwas m\u00fcssen Sie beachten: Machen Sie sich ganz abh\u00e4ngig von dem Verhalten des Sohnes Gottes. Ich meine, dass Sie, wenn Sie handeln m\u00fcssen, folgende \u00dcberlegungen anstellen sollten: \u201eIst das vereinbar mit den Grunds\u00e4tzen des Sohnes Gottes?\u201c Wenn ja, dann sagen Sie: \u201eWohlan, machen wir uns an die Arbeit!\u201c Andernfalls sagen Sie: \u201eDa halte ich mich heraus.\u201c Und wenn es darum geht, ob Sie ein gutes Werk tun sollen, dann fragen Sie den Sohn Gottes: \u201eHerr, wenn du an meiner Stelle w\u00e4rest, wie w\u00fcrdest du in diesem Fall handeln? Wie w\u00fcrdest du dieses Volk belehren? Wie w\u00fcrdest du diesen seelisch oder k\u00f6rperlich kranken Menschen tr\u00f6sten?\u201c [\u2026] Wir wollen danach trachten, dass Jesus Christus in uns herrscht.<\/p>\n<cite>Vinzenz von Paul in Gespr\u00e4che; Empfehlung an A. Durand (ins Dt. \u00fcbers. \u00a9\u00a0<a href=\"http:\/\/www.evangeliumtagfuertag.org\">evangelizo<\/a>)<\/cite><\/blockquote>\n\n\n\n<pre class=\"wp-block-preformatted\">(Der Text und die Grafik wurden mithilfe einer KI erstellt, jedoch manuell \u00fcberpr\u00fcft und bearbeitet.)<\/pre>\n","protected":false},"excerpt":{"rendered":"<p>In einer Zeit, in der F\u00fchrung oft mit Machtaus\u00fcbung und \u00dcberlegenheit gleichgesetzt wird, erinnert uns der Priester und Ordensgr\u00fcnder Vinzenz von Paul (1581-1660) an das wahre Vorbild christlicher Autorit\u00e4t: Jesus Christus selbst.<\/p>\n","protected":false},"author":1,"featured_media":10191,"comment_status":"open","ping_status":"open","sticky":false,"template":"","format":"standard","meta":{"jetpack_post_was_ever_published":false,"_jetpack_newsletter_access":"","_jetpack_dont_email_post_to_subs":false,"_jetpack_newsletter_tier_id":0,"_jetpack_memberships_contains_paywalled_content":false,"_jetpack_memberships_contains_paid_content":false,"footnotes":""},"categories":[52],"tags":[],"class_list":["post-10183","post","type-post","status-publish","format-standard","has-post-thumbnail","hentry","category-leitung"],"jetpack_featured_media_url":"https:\/\/i0.wp.com\/www.projekt-kirche.de\/wp-content\/uploads\/2025\/01\/image_editor_output_image1944669805-1738310266324.jpg?fit=1389%2C985&ssl=1","jetpack_shortlink":"https:\/\/wp.me\/p4Sdv6-2Ef","jetpack_sharing_enabled":true,"_links":{"self":[{"href":"https:\/\/www.projekt-kirche.de\/index.php?rest_route=\/wp\/v2\/posts\/10183","targetHints":{"allow":["GET"]}}],"collection":[{"href":"https:\/\/www.projekt-kirche.de\/index.php?rest_route=\/wp\/v2\/posts"}],"about":[{"href":"https:\/\/www.projekt-kirche.de\/index.php?rest_route=\/wp\/v2\/types\/post"}],"author":[{"embeddable":true,"href":"https:\/\/www.projekt-kirche.de\/index.php?rest_route=\/wp\/v2\/users\/1"}],"replies":[{"embeddable":true,"href":"https:\/\/www.projekt-kirche.de\/index.php?rest_route=%2Fwp%2Fv2%2Fcomments&post=10183"}],"version-history":[{"count":6,"href":"https:\/\/www.projekt-kirche.de\/index.php?rest_route=\/wp\/v2\/posts\/10183\/revisions"}],"predecessor-version":[{"id":10192,"href":"https:\/\/www.projekt-kirche.de\/index.php?rest_route=\/wp\/v2\/posts\/10183\/revisions\/10192"}],"wp:featuredmedia":[{"embeddable":true,"href":"https:\/\/www.projekt-kirche.de\/index.php?rest_route=\/wp\/v2\/media\/10191"}],"wp:attachment":[{"href":"https:\/\/www.projekt-kirche.de\/index.php?rest_route=%2Fwp%2Fv2%2Fmedia&parent=10183"}],"wp:term":[{"taxonomy":"category","embeddable":true,"href":"https:\/\/www.projekt-kirche.de\/index.php?rest_route=%2Fwp%2Fv2%2Fcategories&post=10183"},{"taxonomy":"post_tag","embeddable":true,"href":"https:\/\/www.projekt-kirche.de\/index.php?rest_route=%2Fwp%2Fv2%2Ftags&post=10183"}],"curies":[{"name":"wp","href":"https:\/\/api.w.org\/{rel}","templated":true}]}}