{"id":10203,"date":"2025-02-03T10:12:50","date_gmt":"2025-02-03T09:12:50","guid":{"rendered":"https:\/\/www.projekt-kirche.de\/?p=10203"},"modified":"2025-02-03T10:14:34","modified_gmt":"2025-02-03T09:14:34","slug":"jesus-und-seine-uebernatuerliche-befreiende-kraft","status":"publish","type":"post","link":"https:\/\/www.projekt-kirche.de\/?p=10203","title":{"rendered":"Jesus und seine \u00fcbernat\u00fcrliche befreiende Kraft"},"content":{"rendered":"<div class=\"shariff\" data-title=\"Jesus und seine \u00fcbernat\u00fcrliche befreiende Kraft\" data-info-url=\"http:\/\/ct.de\/-2467514\" data-backend-url=\"https:\/\/www.projekt-kirche.de\/wp-content\/plugins\/shariff-sharing\/backend\/index.php\" data-temp=\"\/tmp\" data-ttl=\"60\" data-service=\"gftr\" data-services='[\"googleplus\",\"facebook\",\"twitter\",\"reddit\",\"info\"]' data-image=\"\" data-url=\"https:\/\/www.projekt-kirche.de\/?p=10203\" data-lang=\"de\" data-theme=\"colored\" data-orientation=\"horizontal\"><\/div>\n<p>Die Begegnung Jesu mit dem Besessenen von Gerasa ist eine der eindrucksvollsten Heilungserz\u00e4hlungen im Neuen Testament. Sie zeigt nicht nur Jesu Macht \u00fcber die D\u00e4monen, sondern auch die befreiende Kraft seines Wortes.<\/p>\n\n\n\n<!--more-->\n\n\n\n<p>Der Mann, der in v\u00f6lliger Verlorenheit lebte, von den Menschen ausgesto\u00dfen und von zerst\u00f6rerischen M\u00e4chten beherrscht, findet durch Christus Heilung, W\u00fcrde und einen neuen Lebenssinn.<\/p>\n\n\n\n<p>Doch die Reaktion der Menschen ist ambivalent: W\u00e4hrend der Geheilte sein neues Leben verk\u00fcndet, f\u00fcrchten sich die anderen vor der g\u00f6ttlichen Macht, die sich in Jesus offenbart.<\/p>\n\n\n\n<p>Dieses Evangelium stellt uns vor die Frage: Wie begegnen wir der befreienden Gegenwart Christi \u2013 mit offenem Herzen oder mit Angst und Ablehnung?<\/p>\n\n\n\n<blockquote class=\"wp-block-quote is-layout-flow wp-block-quote-is-layout-flow\">\n<p>In jener Zeit kamen Jesus und seine J\u00fcnger an das andere Ufer des Sees, in das Gebiet von Gerasa.<br \/>Als er aus dem Boot stieg, lief ihm sogleich von den Gr\u00e4bern ein Mensch entgegen, der von einem unreinen Geist besessen war.<br \/>Er hauste in den Grabst\u00e4tten. Nicht einmal mit einer Kette konnte man ihn b\u00e4ndigen.<br \/>Schon oft hatte man ihn mit Fu\u00dffesseln und Ketten gebunden, aber er hatte die Ketten zerrissen und die Fu\u00dffesseln durchgescheuert; niemand konnte ihn bezwingen.<br \/>Bei Tag und Nacht schrie er unaufh\u00f6rlich in den Grabst\u00e4tten und auf den Bergen und schlug sich mit Steinen.<br \/>Als er Jesus von Weitem sah, lief er zu ihm hin, warf sich vor ihm nieder<br \/>und schrie laut: Was habe ich mit dir zu tun, Jesus, Sohn des h\u00f6chsten Gottes? Ich beschw\u00f6re dich bei Gott, qu\u00e4le mich nicht!<br \/>Jesus hatte n\u00e4mlich zu ihm gesagt: Verlass diesen Menschen, du unreiner Geist!<br \/>Jesus fragte ihn: Wie hei\u00dft du? Er antwortete: Mein Name ist Legion; denn wir sind viele.<br \/>Und er flehte Jesus an, sie nicht aus diesem Gebiet fortzuschicken.<br \/>Nun weidete dort an einem Berghang gerade eine gro\u00dfe Schweineherde.<br \/>Da baten ihn die D\u00e4monen: Schick uns in die Schweine!<br \/>Jesus erlaubte es ihnen. Darauf verlie\u00dfen die unreinen Geister den Menschen und fuhren in die Schweine und die Herde st\u00fcrmte den Abhang hinab in den See. Es waren etwa zweitausend Tiere und alle ertranken.<br \/>Die Hirten flohen und erz\u00e4hlten es in der Stadt und in den D\u00f6rfern. Darauf eilten die Leute herbei, um zu sehen, was geschehen war.<br \/>Sie kamen zu Jesus und sahen bei ihm den Mann, der von der Legion D\u00e4monen besessen gewesen war, bekleidet und bei Verstand. Da f\u00fcrchteten sie sich.<br \/>Die es gesehen hatten, berichteten ihnen, wie es mit dem Besessenen und den Schweinen geschehen war.<br \/>Darauf baten die Leute Jesus, ihr Gebiet zu verlassen.<br \/>Als er ins Boot stieg, bat ihn der Mann, der zuvor von den D\u00e4monen besessen war, dass er bei ihm sein d\u00fcrfe.<br \/>Aber Jesus erlaubte es ihm nicht, sondern sagte: Geh nach Hause und berichte deiner Familie alles, was der Herr f\u00fcr dich getan und wie er Erbarmen mit dir gehabt hat!<br \/>Da ging der Mann weg und verk\u00fcndete in der ganzen Dekapolis, was Jesus f\u00fcr ihn getan hatte, und alle staunten.<\/p>\n<cite><code><a href=\"https:\/\/www.bibleserver.com\/NLB\/Markus5%2C1-20\" class=\"bibleserver extern\" target=\"_blank\">Markus 5,1-20<\/a><\/code><\/cite><\/blockquote>\n\n\n\n<pre class=\"wp-block-preformatted\">(Der Text und die Grafik wurden mithilfe einer KI erstellt, jedoch manuell \u00fcberpr\u00fcft und bearbeitet.)<\/pre>\n","protected":false},"excerpt":{"rendered":"<p>Die Begegnung Jesu mit dem Besessenen von Gerasa ist eine der eindrucksvollsten Heilungserz\u00e4hlungen im Neuen Testament. Sie zeigt nicht nur Jesu Macht \u00fcber die D\u00e4monen, sondern auch die befreiende Kraft seines Wortes.<\/p>\n","protected":false},"author":1,"featured_media":10202,"comment_status":"open","ping_status":"open","sticky":false,"template":"","format":"standard","meta":{"jetpack_post_was_ever_published":false,"_jetpack_newsletter_access":"","_jetpack_dont_email_post_to_subs":false,"_jetpack_newsletter_tier_id":0,"_jetpack_memberships_contains_paywalled_content":false,"_jetpack_memberships_contains_paid_content":false,"footnotes":""},"categories":[3,38,92],"tags":[],"class_list":["post-10203","post","type-post","status-publish","format-standard","has-post-thumbnail","hentry","category-christentum","category-jesus","category-wunder-christentum"],"jetpack_featured_media_url":"https:\/\/i0.wp.com\/www.projekt-kirche.de\/wp-content\/uploads\/2025\/02\/file-7oTJZBfxudDb2MJ3UvfoTY.webp?fit=1024%2C1024&ssl=1","jetpack_shortlink":"https:\/\/wp.me\/p4Sdv6-2Ez","jetpack_sharing_enabled":true,"_links":{"self":[{"href":"https:\/\/www.projekt-kirche.de\/index.php?rest_route=\/wp\/v2\/posts\/10203","targetHints":{"allow":["GET"]}}],"collection":[{"href":"https:\/\/www.projekt-kirche.de\/index.php?rest_route=\/wp\/v2\/posts"}],"about":[{"href":"https:\/\/www.projekt-kirche.de\/index.php?rest_route=\/wp\/v2\/types\/post"}],"author":[{"embeddable":true,"href":"https:\/\/www.projekt-kirche.de\/index.php?rest_route=\/wp\/v2\/users\/1"}],"replies":[{"embeddable":true,"href":"https:\/\/www.projekt-kirche.de\/index.php?rest_route=%2Fwp%2Fv2%2Fcomments&post=10203"}],"version-history":[{"count":4,"href":"https:\/\/www.projekt-kirche.de\/index.php?rest_route=\/wp\/v2\/posts\/10203\/revisions"}],"predecessor-version":[{"id":10207,"href":"https:\/\/www.projekt-kirche.de\/index.php?rest_route=\/wp\/v2\/posts\/10203\/revisions\/10207"}],"wp:featuredmedia":[{"embeddable":true,"href":"https:\/\/www.projekt-kirche.de\/index.php?rest_route=\/wp\/v2\/media\/10202"}],"wp:attachment":[{"href":"https:\/\/www.projekt-kirche.de\/index.php?rest_route=%2Fwp%2Fv2%2Fmedia&parent=10203"}],"wp:term":[{"taxonomy":"category","embeddable":true,"href":"https:\/\/www.projekt-kirche.de\/index.php?rest_route=%2Fwp%2Fv2%2Fcategories&post=10203"},{"taxonomy":"post_tag","embeddable":true,"href":"https:\/\/www.projekt-kirche.de\/index.php?rest_route=%2Fwp%2Fv2%2Ftags&post=10203"}],"curies":[{"name":"wp","href":"https:\/\/api.w.org\/{rel}","templated":true}]}}