{"id":10221,"date":"2025-02-09T11:07:20","date_gmt":"2025-02-09T10:07:20","guid":{"rendered":"https:\/\/www.projekt-kirche.de\/?p=10221"},"modified":"2025-02-09T18:27:08","modified_gmt":"2025-02-09T17:27:08","slug":"gott-sieht-dich-persoenlich-und-voller-liebe","status":"publish","type":"post","link":"https:\/\/www.projekt-kirche.de\/?p=10221","title":{"rendered":"Gott sieht dich \u2013 pers\u00f6nlich und voller Liebe"},"content":{"rendered":"<div class=\"shariff\" data-title=\"Gott sieht dich \u2013 pers\u00f6nlich und voller Liebe\" data-info-url=\"http:\/\/ct.de\/-2467514\" data-backend-url=\"https:\/\/www.projekt-kirche.de\/wp-content\/plugins\/shariff-sharing\/backend\/index.php\" data-temp=\"\/tmp\" data-ttl=\"60\" data-service=\"gftr\" data-services='[\"googleplus\",\"facebook\",\"twitter\",\"reddit\",\"info\"]' data-image=\"\" data-url=\"https:\/\/www.projekt-kirche.de\/?p=10221\" data-lang=\"de\" data-theme=\"colored\" data-orientation=\"horizontal\"><\/div>\n<p>In einer Welt, die oft von Anonymit\u00e4t und Oberfl\u00e4chlichkeit gepr\u00e4gt ist, sehnt sich unser Herz nach wahrer Anerkennung, nach einem Blick, der uns wirklich sieht \u2013 mit all unseren Freuden, Sorgen, St\u00e4rken und Schw\u00e4chen.<\/p>\n\n\n\n<!--more-->\n\n\n\n<p>John Henry Newman&nbsp;(1801-1890), Theologe und Kardinal, erinnert uns in seinen tiefgr\u00fcndigen Worten daran, dass Gott uns nicht nur als Teil der Menschheit sieht, sondern ganz pers\u00f6nlich.<\/p>\n\n\n\n<blockquote class=\"wp-block-quote is-layout-flow wp-block-quote-is-layout-flow\">\n<p>Gott sieht dich ganz pers\u00f6nlich, wer auch immer du bist. Er \u201eruft dich bei deinem Namen\u201c. Er sieht dich und versteht dich, denn er hat dich erschaffen. Er wei\u00df, was in dir ist: all deine speziellen Gef\u00fchle und Gedanken, deine Neigungen und Vorlieben, deine St\u00e4rke und deine Schw\u00e4che. Er sieht dich an deinem Freudentag und an deinem Trauertag; er nimmt Anteil an deinen Hoffnungen und an deinen Anfechtungen; er interessiert sich f\u00fcr all deine \u00c4ngste und Erinnerungen, f\u00fcr alle H\u00f6hen und Tiefen deines Geistes; er hat die Haare deines Hauptes gez\u00e4hlt [\u2026]. Er umf\u00e4ngt dich und tr\u00e4gt dich in seinen Armen, er hebt dich auf und setzt dich nieder. Er achtet auf dein Antlitz, ob du l\u00e4chelst oder weinst, ob du gesund bist oder krank. Er schaut z\u00e4rtlich auf deine H\u00e4nde und F\u00fc\u00dfe; er h\u00f6rt deine Stimme, das Schlagen deines Herzens, ja sogar dein Atmen. [\u2026]<br>Du bist ein erl\u00f6ster und geheiligter Mensch, sein Adoptivkind, begnadet mit einem Anteil jener Herrlichkeit und Seligkeit, die ewiglich von ihm auf seinen eingeborenen Sohn \u00fcbergeht. Du bist auserw\u00e4hlt, Sein zu sein [\u2026]. \u201eWas ist der Mensch\u201c oder was sind wir, was bin ich, dass der Sohn Gottes so \u201emeiner gedenkt?\u201c Was bin ich, dass er mich [\u2026] zur Natur eines Engels erhoben hat? Dass er die urspr\u00fcngliche Beschaffenheit meiner Seele ver\u00e4ndert hat, mich, der ich von Jugend an ein \u00dcbertreter war, neu geschaffen hat und h\u00f6chstpers\u00f6nlich in meinem Herzen wohnt und mich zu seinem Tempel macht?<br>(Biblische Referenzen: <a href=\"https:\/\/www.bibleserver.com\/NLB\/Johannes10%2C3\" class=\"bibleserver extern\" target=\"_blank\">Joh 10,3<\/a>; <a href=\"https:\/\/www.bibleserver.com\/NLB\/Matth%C3%A4us10%2C30\" class=\"bibleserver extern\" target=\"_blank\">Mt 10,30<\/a>; <a href=\"https:\/\/www.bibleserver.com\/NLB\/Psalm8%2C5\" class=\"bibleserver extern\" target=\"_blank\">Ps 8,5<\/a>; vgl. <a href=\"https:\/\/www.bibleserver.com\/NLB\/1.Mose8%2C21\" class=\"bibleserver extern\" target=\"_blank\">Gen 8,21<\/a>, <a href=\"https:\/\/www.bibleserver.com\/NLB\/Psalm51%2C7\" class=\"bibleserver extern\" target=\"_blank\">Ps 51,7<\/a>; <a href=\"https:\/\/www.bibleserver.com\/NLB\/1.Korinther3%2C16\" class=\"bibleserver extern\" target=\"_blank\">1Kor 3,16<\/a>)<\/p>\n<cite>John Henry Newman in &#8220;Predigt&#8221; \u00abA Particular Providence as Revealed in the Gospel\u00bb, Parochial and Plain Sermons, vol. 3, n\u00b0 9 9 (aus dem englischen Original ins Dt. \u00fcbers. \u00a9&nbsp;<a href=\"http:\/\/www.evangeliumtagfuertag.org\">evangelizo<\/a>)<\/cite><\/blockquote>\n\n\n\n<p>Gott kennt dich mit Namen, versteht deine Gedanken und f\u00fchlt mit dir in jeder Situation deines Lebens. Er begleitet dich nicht nur aus der Ferne, sondern tr\u00e4gt dich, hebt dich auf und schenkt dir seine N\u00e4he.<\/p>\n\n\n\n<p>Das ist keine abstrakte Vorstellung, sondern eine Wirklichkeit des christlichen Glaubens: Du bist nicht verloren im Strom der Zeit, sondern von Gott geliebt, gewollt und berufen.<\/p>\n\n\n\n<pre class=\"wp-block-preformatted\">(Die einleitenden und abschlie\u00dfenden Texte wurden mithilfe einer KI erstellt, jedoch manuell \u00fcberpr\u00fcft und bearbeitet.)<\/pre>\n","protected":false},"excerpt":{"rendered":"<p>In einer Welt, die oft von Anonymit\u00e4t und Oberfl\u00e4chlichkeit gepr\u00e4gt ist, sehnt sich unser Herz nach wahrer Anerkennung, nach einem Blick, der uns wirklich sieht \u2013 mit all unseren Freuden, Sorgen, St\u00e4rken und Schw\u00e4chen.<\/p>\n","protected":false},"author":1,"featured_media":10220,"comment_status":"open","ping_status":"open","sticky":false,"template":"","format":"standard","meta":{"jetpack_post_was_ever_published":false,"_jetpack_newsletter_access":"","_jetpack_dont_email_post_to_subs":false,"_jetpack_newsletter_tier_id":0,"_jetpack_memberships_contains_paywalled_content":false,"_jetpack_memberships_contains_paid_content":false,"footnotes":""},"categories":[11,29,53,366],"tags":[],"class_list":["post-10221","post","type-post","status-publish","format-standard","has-post-thumbnail","hentry","category-ermutigung-christentum","category-gott","category-liebe","category-trost"],"jetpack_featured_media_url":"https:\/\/i0.wp.com\/www.projekt-kirche.de\/wp-content\/uploads\/2025\/02\/image_editor_output_image13367156-1739094901325.jpg?fit=2400%2C1748&ssl=1","jetpack_shortlink":"https:\/\/wp.me\/p4Sdv6-2ER","jetpack_sharing_enabled":true,"_links":{"self":[{"href":"https:\/\/www.projekt-kirche.de\/index.php?rest_route=\/wp\/v2\/posts\/10221","targetHints":{"allow":["GET"]}}],"collection":[{"href":"https:\/\/www.projekt-kirche.de\/index.php?rest_route=\/wp\/v2\/posts"}],"about":[{"href":"https:\/\/www.projekt-kirche.de\/index.php?rest_route=\/wp\/v2\/types\/post"}],"author":[{"embeddable":true,"href":"https:\/\/www.projekt-kirche.de\/index.php?rest_route=\/wp\/v2\/users\/1"}],"replies":[{"embeddable":true,"href":"https:\/\/www.projekt-kirche.de\/index.php?rest_route=%2Fwp%2Fv2%2Fcomments&post=10221"}],"version-history":[{"count":11,"href":"https:\/\/www.projekt-kirche.de\/index.php?rest_route=\/wp\/v2\/posts\/10221\/revisions"}],"predecessor-version":[{"id":10232,"href":"https:\/\/www.projekt-kirche.de\/index.php?rest_route=\/wp\/v2\/posts\/10221\/revisions\/10232"}],"wp:featuredmedia":[{"embeddable":true,"href":"https:\/\/www.projekt-kirche.de\/index.php?rest_route=\/wp\/v2\/media\/10220"}],"wp:attachment":[{"href":"https:\/\/www.projekt-kirche.de\/index.php?rest_route=%2Fwp%2Fv2%2Fmedia&parent=10221"}],"wp:term":[{"taxonomy":"category","embeddable":true,"href":"https:\/\/www.projekt-kirche.de\/index.php?rest_route=%2Fwp%2Fv2%2Fcategories&post=10221"},{"taxonomy":"post_tag","embeddable":true,"href":"https:\/\/www.projekt-kirche.de\/index.php?rest_route=%2Fwp%2Fv2%2Ftags&post=10221"}],"curies":[{"name":"wp","href":"https:\/\/api.w.org\/{rel}","templated":true}]}}