{"id":10236,"date":"2025-02-17T07:51:06","date_gmt":"2025-02-17T06:51:06","guid":{"rendered":"https:\/\/www.projekt-kirche.de\/?p=10236"},"modified":"2025-02-17T07:57:40","modified_gmt":"2025-02-17T06:57:40","slug":"bestaunt-die-wunderwerke-gottes-und-wacht-auf","status":"publish","type":"post","link":"https:\/\/www.projekt-kirche.de\/?p=10236","title":{"rendered":"Die allt\u00e4glichen Wunderwerke Gottes!"},"content":{"rendered":"<div class=\"shariff\" data-title=\"Die allt\u00e4glichen Wunderwerke Gottes!\" data-info-url=\"http:\/\/ct.de\/-2467514\" data-backend-url=\"https:\/\/www.projekt-kirche.de\/wp-content\/plugins\/shariff-sharing\/backend\/index.php\" data-temp=\"\/tmp\" data-ttl=\"60\" data-service=\"gftr\" data-services='[\"googleplus\",\"facebook\",\"twitter\",\"reddit\",\"info\"]' data-image=\"\" data-url=\"https:\/\/www.projekt-kirche.de\/?p=10236\" data-lang=\"de\" data-theme=\"colored\" data-orientation=\"horizontal\"><\/div>\n<p><br \/>In unserer hektischen Welt, in der wir oft nach dem Spektakul\u00e4ren suchen, \u00fcbersehen wir die Wunder, die uns t\u00e4glich umgeben. Augustinus (354-430), der Bischof von Hippo und Kirchenlehrer, ruft uns auf, unsere Augen f\u00fcr das G\u00f6ttliche in der Sch\u00f6pfung zu \u00f6ffnen. Viele staunen \u00fcber Jesu Wunder \u2013 Brotvermehrung, Wasser zu Wein \u2013, doch vergessen sie, dass die Natur selbst ein st\u00e4ndiges Zeugnis g\u00f6ttlichen Handelns ist.<\/p>\n\n\n\n<!--more-->\n\n\n\n<p>Was wir als selbstverst\u00e4ndlich hinnehmen \u2013 das Wachsen der Ernte, das Bl\u00fchen der Reben \u2013, ist nicht weniger wunderbar als die Wunder Christi. Doch oft schl\u00e4ft unser Geist und erkennt Gottes Gegenwart nicht. Augustinus l\u00e4dt uns ein, tiefer zu blicken: Die sichtbare Sch\u00f6pfung f\u00fchrt uns zum Unsichtbaren, zu Gott selbst. Denn in Christus, wahrem Gott und wahrem Mensch, vereinen sich sichtbare Zeichen und verborgene Wahrheit.<br \/><br \/>Lasst uns also innehalten, staunen und glauben \u2013 und aufh\u00f6ren, geistlich zu schlafen.<\/p>\n\n\n\n<blockquote class=\"wp-block-quote is-layout-flow wp-block-quote-is-layout-flow\">\n<p>Bestaunt die Wunderwerke Gottes und h\u00f6rt auf zu schlafen! Bestaunt ihr denn nur au\u00dfergew\u00f6hnliche Wunder? Aber sind diese denn gr\u00f6\u00dfer als die Wunder, die sich t\u00e4glich vor euren Augen abspielen? Die Leute staunen dar\u00fcber, dass unser Herr Jesus Christus Tausende von Menschen mit f\u00fcnf Broten satt gemacht hat (vgl. <a href=\"https:\/\/www.bibleserver.com\/NLB\/Matth%C3%A4us14\" class=\"bibleserver extern\" target=\"_blank\">Mt 14,19f)<\/a>, sind aber nicht erstaunt, dass ein paar Getreidek\u00f6rner ausreichen, um den Erdboden mit reicher Ernte zu bedecken. Sie sind von Bewunderung ergriffen, dass der Heiland Wasser in Wein verwandelte (vgl. <a href=\"https:\/\/www.bibleserver.com\/NLB\/Johannes2%2C19\" class=\"bibleserver extern\" target=\"_blank\">Joh 2,19<\/a>); geschieht nicht das Gleiche, wenn die Wurzeln des Weinstocks Regen aufnehmen? Der Urheber beider Wunder ist derselbe. [\u2026]<\/p>\n\n\n\n<p>Der Herr vollbrachte Wunder, und doch haben ihn viele verachtet. [\u2026] Sie sagten sich: \u201eDiese Werke sind g\u00f6ttlich, er aber ist nur ein Mensch.\u201c Du siehst also beides: einerseits g\u00f6ttliche Werke, andererseits einen Menschen. Wenn diese g\u00f6ttlichen Werke nur von Gott bewirkt werden k\u00f6nnen, muss sich dann nicht in diesem Menschen Gott verbergen? Ja, achte sorgf\u00e4ltig auf das, was du siehst, und glaube, was du nicht siehst. Er, der dich zum Glauben aufruft, hat dich nicht dir selbst \u00fcberlassen; auch wenn er von dir verlangt, zu glauben, was du nicht sehen kannst, hat er deinen Augen doch etwas zu sehen gegeben, das dir hilft, zu glauben, was du nicht siehst. Ist die Sch\u00f6pfung selbst etwa nur ein geringes Zeichen, eine geringe Offenbarung des Sch\u00f6pfers? Und dann kommt er au\u00dferdem noch in die Welt und wirkt Wunder! Du konntest Gott nicht sehen, aber einen Menschen konntest du sehen: Also wurde Gott Mensch, damit das, was du siehst, und das, was du glaubst, eins werden.<\/p>\n<cite>Augustinus in&nbsp; (Nordafrika) und Kirchenlehrer<br \/>Predigt 126, 4-5 (ins Dt. \u00fcbers. \u00a9&nbsp;<a href=\"http:\/\/www.evangeliumtagfuertag.org\">evangelizo<\/a>)<\/cite><\/blockquote>\n\n\n\n<pre class=\"wp-block-preformatted\">(Der einleitenden Text und das Bild wurden mithilfe einer KI erstellt, jedoch manuell \u00fcberpr\u00fcft und teilweise bearbeitet.)<\/pre>\n","protected":false},"excerpt":{"rendered":"<p>In unserer hektischen Welt, in der wir oft nach dem Spektakul\u00e4ren suchen, \u00fcbersehen wir die Wunder, die uns t\u00e4glich umgeben. Augustinus (354-430), der Bischof von Hippo und Kirchenlehrer, ruft uns auf, unsere Augen f\u00fcr das G\u00f6ttliche in der Sch\u00f6pfung zu \u00f6ffnen. Viele staunen \u00fcber Jesu Wunder \u2013 Brotvermehrung, Wasser zu Wein \u2013, doch vergessen sie, [&hellip;]<\/p>\n","protected":false},"author":1,"featured_media":10235,"comment_status":"open","ping_status":"open","sticky":false,"template":"","format":"standard","meta":{"jetpack_post_was_ever_published":false,"_jetpack_newsletter_access":"","_jetpack_dont_email_post_to_subs":false,"_jetpack_newsletter_tier_id":0,"_jetpack_memberships_contains_paywalled_content":false,"_jetpack_memberships_contains_paid_content":false,"footnotes":""},"categories":[3,73,92],"tags":[],"class_list":["post-10236","post","type-post","status-publish","format-standard","has-post-thumbnail","hentry","category-christentum","category-schoepfungslehre","category-wunder-christentum"],"jetpack_featured_media_url":"https:\/\/i0.wp.com\/www.projekt-kirche.de\/wp-content\/uploads\/2025\/02\/image_editor_output_image-1745852114-1739774567937.webp?fit=1024%2C674&ssl=1","jetpack_shortlink":"https:\/\/wp.me\/p4Sdv6-2F6","jetpack_sharing_enabled":true,"_links":{"self":[{"href":"https:\/\/www.projekt-kirche.de\/index.php?rest_route=\/wp\/v2\/posts\/10236","targetHints":{"allow":["GET"]}}],"collection":[{"href":"https:\/\/www.projekt-kirche.de\/index.php?rest_route=\/wp\/v2\/posts"}],"about":[{"href":"https:\/\/www.projekt-kirche.de\/index.php?rest_route=\/wp\/v2\/types\/post"}],"author":[{"embeddable":true,"href":"https:\/\/www.projekt-kirche.de\/index.php?rest_route=\/wp\/v2\/users\/1"}],"replies":[{"embeddable":true,"href":"https:\/\/www.projekt-kirche.de\/index.php?rest_route=%2Fwp%2Fv2%2Fcomments&post=10236"}],"version-history":[{"count":5,"href":"https:\/\/www.projekt-kirche.de\/index.php?rest_route=\/wp\/v2\/posts\/10236\/revisions"}],"predecessor-version":[{"id":10241,"href":"https:\/\/www.projekt-kirche.de\/index.php?rest_route=\/wp\/v2\/posts\/10236\/revisions\/10241"}],"wp:featuredmedia":[{"embeddable":true,"href":"https:\/\/www.projekt-kirche.de\/index.php?rest_route=\/wp\/v2\/media\/10235"}],"wp:attachment":[{"href":"https:\/\/www.projekt-kirche.de\/index.php?rest_route=%2Fwp%2Fv2%2Fmedia&parent=10236"}],"wp:term":[{"taxonomy":"category","embeddable":true,"href":"https:\/\/www.projekt-kirche.de\/index.php?rest_route=%2Fwp%2Fv2%2Fcategories&post=10236"},{"taxonomy":"post_tag","embeddable":true,"href":"https:\/\/www.projekt-kirche.de\/index.php?rest_route=%2Fwp%2Fv2%2Ftags&post=10236"}],"curies":[{"name":"wp","href":"https:\/\/api.w.org\/{rel}","templated":true}]}}