{"id":10261,"date":"2025-03-05T07:52:14","date_gmt":"2025-03-05T06:52:14","guid":{"rendered":"https:\/\/www.projekt-kirche.de\/?p=10261"},"modified":"2025-03-05T07:55:45","modified_gmt":"2025-03-05T06:55:45","slug":"heute-beginnt-die-fastenzeit","status":"publish","type":"post","link":"https:\/\/www.projekt-kirche.de\/?p=10261","title":{"rendered":"Heute beginnt die Fastenzeit&#8230;"},"content":{"rendered":"<div class=\"shariff\" data-title=\"Heute beginnt die Fastenzeit&#8230;\" data-info-url=\"http:\/\/ct.de\/-2467514\" data-backend-url=\"https:\/\/www.projekt-kirche.de\/wp-content\/plugins\/shariff-sharing\/backend\/index.php\" data-temp=\"\/tmp\" data-ttl=\"60\" data-service=\"gftr\" data-services='[\"googleplus\",\"facebook\",\"twitter\",\"reddit\",\"info\"]' data-image=\"\" data-url=\"https:\/\/www.projekt-kirche.de\/?p=10261\" data-lang=\"de\" data-theme=\"colored\" data-orientation=\"horizontal\"><\/div>\n<p>&#8230; und deshalb ein paar Gedanken dazu von&nbsp;Petrus Chrysologus (406-450), Kirchenlehrer und&nbsp;Bischof von Ravenna:<\/p>\n\n\n\n<!--more-->\n\n\n\n<blockquote class=\"wp-block-quote is-layout-flow wp-block-quote-is-layout-flow\">\n<p>Meine Br\u00fcder, heute beginnen wir die gro\u00dfe Reise der Fastenzeit. Schaffen wir also unseren ganzen Vorrat an Essen und Trinken auf unser Schiff, indem wir die reiche Barmherzigkeit dort verstauen, die wir brauchen werden. Denn unser Fasten hat Hunger, unser Fasten hat Durst, wenn es sich nicht von G\u00fcte ern\u00e4hrt, wenn es seinen Durst nicht an der Barmherzigkeit l\u00f6scht. Unser Fasten friert, unser Fasten scheitert, wenn die Wolle des Almosens es nicht bedeckt, wenn das Gewand des Mitleids es nicht einh\u00fcllt.<\/p>\n\n\n\n<p>Br\u00fcder, was der Fr\u00fchling f\u00fcr das Erdreich ist, das ist die Barmherzigkeit f\u00fcr das Fasten: Der sanfte Fr\u00fchlingswind bringt alle Knospen im weiten Land zur Bl\u00fcte; das barmherzige Fasten l\u00e4sst all unsere Saaten wachsen und bl\u00fchen, l\u00e4sst sie Frucht tragen bis zur himmlischen Ernte. Was das \u00d6l f\u00fcr die Lampe ist, ist die G\u00fcte f\u00fcr das Fasten. Wie das Fett des \u00d6les das Licht der Lampe zum Leuchten bringt und sie mit so wenig Nahrung zum Trost einer ganzen Nacht leuchten l\u00e4sst, so bringt die G\u00fcte das Fasten zum Leuchten: Es sendet Strahlen aus, die in der Enthaltsamkeit ihren vollen Glanz entfalten. Was die Sonne f\u00fcr den Tag ist, das ist das Almosen f\u00fcr das Fasten: Der Glanz der Sonne verst\u00e4rkt die Helligkeit des Tages und zerstreut das Dunkel der Wolken. Das Almosen, welches das Fasten begleitet, heiligt die Heiligkeit und vertreibt, dank des Lichtes der G\u00fcte, alles aus unseren W\u00fcnschen, was todbringend sein k\u00f6nnte. Kurz gesagt: Was der Leib f\u00fcr die Seele ist, das ist die Gro\u00dfherzigkeit f\u00fcr das Fasten: Wenn die Seele den K\u00f6rper verl\u00e4sst, bringt sie ihm den Tod; wenn die Gro\u00dfherzigkeit das Fasten nicht mehr begleitet, ist es sein Tod.<\/p>\n<cite>Predigt; CCL 24, 59; PL 52, 208 (in: L&#8217;\u00e9vangile selon Matthieu comment\u00e9 par les P\u00e8res, coll. PdF n\u00b030, \u00c9d. DDB 1985, p. 59, rev.; ins Dt. \u00fcbers. \u00a9\u00a0<a href=\"http:\/\/www.evangeliumtagfuertag.org\">Evangelizo<\/a>)<\/cite><\/blockquote>\n\n\n\n<p>Bild: ChatGPT<\/p>\n","protected":false},"excerpt":{"rendered":"<p>&#8230; und deshalb ein paar Gedanken dazu von&nbsp;Petrus Chrysologus (406-450), Kirchenlehrer und&nbsp;Bischof von Ravenna:<\/p>\n","protected":false},"author":1,"featured_media":10263,"comment_status":"open","ping_status":"open","sticky":false,"template":"","format":"standard","meta":{"jetpack_post_was_ever_published":false,"_jetpack_newsletter_access":"","_jetpack_dont_email_post_to_subs":false,"_jetpack_newsletter_tier_id":0,"_jetpack_memberships_contains_paywalled_content":false,"_jetpack_memberships_contains_paid_content":false,"footnotes":""},"categories":[97,101,3,18],"tags":[],"class_list":["post-10261","post","type-post","status-publish","format-standard","has-post-thumbnail","hentry","category-almosen","category-barmherzigkeit","category-christentum","category-fasten"],"jetpack_featured_media_url":"https:\/\/i0.wp.com\/www.projekt-kirche.de\/wp-content\/uploads\/2025\/03\/file-XeQPMxgpuKs697KCXUXrTC.webp?fit=1024%2C1024&ssl=1","jetpack_shortlink":"https:\/\/wp.me\/p4Sdv6-2Fv","jetpack_sharing_enabled":true,"_links":{"self":[{"href":"https:\/\/www.projekt-kirche.de\/index.php?rest_route=\/wp\/v2\/posts\/10261","targetHints":{"allow":["GET"]}}],"collection":[{"href":"https:\/\/www.projekt-kirche.de\/index.php?rest_route=\/wp\/v2\/posts"}],"about":[{"href":"https:\/\/www.projekt-kirche.de\/index.php?rest_route=\/wp\/v2\/types\/post"}],"author":[{"embeddable":true,"href":"https:\/\/www.projekt-kirche.de\/index.php?rest_route=\/wp\/v2\/users\/1"}],"replies":[{"embeddable":true,"href":"https:\/\/www.projekt-kirche.de\/index.php?rest_route=%2Fwp%2Fv2%2Fcomments&post=10261"}],"version-history":[{"count":5,"href":"https:\/\/www.projekt-kirche.de\/index.php?rest_route=\/wp\/v2\/posts\/10261\/revisions"}],"predecessor-version":[{"id":10267,"href":"https:\/\/www.projekt-kirche.de\/index.php?rest_route=\/wp\/v2\/posts\/10261\/revisions\/10267"}],"wp:featuredmedia":[{"embeddable":true,"href":"https:\/\/www.projekt-kirche.de\/index.php?rest_route=\/wp\/v2\/media\/10263"}],"wp:attachment":[{"href":"https:\/\/www.projekt-kirche.de\/index.php?rest_route=%2Fwp%2Fv2%2Fmedia&parent=10261"}],"wp:term":[{"taxonomy":"category","embeddable":true,"href":"https:\/\/www.projekt-kirche.de\/index.php?rest_route=%2Fwp%2Fv2%2Fcategories&post=10261"},{"taxonomy":"post_tag","embeddable":true,"href":"https:\/\/www.projekt-kirche.de\/index.php?rest_route=%2Fwp%2Fv2%2Ftags&post=10261"}],"curies":[{"name":"wp","href":"https:\/\/api.w.org\/{rel}","templated":true}]}}