{"id":10299,"date":"2025-05-07T12:37:10","date_gmt":"2025-05-07T10:37:10","guid":{"rendered":"https:\/\/www.projekt-kirche.de\/?p=10299"},"modified":"2025-05-07T12:45:07","modified_gmt":"2025-05-07T10:45:07","slug":"warum-wir-in-den-gottesdienst-gehen-sollten","status":"publish","type":"post","link":"https:\/\/www.projekt-kirche.de\/?p=10299","title":{"rendered":"Warum wir in den Gottesdienst gehen sollten&#8230;"},"content":{"rendered":"<div class=\"shariff\" data-title=\"Warum wir in den Gottesdienst gehen sollten&#8230;\" data-info-url=\"http:\/\/ct.de\/-2467514\" data-backend-url=\"https:\/\/www.projekt-kirche.de\/wp-content\/plugins\/shariff-sharing\/backend\/index.php\" data-temp=\"\/tmp\" data-ttl=\"60\" data-service=\"gftr\" data-services='[\"googleplus\",\"facebook\",\"twitter\",\"reddit\",\"info\"]' data-image=\"\" data-url=\"https:\/\/www.projekt-kirche.de\/?p=10299\" data-lang=\"de\" data-theme=\"colored\" data-orientation=\"horizontal\"><\/div>\n<p>Mal ehrlich, wer von uns geht wirklich gerne in die Kirche?<\/p>\n\n\n\n<p>Auch f\u00fcr mich als gl\u00e4ubiger Katholik ist das nicht leicht. Denn ich bin leider auch nicht so heilig wie ich das gerne h\u00e4tte. Und deshalb muss ich mich an manchen Sonntagen regelrecht zwingen, in den Gottesdienst oder die Anbetung zu gehen.<\/p>\n\n\n\n<!--more-->\n\n\n\n<p>Dieses Problem der geistlichen Tr\u00e4gheit gibt es aber nicht erst seit heute, sondern ist ein Thema seit es die Kirche gibt.<\/p>\n\n\n\n<p>So gibt uns Vinzenz von Paul (1581-1660), Priester und Ordensgr\u00fcnder, folgenden guten Ratschlag:<\/p>\n\n\n\n<blockquote class=\"wp-block-quote is-layout-flow wp-block-quote-is-layout-flow\">\n<p>Geht zur heiligen Kommunion, so oft die G\u00fcte Gottes es euch erlaubt. \u2013 Aber ich versp\u00fcre \u00fcberhaupt keine Lust dazu. \u2013 Oh, das macht gar nichts, vers\u00e4umt trotzdem nicht, hinzugehen. Gott ist es, der euch ruft. Es gibt kein wirksameres Heilmittel gegen die Krankheiten unserer Seelen. Man muss dorthin gehen, um sich st\u00e4rken zu lassen, um seine Leiden dorthin zu tragen, denn dort ist der wahre Arzt, der die passenden Heilmittel hat; man muss dorthin gehen, um Liebe, gegenseitige Unterst\u00fctzung, Herzlichkeit zu lernen, um zu lernen, dem N\u00e4chsten ein Vorbild zu sein und alle anderen Tugenden, die wir ben\u00f6tigen. <br \/> <br \/>Geht also dorthin, meine T\u00f6chter, wenn Jesus Christus euch dazu einl\u00e4dt, und achtet nicht darauf, ob ihr durch eine f\u00fchlbare Neigung dazu hingezogen werdet oder nicht; denn euer Feind wird mit aller Macht versuchen, euch davon abzuhalten, dorthin zu gehen, um zu vereiteln, dass ihr die Gnaden empfangt, die Gott euch dort schenken will, um euch zu bef\u00e4higen, ein Leben aus er Kraft der g\u00f6ttlichen Tugenden seines Sohnes zu f\u00fchren.<\/p>\n<cite>Konferenz vom 22. Oktober 1646 (Gespr\u00e4che mit den Barmherzigen Schwestern, Band IX, hrsg. Gabalda, S. 298, rev., ins Dt. \u00fcbers. \u00a9\u00a0<a href=\"http:\/\/www.evangeliumtagfuertag.org\">evangelizo<\/a>)<\/cite><\/blockquote>\n","protected":false},"excerpt":{"rendered":"<p>Mal ehrlich, wer von uns geht wirklich gerne in die Kirche? Auch f\u00fcr mich als gl\u00e4ubiger Katholik ist das nicht leicht. Denn ich bin leider auch nicht so heilig wie ich das gerne h\u00e4tte. Und deshalb muss ich mich an manchen Sonntagen regelrecht zwingen, in den Gottesdienst oder die Anbetung zu gehen.<\/p>\n","protected":false},"author":1,"featured_media":10191,"comment_status":"open","ping_status":"open","sticky":false,"template":"","format":"standard","meta":{"jetpack_post_was_ever_published":false,"_jetpack_newsletter_access":"","_jetpack_dont_email_post_to_subs":false,"_jetpack_newsletter_tier_id":0,"_jetpack_memberships_contains_paywalled_content":false,"_jetpack_memberships_contains_paid_content":false,"footnotes":""},"categories":[3,363],"tags":[],"class_list":["post-10299","post","type-post","status-publish","format-standard","has-post-thumbnail","hentry","category-christentum","category-gottesdienst"],"jetpack_featured_media_url":"https:\/\/i0.wp.com\/www.projekt-kirche.de\/wp-content\/uploads\/2025\/01\/image_editor_output_image1944669805-1738310266324.jpg?fit=1389%2C985&ssl=1","jetpack_shortlink":"https:\/\/wp.me\/p4Sdv6-2G7","jetpack_sharing_enabled":true,"_links":{"self":[{"href":"https:\/\/www.projekt-kirche.de\/index.php?rest_route=\/wp\/v2\/posts\/10299","targetHints":{"allow":["GET"]}}],"collection":[{"href":"https:\/\/www.projekt-kirche.de\/index.php?rest_route=\/wp\/v2\/posts"}],"about":[{"href":"https:\/\/www.projekt-kirche.de\/index.php?rest_route=\/wp\/v2\/types\/post"}],"author":[{"embeddable":true,"href":"https:\/\/www.projekt-kirche.de\/index.php?rest_route=\/wp\/v2\/users\/1"}],"replies":[{"embeddable":true,"href":"https:\/\/www.projekt-kirche.de\/index.php?rest_route=%2Fwp%2Fv2%2Fcomments&post=10299"}],"version-history":[{"count":12,"href":"https:\/\/www.projekt-kirche.de\/index.php?rest_route=\/wp\/v2\/posts\/10299\/revisions"}],"predecessor-version":[{"id":10312,"href":"https:\/\/www.projekt-kirche.de\/index.php?rest_route=\/wp\/v2\/posts\/10299\/revisions\/10312"}],"wp:featuredmedia":[{"embeddable":true,"href":"https:\/\/www.projekt-kirche.de\/index.php?rest_route=\/wp\/v2\/media\/10191"}],"wp:attachment":[{"href":"https:\/\/www.projekt-kirche.de\/index.php?rest_route=%2Fwp%2Fv2%2Fmedia&parent=10299"}],"wp:term":[{"taxonomy":"category","embeddable":true,"href":"https:\/\/www.projekt-kirche.de\/index.php?rest_route=%2Fwp%2Fv2%2Fcategories&post=10299"},{"taxonomy":"post_tag","embeddable":true,"href":"https:\/\/www.projekt-kirche.de\/index.php?rest_route=%2Fwp%2Fv2%2Ftags&post=10299"}],"curies":[{"name":"wp","href":"https:\/\/api.w.org\/{rel}","templated":true}]}}