{"id":10316,"date":"2025-06-08T14:01:42","date_gmt":"2025-06-08T12:01:42","guid":{"rendered":"https:\/\/www.projekt-kirche.de\/?p=10316"},"modified":"2025-10-10T18:37:36","modified_gmt":"2025-10-10T16:37:36","slug":"ueber-den-heiligen-geist-3","status":"publish","type":"post","link":"https:\/\/www.projekt-kirche.de\/?p=10316","title":{"rendered":"\u00dcber den Heiligen Geist"},"content":{"rendered":"<div class=\"shariff\" data-title=\"\u00dcber den Heiligen Geist\" data-info-url=\"http:\/\/ct.de\/-2467514\" data-backend-url=\"https:\/\/www.projekt-kirche.de\/wp-content\/plugins\/shariff-sharing\/backend\/index.php\" data-temp=\"\/tmp\" data-ttl=\"60\" data-service=\"gftr\" data-services='[\"googleplus\",\"facebook\",\"twitter\",\"reddit\",\"info\"]' data-image=\"\" data-url=\"https:\/\/www.projekt-kirche.de\/?p=10316\" data-lang=\"de\" data-theme=\"colored\" data-orientation=\"horizontal\"><\/div>\n<p>Viele Menschen sp\u00fcren irgendwann im Leben: Es muss da mehr geben. Mehr als das, was man sehen und greifen kann \u2013 eine tiefere Wahrheit, eine innere Stimme, eine Sehnsucht nach Sinn, Liebe und Orientierung. Christen glauben, dass genau daf\u00fcr der Heilige Geist da ist: als Kraft Gottes in uns. Er hilft zu erkennen, was wirklich z\u00e4hlt, und gibt Mut, das Gute auch zu tun.<\/p>\n\n\n\n<!--more-->\n\n\n\n<p>In den folgenden Worten des Antonius von Padua \u2013 eines ber\u00fchmten Predigers des Mittelalters \u2013 wird deutlich, wie Christen damals (und auch heute noch) den Heiligen Geist verstehen: als jemanden, der nicht nur \u00fcber uns schwebt, sondern in unser Herz kommt, wenn wir ihn einladen.<\/p>\n\n\n\n<blockquote class=\"wp-block-quote is-layout-flow wp-block-quote-is-layout-flow\">\n<p>Der Herr sagt im Evangelium des heutigen Tages: \u201eDer Beistand aber, der Heilige Geist, den der Vater in meinem Namen senden wird, der wird euch alles lehren und euch an alles erinnern, was ich euch gesagt habe\u201c (<a href=\"https:\/\/www.bibleserver.com\/NLB\/Johannes14%2C26\" class=\"bibleserver extern\" target=\"_blank\">Joh 14,26<\/a>). Der Vater hat den Beistand im Namen des Sohnes gesandt, zur Ehre des Sohnes, um die Herrlichkeit des Sohnes offenbar zu machen.<\/p>\n\n\n\n<p>\u201eEr wird euch lehren\u201c, sagt er, damit ihr erkennt; er \u201ewird euch erinnern\u201c (<a href=\"https:\/\/www.bibleserver.com\/NLB\/Johannes14%2C26\" class=\"bibleserver extern\" target=\"_blank\">Joh 14,26<\/a>) und euch ermahnen, damit ihr wollt. Die Gnade des Geistes verleiht das Erkennen und das Wollen. Deshalb singen wir in der heutigen Messe: \u201eKomm, Heiliger Geist, erf\u00fclle die Herzen deiner Gl\u00e4ubigen!\u201c, damit sie Erkenntnis haben; \u201eund entz\u00fcnde in ihnen das Feuer Deiner Liebe!\u201c, damit sie den Willen haben, das, was sie erkennen, in die Tat umzusetzen. Desgleichen singen wir: \u201eO Herr, sende aus deinen Geist und das Angesicht der Erde wird neu!\u201c Wir finden diesen Gedanken auch im Klagelied Jeremias: \u201eAus der H\u00f6he sandte er Feuer, in meine Glieder lie\u00df er es fallen\u201c (<a href=\"https:\/\/www.bibleserver.com\/EU\/Klagelieder1%2C13\">Klg 1,13<\/a>). Der Vater aus der H\u00f6he, sendet heute vom Sohn aus Feuer, n\u00e4mlich den Heiligen Geist, in meine Glieder, in die Apostel, wie die Kirche erkl\u00e4rt, und durch sie belehrt er mich, damit ich erkenne und wolle. [\u2026]<\/p>\n\n\n\n<p>Der Heilige Geist gibt das Erkennen und das Wollen: Bringen wir ihm die Kraft dar, die in unseren M\u00f6glichkeiten liegt, und wir werden zum Tempel des Heiligen Geistes. Bitten wir den Sohn, ihn auf uns herabzusenden, der gepriesen ist in Ewigkeit. Amen! [\u2026] Lasst uns inbr\u00fcnstig zu ihm beten; bitten wir ihn, uns den Beistand zu senden, der uns ihn erkennen und lieben l\u00e4sst, damit wir w\u00fcrdig werden, zu ihm zu gelangen.<\/p>\n<cite>Antonius von Padua (um 1195-1231), Franziskaner, Kirchenlehrer, Pfingstsonntag (Une Parole \u00e9vang\u00e9lique, trad. V. Trappazzon, \u00e9d. Franciscaines, 1995, p. 56, 59-60; rev.; ins Dt. \u00fcbers. \u00a9\u00a0<a href=\"http:\/\/www.evangeliumtagfuertag.org\">Evangelizo<\/a>)<\/cite><\/blockquote>\n\n\n\n<pre class=\"wp-block-preformatted\">(Der einleitenden Text wurde mithilfe einer KI erstellt, jedoch manuell \u00fcberpr\u00fcft und teilweise bearbeitet.)<\/pre>\n","protected":false},"excerpt":{"rendered":"<p>Viele Menschen sp\u00fcren irgendwann im Leben: Es muss da mehr geben. Mehr als das, was man sehen und greifen kann \u2013 eine tiefere Wahrheit, eine innere Stimme, eine Sehnsucht nach Sinn, Liebe und Orientierung. Christen glauben, dass genau daf\u00fcr der Heilige Geist da ist: als Kraft Gottes in uns. Er hilft zu erkennen, was wirklich [&hellip;]<\/p>\n","protected":false},"author":1,"featured_media":10315,"comment_status":"open","ping_status":"open","sticky":false,"template":"","format":"standard","meta":{"jetpack_post_was_ever_published":false,"_jetpack_newsletter_access":"","_jetpack_dont_email_post_to_subs":false,"_jetpack_newsletter_tier_id":0,"_jetpack_memberships_contains_paywalled_content":false,"_jetpack_memberships_contains_paid_content":false,"footnotes":""},"categories":[30],"tags":[],"class_list":["post-10316","post","type-post","status-publish","format-standard","has-post-thumbnail","hentry","category-heiliger-geist"],"jetpack_featured_media_url":"https:\/\/i0.wp.com\/www.projekt-kirche.de\/wp-content\/uploads\/2025\/06\/image_editor_output_image-162818115-1749383361888-scaled.jpg?fit=2560%2C1188&ssl=1","jetpack_shortlink":"https:\/\/wp.me\/p4Sdv6-2Go","jetpack_sharing_enabled":true,"_links":{"self":[{"href":"https:\/\/www.projekt-kirche.de\/index.php?rest_route=\/wp\/v2\/posts\/10316","targetHints":{"allow":["GET"]}}],"collection":[{"href":"https:\/\/www.projekt-kirche.de\/index.php?rest_route=\/wp\/v2\/posts"}],"about":[{"href":"https:\/\/www.projekt-kirche.de\/index.php?rest_route=\/wp\/v2\/types\/post"}],"author":[{"embeddable":true,"href":"https:\/\/www.projekt-kirche.de\/index.php?rest_route=\/wp\/v2\/users\/1"}],"replies":[{"embeddable":true,"href":"https:\/\/www.projekt-kirche.de\/index.php?rest_route=%2Fwp%2Fv2%2Fcomments&post=10316"}],"version-history":[{"count":8,"href":"https:\/\/www.projekt-kirche.de\/index.php?rest_route=\/wp\/v2\/posts\/10316\/revisions"}],"predecessor-version":[{"id":10367,"href":"https:\/\/www.projekt-kirche.de\/index.php?rest_route=\/wp\/v2\/posts\/10316\/revisions\/10367"}],"wp:featuredmedia":[{"embeddable":true,"href":"https:\/\/www.projekt-kirche.de\/index.php?rest_route=\/wp\/v2\/media\/10315"}],"wp:attachment":[{"href":"https:\/\/www.projekt-kirche.de\/index.php?rest_route=%2Fwp%2Fv2%2Fmedia&parent=10316"}],"wp:term":[{"taxonomy":"category","embeddable":true,"href":"https:\/\/www.projekt-kirche.de\/index.php?rest_route=%2Fwp%2Fv2%2Fcategories&post=10316"},{"taxonomy":"post_tag","embeddable":true,"href":"https:\/\/www.projekt-kirche.de\/index.php?rest_route=%2Fwp%2Fv2%2Ftags&post=10316"}],"curies":[{"name":"wp","href":"https:\/\/api.w.org\/{rel}","templated":true}]}}