{"id":1070,"date":"2009-06-07T21:04:09","date_gmt":"2009-06-07T19:04:09","guid":{"rendered":"http:\/\/sschweizer.wordpress.com\/?p=1070"},"modified":"2020-05-08T19:02:11","modified_gmt":"2020-05-08T17:02:11","slug":"biergarten-statt-gottesdienst","status":"publish","type":"post","link":"https:\/\/www.projekt-kirche.de\/?p=1070","title":{"rendered":"Biergarten statt Gottesdienst?"},"content":{"rendered":"<div class=\"shariff\" data-title=\"Biergarten statt Gottesdienst?\" data-info-url=\"http:\/\/ct.de\/-2467514\" data-backend-url=\"https:\/\/www.projekt-kirche.de\/wp-content\/plugins\/shariff-sharing\/backend\/index.php\" data-temp=\"\/tmp\" data-ttl=\"60\" data-service=\"gftr\" data-services='[\"googleplus\",\"facebook\",\"twitter\",\"reddit\",\"info\"]' data-image=\"\" data-url=\"https:\/\/www.projekt-kirche.de\/?p=1070\" data-lang=\"de\" data-theme=\"colored\" data-orientation=\"horizontal\"><\/div><p>Es ist gar nicht so leicht einen katholischen Gottesdienst zu finden, bei dem man kleine Kinder mitnehmen kann. Das mussten wir (meine Frau Connie, unsere beiden S\u00f6hne Paul (4), Lennart (2) und ich) heute mal wieder feststellen.<\/p>\n<p>Ich habe gestern extra nochmal im Internet recherchiert welche katholische Pfarrei einen (extra) Kindergottesdienst anbietet. Ich dachte, das ich f\u00fcndig geworden w\u00e4re als ich las: &#8220;Zwergerlgottesdienst jeden Sonntag 10:30Uhr&#8221;. Wow, dachte ich. <em>Jeden<\/em> Sonntag Kleinkindergottesdienst! Toll!<\/p>\n<p>Aber warten wir mal ab wie es weiterging&#8230;<\/p>\n<p><!--more-->Nachdem wir dann heute Vormittag dort ankamen (wir waren \u00fcbrigens mit dem Fahrrad unterwegs), mussten wir leider am Aushang lesen: &#8220;Zwergerlgottesdienst jeden 2. Sonntag im Monat&#8221;. Und dieser 2. Sonntag war leider erst n\u00e4chste Woche.<\/p>\n<p>Egal dachten wir. Jetzt sind wir schon mal hier (und diesmal sogar rechtzeitig \ud83d\ude09 ). Also die Fahrr\u00e4der abgestellt und in die Kirche reinmarschiert. Und da hatten wir wieder &#8220;unser Problem&#8221;: Es war drinnen vollkommen still&#8230; nur unsere Kinder nicht.<\/p>\n<p>Lennart wollte sein Tierbuch nicht <em>leise<\/em> anschauen (wie jedes andere &#8220;gut erzogene Kind&#8221;), sondern immer auch noch die Ger\u00e4usche dazu machen. Und zwar laut (es gab in dem Buch leider nicht nur kleine K\u00e4fer und M\u00e4use&#8230;).<\/p>\n<p>Und Paul wollte singen. Er hatte das Kirchenliederbuch in der Hand. Nur sang er kein Kirchenlied (ging auch schlecht, da er das Liederbuch verkehrt herum hielt), sondern irgendein Lied aus dem Kindergarten.<\/p>\n<p>Nun gut, dann bin ich eben kurz mit ihm raus, damit er das Lied <em>drau\u00dfen<\/em> einmal durchsingen konnte (m\u00fcsste ja erstmal reichen, oder?). Als ich wieder rein kam war Lennart immer noch dabei &#8220;muhh&#8221; und &#8220;m\u00e4hhh&#8221; und &#8220;grunz&#8221; zu sagen. Die Leute in der Kirche schauten sich alle paar Minuten um, vermutlich um zu sehen, ob wir immer noch da waren.<\/p>\n<p>Ich schwitzte mal wieder Blut und Wasser, weil mir das Ganze wie immer ziemlich unangenehm war.Vom Gottesdienst hat man da kaum was, geschweige denn, dass man da richtig zur &#8220;Besinnung&#8221; k\u00e4me.<\/p>\n<p>Diesmal entschied ich mich, mir das Ganze nicht mehr anzutun und wir gingen einfach wieder( kurz bevor die Messe begann). Und zwar in den nahe gelegenen Biergarten!<\/p>\n<p>Das Wetter war sch\u00f6n, der Cappuccino lecker und auch das gro\u00dfe &#8220;Fitness-Fr\u00fchst\u00fcck&#8221; mit M\u00fcsli und frisch zubereiteter Erdbeer-Dickmilch war ausgesprochen schmackhaft. Mmhh, lecker!<\/p>\n<p>Noch dazu gab es einen Spielplatz gleich nebenan und einen kleinen Springbrunnen, an dem die Kinder (mit dem Spielzeug der anderen Kinder) am Wasser spielen konnten. Das Ganze war sch\u00f6n und entspannend. Endlich mal eine gelungene Familienzeit!<\/p>\n<p>Aber ist das wirklich <em>die<\/em> Alternative zum (kath.) Gottesdienst? Sollte nicht, aber manchmal scheint es mir, keine andere sinnvolle M\u00f6glichkeit zu geben.<\/p>\n<p>Ich war dann heute Abend zwar noch alleine im Abendgottesdienst. Aber die Predigt hat mich ehrlich gesagt nicht nur gelangweilt, sondern auch milde gesagt irritiert. Dass der (indische) Priester die Predigt mit einer alten Legende der Indianer (oder Inder?) anfing war ja noch nicht ganz so ungew\u00f6hnlich f\u00fcr heutige Gottesdienstpredigten (es kam immerhin die Frage nach Gott vor). Aber dass der Priester dann noch am Ende ein Gebet in Sankrit(!) vorsingen musste, das laut des Priesters irgendwie mit einem Mantra zu tun h\u00e4tte (ganz hatte ich ihn leider nicht verstanden) fand ich dann doch etwas zu weit gehend. Wenn der weitere Inhalt der Predigt dann f\u00fcr meine Begriffe nicht ganz so nichtssagend gewesen w\u00e4re (auf die Lesung und die Stelle aus dem Evangelium ging er z.B. <em>\u00fcberhaupt nicht<\/em> ein), dann h\u00e4tte ich ja nichts gesagt. Aber so&#8230;<\/p>\n<p>Ich habe nichts gegen den Priester pers\u00f6nlich, aber da muss man sich doch nicht wundern, warum so viele Katholiken den Gottesdiensten fernbleiben und so viele &#8220;Freikirchler&#8221; \u00fcber die katholische Kirche herziehen, oder?<\/p>\n<p>Nun ja, die \u00e4lteren Frauen, die mit mir nach dem Gottesdienst in den Aufzug zur U-Bahn stiegen sahen das offensichtlich anders. Eine meinte n\u00e4mlich zu anderen, dass es an der <em>lauten Orgel<\/em> l\u00e4ge, dass immer mehr Leute wegblieben. Aha&#8230;<\/p>\n","protected":false},"excerpt":{"rendered":"<p>Es ist gar nicht so leicht einen katholischen Gottesdienst zu finden, bei dem man kleine Kinder mitnehmen kann. Das mussten wir (meine Frau Connie, unsere beiden S\u00f6hne Paul (4), Lennart (2) und ich) heute mal wieder feststellen. Ich habe gestern extra nochmal im Internet recherchiert welche katholische Pfarrei einen (extra) Kindergottesdienst anbietet. Ich dachte, das [&hellip;]<\/p>\n","protected":false},"author":1,"featured_media":0,"comment_status":"open","ping_status":"open","sticky":false,"template":"","format":"standard","meta":{"jetpack_post_was_ever_published":false,"_jetpack_newsletter_access":"","_jetpack_dont_email_post_to_subs":false,"_jetpack_newsletter_tier_id":0,"_jetpack_memberships_contains_paywalled_content":false,"_jetpack_memberships_contains_paid_content":false,"footnotes":""},"categories":[2],"tags":[],"class_list":["post-1070","post","type-post","status-publish","format-standard","hentry","category-allgemein"],"jetpack_featured_media_url":"","jetpack_shortlink":"https:\/\/wp.me\/p4Sdv6-hg","jetpack_sharing_enabled":true,"_links":{"self":[{"href":"https:\/\/www.projekt-kirche.de\/index.php?rest_route=\/wp\/v2\/posts\/1070","targetHints":{"allow":["GET"]}}],"collection":[{"href":"https:\/\/www.projekt-kirche.de\/index.php?rest_route=\/wp\/v2\/posts"}],"about":[{"href":"https:\/\/www.projekt-kirche.de\/index.php?rest_route=\/wp\/v2\/types\/post"}],"author":[{"embeddable":true,"href":"https:\/\/www.projekt-kirche.de\/index.php?rest_route=\/wp\/v2\/users\/1"}],"replies":[{"embeddable":true,"href":"https:\/\/www.projekt-kirche.de\/index.php?rest_route=%2Fwp%2Fv2%2Fcomments&post=1070"}],"version-history":[{"count":1,"href":"https:\/\/www.projekt-kirche.de\/index.php?rest_route=\/wp\/v2\/posts\/1070\/revisions"}],"predecessor-version":[{"id":6236,"href":"https:\/\/www.projekt-kirche.de\/index.php?rest_route=\/wp\/v2\/posts\/1070\/revisions\/6236"}],"wp:attachment":[{"href":"https:\/\/www.projekt-kirche.de\/index.php?rest_route=%2Fwp%2Fv2%2Fmedia&parent=1070"}],"wp:term":[{"taxonomy":"category","embeddable":true,"href":"https:\/\/www.projekt-kirche.de\/index.php?rest_route=%2Fwp%2Fv2%2Fcategories&post=1070"},{"taxonomy":"post_tag","embeddable":true,"href":"https:\/\/www.projekt-kirche.de\/index.php?rest_route=%2Fwp%2Fv2%2Ftags&post=1070"}],"curies":[{"name":"wp","href":"https:\/\/api.w.org\/{rel}","templated":true}]}}