{"id":1111,"date":"2009-06-18T15:22:35","date_gmt":"2009-06-18T13:22:35","guid":{"rendered":"http:\/\/sschweizer.wordpress.com\/?p=1111"},"modified":"2020-05-08T19:02:11","modified_gmt":"2020-05-08T17:02:11","slug":"bist-du-gluecklich","status":"publish","type":"post","link":"https:\/\/www.projekt-kirche.de\/?p=1111","title":{"rendered":"Bist du gl\u00fccklich?"},"content":{"rendered":"<div class=\"shariff\" data-title=\"Bist du gl\u00fccklich?\" data-info-url=\"http:\/\/ct.de\/-2467514\" data-backend-url=\"https:\/\/www.projekt-kirche.de\/wp-content\/plugins\/shariff-sharing\/backend\/index.php\" data-temp=\"\/tmp\" data-ttl=\"60\" data-service=\"gftr\" data-services='[\"googleplus\",\"facebook\",\"twitter\",\"reddit\",\"info\"]' data-image=\"\" data-url=\"https:\/\/www.projekt-kirche.de\/?p=1111\" data-lang=\"de\" data-theme=\"colored\" data-orientation=\"horizontal\"><\/div><p>Ich gebe zu, eine etwas provokante Frage. Wer ist schon <em>wirklich<\/em> gl\u00fccklich? (mal abgesehen von den Frischverliebten \ud83d\ude09 )<\/p>\n<p>Ich finde, dass das Thema &#8220;Gl\u00fcck&#8221; tats\u00e4chlich sehr wichtig ist. Es bestimmt unser Leben und unsere Ziele.<\/p>\n<p>Sind wir wirklich gl\u00fccklich?<\/p>\n<p>Und jetzt beziehe ich die Frage mal vor allem auf uns Christen: Sind wir tats\u00e4chlich gl\u00fccklich bzw. gl\u00fccklicher als die Nichtchristen? Oder hadern wir mit Gottes Geboten, die uns das Leben sehr viel schwieriger statt einfacher zu machen scheinen?<\/p>\n<p>Die Frage ist ernst gemeint. Es reicht ja nicht aus, rein verstandesm\u00e4\u00dfig &#8220;alles zu haben&#8221; oder gar <em>die<\/em> Wahrheit gefunden zu haben. Wir m\u00fcssen damit auch gl\u00fccklich werden (k\u00f6nnen). Uns richtig gl\u00fccklich <em>f\u00fchlen<\/em>.<\/p>\n<p>Und wenn ich von &#8220;Gl\u00fcck&#8221; oder &#8220;gl\u00fccklich sein&#8221; spreche, meine ich nicht nur oberfl\u00e4chliches Gl\u00fcck, sondern tief empfundene Freude. Am Leben. Am Leben mit Gott. Und Freude an Seinen Geboten(!).<\/p>\n<p><!--more-->Ich wei\u00df, dass es vielen Christen schwer f\u00e4llt, sich gl\u00fccklich zu f\u00fchlen. Trotz Gott. Oder gar gerade deswegen. Es f\u00e4llt ihnen schwer Gott zu &#8220;verstehen&#8221;. Ganz zu schweigen von der Sinnhaftigkeit mancher Seiner Gebote (zumindest wie <em>wir <\/em>sie verstehen).<\/p>\n<p>Wie geht es <em>dir<\/em> damit? Wie gehst <em>du<\/em> damit um?<\/p>\n<p>Ich pers\u00f6nlich f\u00fchle mich zur zeit eigentlich sehr gl\u00fccklich. Und das obwohl Einiges in meinem Leben (immer noch) nicht wirklich gut und rund l\u00e4uft.<\/p>\n<p>Z.B. belastet meine h\u00e4ufige Zeit am Computer meine Ehe. Ich habe wirklich Schwierigkeiten meine Priorit\u00e4ten richtig zu setzen. Und das tut mir auch sehr leid (ehrlich). Aber ich arbeite dran&#8230; (das ist kein Widerspruch. Zur Zeit sind meine Frau und die Kinder nicht da \ud83d\ude09 )<\/p>\n<p>Oder meine Depressionen die letzten Tage (ja, leider habe ich immer noch solche Phasen, auch wenn sie gl\u00fccklicherweise nicht mehr ganz so stark sind wie fr\u00fcher).<\/p>\n<p>Oder der Umstand, dass ich in den letzten Wochen sehr oft krank war (wie heute z.B. auch wieder, obwohl ich doch heute frei habe! Bl\u00f6d aber auch \ud83d\ude41 ).<\/p>\n<p>Oder, dass ich vor einigen Tagen ein schwieriges Gespr\u00e4ch mit einem Freunden hatte, das mich auch richtig traurig gemacht hat.<\/p>\n<p>Oder, dass Connie und ich noch nicht unseren Platz in der kath. Kirche gefunden haben (ja, nicht alles in der kath. Kirche ist so wie es sein sollte. Aber da ist ja nichts Neues, gell \ud83d\ude09 ).<\/p>\n<p>Oder, dass ich chronisch schlecht schlafe und selten richtig fit am Tag bin.<\/p>\n<p>Und dann noch meine h\u00e4ufigen Kopf- und R\u00fcckenschmerzen.<\/p>\n<p>Wow, mir f\u00e4llt ja richtig viel ein, wenn ich \u00fcber meine &#8220;Leiden&#8221; nachdenke&#8230; \ud83d\ude09<\/p>\n<p>Aber dennoch bin ich gl\u00fccklich.<\/p>\n<p>Weil ich ein Ziel im Leben habe. Und eine Grundlage.<\/p>\n<p>Ich habe mich noch nie so sicher im Glauben gef\u00fchlt wie heute. Und ich hatte noch nie so viele Visionen f\u00fcr mein Leben wie diese Tage.<\/p>\n<p>Oder ist das etwa alles Einbildung (ich hoffe mal nicht \ud83d\ude09 )?<\/p>\n<p>Meine (ernstgemeinte) Frage bleibt an dich: wie geht es <em>dir <\/em>mit deinem Gl\u00fcck? Deinem Glauben? Deinem Leben?<\/p>\n<p>Bist du gl\u00fccklich?<\/p>\n","protected":false},"excerpt":{"rendered":"<p>Ich gebe zu, eine etwas provokante Frage. Wer ist schon wirklich gl\u00fccklich? (mal abgesehen von den Frischverliebten \ud83d\ude09 ) Ich finde, dass das Thema &#8220;Gl\u00fcck&#8221; tats\u00e4chlich sehr wichtig ist. Es bestimmt unser Leben und unsere Ziele. Sind wir wirklich gl\u00fccklich? Und jetzt beziehe ich die Frage mal vor allem auf uns Christen: Sind wir tats\u00e4chlich [&hellip;]<\/p>\n","protected":false},"author":1,"featured_media":0,"comment_status":"open","ping_status":"open","sticky":false,"template":"","format":"standard","meta":{"jetpack_post_was_ever_published":false,"_jetpack_newsletter_access":"","_jetpack_dont_email_post_to_subs":false,"_jetpack_newsletter_tier_id":0,"_jetpack_memberships_contains_paywalled_content":false,"_jetpack_memberships_contains_paid_content":false,"footnotes":""},"categories":[2],"tags":[170],"class_list":["post-1111","post","type-post","status-publish","format-standard","hentry","category-allgemein","tag-gluck"],"jetpack_featured_media_url":"","jetpack_shortlink":"https:\/\/wp.me\/p4Sdv6-hV","jetpack_sharing_enabled":true,"_links":{"self":[{"href":"https:\/\/www.projekt-kirche.de\/index.php?rest_route=\/wp\/v2\/posts\/1111","targetHints":{"allow":["GET"]}}],"collection":[{"href":"https:\/\/www.projekt-kirche.de\/index.php?rest_route=\/wp\/v2\/posts"}],"about":[{"href":"https:\/\/www.projekt-kirche.de\/index.php?rest_route=\/wp\/v2\/types\/post"}],"author":[{"embeddable":true,"href":"https:\/\/www.projekt-kirche.de\/index.php?rest_route=\/wp\/v2\/users\/1"}],"replies":[{"embeddable":true,"href":"https:\/\/www.projekt-kirche.de\/index.php?rest_route=%2Fwp%2Fv2%2Fcomments&post=1111"}],"version-history":[{"count":1,"href":"https:\/\/www.projekt-kirche.de\/index.php?rest_route=\/wp\/v2\/posts\/1111\/revisions"}],"predecessor-version":[{"id":6234,"href":"https:\/\/www.projekt-kirche.de\/index.php?rest_route=\/wp\/v2\/posts\/1111\/revisions\/6234"}],"wp:attachment":[{"href":"https:\/\/www.projekt-kirche.de\/index.php?rest_route=%2Fwp%2Fv2%2Fmedia&parent=1111"}],"wp:term":[{"taxonomy":"category","embeddable":true,"href":"https:\/\/www.projekt-kirche.de\/index.php?rest_route=%2Fwp%2Fv2%2Fcategories&post=1111"},{"taxonomy":"post_tag","embeddable":true,"href":"https:\/\/www.projekt-kirche.de\/index.php?rest_route=%2Fwp%2Fv2%2Ftags&post=1111"}],"curies":[{"name":"wp","href":"https:\/\/api.w.org\/{rel}","templated":true}]}}