{"id":115,"date":"2008-08-27T13:41:18","date_gmt":"2008-08-27T11:41:18","guid":{"rendered":"http:\/\/sschweizer.wordpress.com\/?p=115"},"modified":"2020-05-08T17:08:32","modified_gmt":"2020-05-08T15:08:32","slug":"reformer-oder-haretiker","status":"publish","type":"post","link":"https:\/\/www.projekt-kirche.de\/?p=115","title":{"rendered":"Reformer oder H\u00e4retiker?"},"content":{"rendered":"<div class=\"shariff\" data-title=\"Reformer oder H\u00e4retiker?\" data-info-url=\"http:\/\/ct.de\/-2467514\" data-backend-url=\"https:\/\/www.projekt-kirche.de\/wp-content\/plugins\/shariff-sharing\/backend\/index.php\" data-temp=\"\/tmp\" data-ttl=\"60\" data-service=\"gftr\" data-services='[\"googleplus\",\"facebook\",\"twitter\",\"reddit\",\"info\"]' data-image=\"\" data-url=\"https:\/\/www.projekt-kirche.de\/?p=115\" data-lang=\"de\" data-theme=\"colored\" data-orientation=\"horizontal\"><\/div><p>Was w\u00e4re eigentlich, wenn wir nicht wirklich Reformer des christlichen Glaubens w\u00e4ren (so wie wir i.d.R. alle von uns denken), sondern in Wahrheit, d.h. in den Augen Gottes, H\u00e4retiker, d.h. Irrlehrer und Spalter des Leibes Christi?<\/p>\n<p>Schon einmal dar\u00fcber nachgedacht?<\/p>\n<p>Wie sicher k\u00f6nnen wir sein, dass unsere Vorstellung von Christentum und unsere Lehre bzw. Praxis wirklich richtig ist?<\/p>\n<p>Wer hat sich schon einmal die M\u00fche gemacht, dem christlichen Glauben wirklich auf den Grund zu gehen?<\/p>\n<p><!--more--><\/p>\n<p>Ich denke, dass die meisten von uns ziemlich festgefahrene Glaubens\u00fcberzeugungen haben. Nat\u00fcrlich sollen wir fest im Glauben stehen und uns nicht von allem und jedem (sofort) ins Wanken bringen lassen.<\/p>\n<p>Aber ist der Glaube, den wir haben wirklich auch genau der, der von den Aposteln \u00fcberliefert wurde?<\/p>\n<p>Oder ist das Fundament unseres Glaubens in vielen Punkten lediglich unsere eigene Meinung bzw. die unseres Pastors?<\/p>\n<p>Haben wir denn eine gesunde Selbstkritik in dieser so wichtigen Frage?<\/p>\n<p>Wie hat sich denn der christliche Glauben historisch (wirklich) entwickelt?<\/p>\n<p>Was glaubten die ersten Christen?<\/p>\n<p>Und wurde dieser Glauben sp\u00e4ter verf\u00e4lscht bzw. ver\u00e4ndert?<\/p>\n<p>Wenn ja, wie und wann und was waren die Ursachen daf\u00fcr?<\/p>\n<p>Also nochmals meine bewusst provokative (aber ernst gemeinte) Frage: Sind wir Reformer des christlichen Glaubens, die den urspr\u00fcnglichen Glauben wiederherstellen oder sind wir H\u00e4retiker, die von den Aposteln \u00fcberlieferte Glaube wegf\u00fchren?<\/p>\n<p>Sind wir Streiter f\u00fcr die Einheit der Christenheit oder vielleicht doch eher Spalter (bewusst oder unbewusst)?<\/p>\n<p>David Bercot hat in seinem (\u00fcbrigens sehr empfehlenswerten) Buch \u201eWill the Real Heretics Please Stand Up&#8221; die (historisch und biblisch begr\u00fcndete) These aufgestellt, dass wir so ziemlich alle vom urspr\u00fcnglichen Glauben abgedriftet sind.<\/p>\n<p>D.h., dass in Wahrheit wir keine Reformer des Glaubens, sondern eigentlich selbst H\u00e4retiker sind.<\/p>\n<p>An dieser Stelle sollten wir kurz inne halten, bevor wir mit der Verteidigung unseres Glaubens loslegen. Kann da was dran sein?<\/p>\n<p>Wir werden einmal alle Rechenschaft vor Gott f\u00fcr unser Leben ablegen m\u00fcssen. F\u00fcr jedes Wort, das wir gesprochen oder gedacht haben und jede Tat, die wir getan bzw. eben nicht getan haben.<\/p>\n<p>Ich will hier erstmal nur auf die christlichen LEHREN eingehen, die wir vertreten und an andere weitergeben. Vor allem m\u00f6chte ich auf Fragen der Lehren eingehen, die uns Christen in den verschiedenen Konfessionen und (Frei-) Kirchen voneinander trennen (und damit zur Spaltung gef\u00fchrt haben).<\/p>\n<p>Hier einmal ein paar Beispiele:<\/p>\n<ul>\n<li>Ist die Taufe rettungsnotwendig?<\/li>\n<li>Ist die Kinder- (bzw. Baby-) Taufe (biblisch) zul\u00e4ssig\/g\u00fcltig?<\/li>\n<li>Wie muss die Taufe durchgef\u00fchrt werden bzw. die T\u00e4uflinge vorbereitet werden, damit diese g\u00fcltig ist?<\/li>\n<li>Sind die Menschen, die nicht richtig getauft sind verloren?<\/li>\n<li>Ist das Abendmahl bzw. die Eucharistie nur als Gedenkfeier zu verstehen oder ist Jesus Christus in Brot und Wein tats\u00e4chlich anwesend (Wandlung)?<\/li>\n<li>Ist die Verehrung (bzw. Bitte um F\u00fcrsprache) der sog. \u201eHeiligen&#8221; richtig bzw. zul\u00e4ssig?<\/li>\n<li>Kann es heute immer noch (\u00fcbernat\u00fcrliche) Wundergaben des Hl. Geistes geben?<\/li>\n<li>D\u00fcrfen wir Gemeinschaft oder Kontakt haben mit Christen anderer Gemeinden, die aus unserer Sicht Irrlehren vertreten?<\/li>\n<\/ul>\n<p>Das sind keine nebens\u00e4chlichen Fragen, da solche Lehrfragen zu dauerhaften Spaltungen in der Christenheit gef\u00fchrt und eine \u201eWiedervereinigung&#8221; bis auf den heutigen Tag verhindert haben.<\/p>\n<p>Um es noch mal ganz klar zu sagen: jede Spaltung im (wahren) Leib Christi ist eine ernsthafte S\u00fcnde, die zum Verlust der eigenen Rettung f\u00fchren kann und ggf. wird (<a title=\"Einheit der Christen\" href=\"http:\/\/sschweizer.wordpress.com\/2008\/08\/25\/einheit-der-christen\/\" target=\"_blank\" rel=\"noopener noreferrer\">siehe auch meinen Blog-Artikel \u201eEinheit der Christen&#8221;<\/a>)!<\/p>\n<p>Nicht umsonst hei\u00dft es in der Schrift:<\/p>\n<p>\u00a0<em>\u201eLiebe Br\u00fcder, da es mich sehr dr\u00e4ngt, euch \u00fcber unsere gemeinsame Rettung zu schreiben, halte ich es f\u00fcr notwendig, euch mit diesem Brief zu ermahnen: K\u00e4mpft f\u00fcr den \u00fcberlieferten Glauben, der den Heiligen ein f\u00fcr allemal anvertraut ist.&#8221;<\/em> (<a href=\"https:\/\/www.bibleserver.com\/NLB\/Judas3\" class=\"bibleserver extern\" target=\"_blank\" rel=\"noopener noreferrer\">Jud 1,3<\/a> \/ Einheits\u00fcbersetzung)<\/p>\n<p><em>\u201eNicht so viele von euch sollen Lehrer werden, meine Br\u00fcder. Ihr wisst, dass wir im Gericht strenger beurteilt werden.&#8221;<\/em> (<a href=\"https:\/\/www.bibleserver.com\/NLB\/Jakobus3%2C1\" class=\"bibleserver extern\" target=\"_blank\" rel=\"noopener noreferrer\">Jak 3,1<\/a> \/ Einheits\u00fcbersetzung)<\/p>\n<p>Ich pers\u00f6nlich bin \u00fcberzeugt, dass es unsere mangelnde Liebe zu Gott, Seiner Wahrheit und unseren Geschwistern im Glauben ist zusammen mit unserem mangelnden Eifer und unserer Unbelehrbarkeit, die uns alle mehr oder weniger stark zu H\u00e4retikern macht und eben NICHT zu Reformern.<\/p>\n<p>Ich stelle hier mal ein paar beispielhafte Thesen auf und w\u00fcrde mich \u00fcber Eure Meinung dar\u00fcber interessieren:<\/p>\n<ul type=\"disc\">\n<li>Nicht alles, was die katholische Kirche lehrt ist falsch (\u201eerschreckenderweise&#8221; ist das Meiste sogar richtig!)<\/li>\n<li>Die protestantischen und evangelikalen Christen sind i.d.R. genauso wenig an der \u201eWahrheit&#8221; interessiert und belehrbar wie man es den Katholiken h\u00e4ufig vorwirft<\/li>\n<li>Die Taufe ist notwendig, um in das Reich Gottes zu gelangen (also gerettet zu werden, auch wenn Gott nat\u00fcrlich \u201eAusnahmen&#8221; machen kann, wenn es die Gl\u00e4ubigen nicht besser wissen)<\/li>\n<li>Die Kinder- bzw. Babytaufe ist &#8211; entgegen meiner fr\u00fcheren Ansicht &#8211; voll g\u00fcltig(!) bzw. sogar geboten (wenn auch nicht zwingend), sofern die Eltern Christen sind und ihr Kind im christlichen Glauben erziehen (hierzu gibt es \u00fcbrigens historische und auch biblische Belege)<\/li>\n<li>Die \u201eWandlungstheorie&#8221; der katholischen Kirche bzgl. des Abendmahls darf NICHT einfach als unbiblisch verworfen werden (ansonsten m\u00fcsste man so ziemlich allen rechtgl\u00e4ubigen Christen seit den Aposteln inkl. die biblischen Belege hierf\u00fcr verwerfen)<\/li>\n<\/ul>\n<p>Ok, ich denke, dass reicht erstmal, damit jetzt alle \u00fcber mich herfallen \ud83d\ude42<\/p>\n<p>Ich will mit meinen durchaus provokativen (aber ernst gemeinten) Thesen in erster Linie bezwecken, dass sich zumindest einige von uns Christen endlich die M\u00fche machen, erst gr\u00fcndlich (und unvoreingenommen) zu recherchieren, bevor man lehrt bzw. sich auch mal selbst korrigieren l\u00e4sst, wenn eine Lehrmeinung mal falsch war.<\/p>\n<p>Es gibt aus meiner Sicht recht viele unn\u00f6tig strittige Lehrfragen, die zu Spaltungen gef\u00fchrt haben. Einerseits sind wir bei einigen Lehrfragen viel zu tolerant (z.B. wo die Bibel absolut eindeutig und klar ist) und in anderen Fragen viel zu engstirnig (bei Fragen, die z.B. keine wirklich Grundlage in der Bibel haben bzw. als Meinungssache so stehen gelassen werden k\u00f6nnen und m\u00fcssen).<\/p>\n<p>Es ist doch seltsam wie einig sich die Kirchenv\u00e4ter in so ziemlich allen wichtigen Lehrfragen \u00fcber Jahrhunderte hinweg waren und wir uns heute \u00fcber alles m\u00f6gliche streiten, obwohl die wenigsten von uns wirklich gut recherchierte Sachargumente haben. In den meisten F\u00e4llen braucht es m.E. noch nicht einmal den Heiligen Geist, um zu erkennen, was richtig und falsch ist (fragt mal Nichtchristen mit gesunden Menschenverstand, die sind oft weiser als wir selbst!)<\/p>\n<p>Jetzt aber w\u00fcrde mich Eure Meinung(en) hierzu interessieren&#8230;<\/p>\n","protected":false},"excerpt":{"rendered":"<p>Was w\u00e4re eigentlich, wenn wir nicht wirklich Reformer des christlichen Glaubens w\u00e4ren (so wie wir i.d.R. alle von uns denken), sondern in Wahrheit, d.h. in den Augen Gottes, H\u00e4retiker, d.h. Irrlehrer und Spalter des Leibes Christi? Schon einmal dar\u00fcber nachgedacht? Wie sicher k\u00f6nnen wir sein, dass unsere Vorstellung von Christentum und unsere Lehre bzw. Praxis [&hellip;]<\/p>\n","protected":false},"author":1,"featured_media":0,"comment_status":"open","ping_status":"open","sticky":false,"template":"","format":"standard","meta":{"jetpack_post_was_ever_published":false,"_jetpack_newsletter_access":"","_jetpack_dont_email_post_to_subs":false,"_jetpack_newsletter_tier_id":0,"_jetpack_memberships_contains_paywalled_content":false,"_jetpack_memberships_contains_paid_content":false,"footnotes":""},"categories":[2],"tags":[175,183,250],"class_list":["post-115","post","type-post","status-publish","format-standard","hentry","category-allgemein","tag-haresie","tag-irrlehren","tag-reformen"],"jetpack_featured_media_url":"","jetpack_shortlink":"https:\/\/wp.me\/p4Sdv6-1R","jetpack_sharing_enabled":true,"_links":{"self":[{"href":"https:\/\/www.projekt-kirche.de\/index.php?rest_route=\/wp\/v2\/posts\/115","targetHints":{"allow":["GET"]}}],"collection":[{"href":"https:\/\/www.projekt-kirche.de\/index.php?rest_route=\/wp\/v2\/posts"}],"about":[{"href":"https:\/\/www.projekt-kirche.de\/index.php?rest_route=\/wp\/v2\/types\/post"}],"author":[{"embeddable":true,"href":"https:\/\/www.projekt-kirche.de\/index.php?rest_route=\/wp\/v2\/users\/1"}],"replies":[{"embeddable":true,"href":"https:\/\/www.projekt-kirche.de\/index.php?rest_route=%2Fwp%2Fv2%2Fcomments&post=115"}],"version-history":[{"count":4,"href":"https:\/\/www.projekt-kirche.de\/index.php?rest_route=\/wp\/v2\/posts\/115\/revisions"}],"predecessor-version":[{"id":8455,"href":"https:\/\/www.projekt-kirche.de\/index.php?rest_route=\/wp\/v2\/posts\/115\/revisions\/8455"}],"wp:attachment":[{"href":"https:\/\/www.projekt-kirche.de\/index.php?rest_route=%2Fwp%2Fv2%2Fmedia&parent=115"}],"wp:term":[{"taxonomy":"category","embeddable":true,"href":"https:\/\/www.projekt-kirche.de\/index.php?rest_route=%2Fwp%2Fv2%2Fcategories&post=115"},{"taxonomy":"post_tag","embeddable":true,"href":"https:\/\/www.projekt-kirche.de\/index.php?rest_route=%2Fwp%2Fv2%2Ftags&post=115"}],"curies":[{"name":"wp","href":"https:\/\/api.w.org\/{rel}","templated":true}]}}