{"id":1153,"date":"2009-09-05T17:54:49","date_gmt":"2009-09-05T15:54:49","guid":{"rendered":"http:\/\/sschweizer.wordpress.com\/?p=1153"},"modified":"2020-06-21T14:50:16","modified_gmt":"2020-06-21T12:50:16","slug":"beliebte-irrtumer-uber-die-kath-kirche-teil-1","status":"publish","type":"post","link":"https:\/\/www.projekt-kirche.de\/?p=1153","title":{"rendered":"Beliebte Irrt\u00fcmer \u00fcber die kath. Kirche (Teil 1)"},"content":{"rendered":"<div class=\"shariff\" data-title=\"Beliebte Irrt\u00fcmer \u00fcber die kath. Kirche (Teil 1)\" data-info-url=\"http:\/\/ct.de\/-2467514\" data-backend-url=\"https:\/\/www.projekt-kirche.de\/wp-content\/plugins\/shariff-sharing\/backend\/index.php\" data-temp=\"\/tmp\" data-ttl=\"60\" data-service=\"gftr\" data-services='[\"googleplus\",\"facebook\",\"twitter\",\"reddit\",\"info\"]' data-image=\"\" data-url=\"https:\/\/www.projekt-kirche.de\/?p=1153\" data-lang=\"de\" data-theme=\"colored\" data-orientation=\"horizontal\"><\/div><p>Vor ein paar Tagen hat <a title=\"Wegbegleiters Blog\" href=\"http:\/\/wegbegleiter.wordpress.com\/\" target=\"_blank\" rel=\"noopener noreferrer\">Wegbegleiter<\/a> durch seinen Blog-Beitrag &#8220;<a title=\"Wegbegleiters Blog-Beitrag\" href=\"http:\/\/wegbegleiter.wordpress.com\/2009\/08\/27\/ehrlich-wo-mich-die-katholische-kirche-wutend-macht\/\" target=\"_blank\" rel=\"noopener noreferrer\">Ehrlich: wo mich die katholische Kirche w\u00fctend macht (und traurig)<\/a>&#8221; eine sehr rege und interessante <a title=\"Kommentare zu Wegbegleiters Blog-Beitrag\" href=\"http:\/\/wegbegleiter.wordpress.com\/2009\/08\/27\/ehrlich-wo-mich-die-katholische-kirche-wutend-macht\/#comments\" target=\"_blank\" rel=\"noopener noreferrer\">Diskussion<\/a> \u00fcber die katholische Kirche &#8220;losgetreten&#8221;.<\/p>\n<p>Ich musste dabei mal wieder feststellen, dass es doch eine Menge Missverst\u00e4ndnisse bzgl. der Lehren und Praktiken der kath. Kirche gibt (z.B. bzgl. Kindertaufe, Marienverehrung, etc.).<\/p>\n<p>Von Dirk, einem Diskussionsteilnehmer habe ich am Ende der Diskussion den Hinweis auf die von <a title=\"www.soundwords.de\" href=\"http:\/\/www.soundwords.de\" target=\"_blank\" rel=\"noopener noreferrer\">SoundWords<\/a> auf Deutsch \u00fcbersetzte und ver\u00f6ffentlichte Schrift &#8220;<a title=\"Die r\u00f6misch-katholische Lehre im Lichte der Heiligen Schrift\" href=\"http:\/\/www.soundwords.de\/artikel.asp?id=4442\" target=\"_blank\" rel=\"noopener noreferrer\">Die r\u00f6misch-katholische Lehre im Lichte der Heiligen Schrift<\/a>&#8221; von Keith L. Brooks erhalten. Dort werden eine ganze Reihe von Themen wie &#8220;Die Heilige Schrift&#8221;, &#8220;Die Kirche&#8221;, &#8220;Das Papsttum&#8221;, &#8220;Der Marienkult und die Verehrung von Bildwerken&#8221; etc. behandelt und die angeblich falschen Lehren und Praktiken der kath. Kirche verurteilt.<\/p>\n<p>Dabei werden altbekannte Vorw\u00fcrfe gegen die kath. Kirche vorgebracht, die m.E. jedoch in vielen F\u00e4llen auf einem mangelnden Verst\u00e4ndnis der kath. Lehren, auf fehlerhafter Darstellung (kirchen-)historischer Fakten und teilweise auch einer Verdrehung kath. Lehren beruhen. Ob dies aus Unkenntnis oder aus Antipathie der kath. Kirche gegen\u00fcber herr\u00fchrt, kann ich nat\u00fcrlich nicht beurteilen und spielt auch erstmal f\u00fcr diesen Beitrag keine Rolle.<\/p>\n<p>Im Folgenden m\u00f6chte ich nun versuchen, anhand der genannten Schrift einige der weit verbreiteten Irrt\u00fcmer \u00fcber die kath. Kirche richtig zu stellen (soweit ich dazu in der Lage bin, da ich kein studierter kath. Theologe\/Kirchenhistoriker bin).<\/p>\n<p>Mein Anliegen ist dabei \u00fcbrigens nicht in erster Linie die kath. Kirche zu verteidigen oder sie gar als vollkommen bzw. ohne S\u00fcnde darzustellen, sondern durch die Darstellung der kath. Sicht zu einem sachlichen und fairen Dialog zwischen protestantisch\/freikirchlichen und katholischen Christen beizutragen.<\/p>\n<p>Und nat\u00fcrlich bin ich jederzeit dankbar f\u00fcr Hinweise, wo ich Sachverhalte irrt\u00fcmlicher selbst fehlerhaft dargestellt habe&#8230; \ud83d\ude09<\/p>\n<h3><!--more-->Die Heilige Schrift<\/h3>\n<p>Zu:<\/p>\n<blockquote><p><span style=\"font-family: Trebuchet MS; font-size: x-small;\"><strong>Der Katholizismus lehrt: <\/strong><br \/>\nDie Schriften des Alten und Neuen Testaments bilden nur einen Teil des Wortes Gottes. Sie werden erg\u00e4nzt von anderen, ebenfalls inspirierten Schriften (Apokryphen, p\u00e4pstliche und kirchliche \u00dcberlieferungen).<\/span><\/p><\/blockquote>\n<p>Zun\u00e4chst stellt sich mir hier die Frage, was der Autor mit &#8220;Wort Gottes&#8221; meint. Falls er mit &#8220;Wort Gottes&#8221; die Hl. Schrift, die Bibel also meint, dann ist obige Aussage schlichtweg falsch. Denn die kath. Kirche lehrt eben <em>nicht<\/em>, dass eine Schrift au\u00dferhalb des (kath.!) Bibelkanons (vom Hl. Geist) inspiriert sei (auch keine kirchliche \u00dcberlieferungen oder p\u00e4pstliche Schreiben) und somit der Hl. Schrift gleichzusetzen w\u00e4re.<\/p>\n<p>Leider fehlt im oben angegeben Zitat eine Quellenangabe (zumindest in der deutschen \u00dcbersetzung), so dass ich nicht nachvollziehen kann wie der Autor zu dieser Aussage gekommen ist.<\/p>\n<p>Richtig ist jedoch (vielleicht hatte das der Autor im Kopf), dass die kath. Kirche lehrt, dass auch die kirchliche (m\u00fcndliche) \u00dcberlieferung (&#8220;Tradition&#8221;) genauso wie die Hl. Schrift ihren Ursprung in Gott hat und damit Wahrheit lehrt.<\/p>\n<p>So steht im Katechismus der kath. Kirche (KKK, siehe <a title=\"Katechismus der katholischen Kirche\" href=\"http:\/\/www.vatican.va\/archive\/DEU0035\/_INDEX.HTM\" target=\"_blank\" rel=\"noopener noreferrer\">Ausgabe 1997<\/a> bzw. <a title=\"Katechismus der katholischen Kirche\" href=\"http:\/\/overkott.dyndns.org\/kkk-suche.htm\" target=\"_blank\" rel=\"noopener noreferrer\">Ausgabe 2003<\/a>) Folgendes:<\/p>\n<blockquote><p>,,Christus, der Herr, in dem die ganze Offenbarung des h\u00f6chsten Gottes sich vollendet, hat den Aposteln den Auftrag gegeben, das Evangelium, das, vordem durch die Propheten verhei\u00dfen, er selbst erf\u00fcllt und mit eigenem Munde verk\u00fcndet hat, als die Quelle aller heilsamen Wahrheit und Sittenlehre allen zu predigen und ihnen so g\u00f6ttliche Gaben mitzuteilen&#8221; (DV 7). (<a title=\"Katechismus der katholischen Kirche\" href=\"http:\/\/www.vatican.va\/archive\/DEU0035\/_PR.HTM\" target=\"_blank\" rel=\"noopener noreferrer\">KKK #75<\/a>)<\/p>\n<p>&#8220;Dem Willen des Herrn entsprechend geschah die Weitergabe des Evangeliums auf zwei Weisen:<br \/>\n&#8211; m\u00fcndlich ,,durch die Apostel, die in m\u00fcndlicher Predigt, durch Beispiel und Einrichtungen das weitergaben, was sie entweder aus Christi Mund, im Umgang mit ihm und durch seine Werke empfangen oder unter der Eingebung des Heiligen Geistes gelernt hatten&#8221;;<br \/>\n&#8211; schriftlich ,,durch jene Apostel und apostolischen M\u00e4nner, die unter der Inspiration desselben Heiligen Geistes die Botschaft vom Heil niederschrieben&#8221; (DV 7).&#8221; (<a title=\"Katechismus der katholischen Kirche\" href=\"http:\/\/www.vatican.va\/archive\/DEU0035\/_PR.HTM\" target=\"_blank\" rel=\"noopener noreferrer\">KKK #76<\/a>)<\/p>\n<p>,,Die Heilige \u00dcberlieferung und die Heilige Schrift sind eng miteinander verbunden und haben aneinander Anteil. Demselben g\u00f6ttlichen Quell entspringend, flie\u00dfen beide gewisserma\u00dfen in eins zusammen und streben demselben Ziel zu&#8221; (DV 9). (<a title=\"Katechismus der katholischen Kirche\" href=\"http:\/\/www.vatican.va\/archive\/DEU0035\/_PR.HTM\" target=\"_blank\" rel=\"noopener noreferrer\">KKK #80<\/a>)<\/p>\n<p>&#8220;Die \u00dcberlieferung [oder Tradition], von der wir hier sprechen, kommt von den Aposteln her und gibt das weiter, was diese der Lehre und dem Beispiel Jesu entnahmen und vom Heiligen Geist vernahmen. Die erste Christengeneration hatte ja noch kein schriftliches Neues Testament, und das Neue Testament selbst bezeugt den Vorgang der lebendigen \u00dcberlieferung.&#8221; (<a title=\"Katechismus der katholischen Kirche\" href=\"http:\/\/www.vatican.va\/archive\/DEU0035\/_PR.HTM\" target=\"_blank\" rel=\"noopener noreferrer\">KKK #83<\/a>)<\/p><\/blockquote>\n<p>Zu:<\/p>\n<blockquote><p><strong>Ist es erlaubt, zu Gottes Wort etwas hinzuzuf\u00fcgen?<\/strong><\/p><\/blockquote>\n<p>Hier behauptet der Autor ganz direkt, dass die kath. Kirche dem &#8220;Wort Gottes&#8221; (in diesem Fall kann nur die Bibel gemeint sein) etwas hinzugef\u00fcgt h\u00e4tte (gemeint sind hier ganz offensichtlich die angeblichen Apokryphen, kirchliche \u00dcberlieferungen und p\u00e4pstliche Schreiben).<\/p>\n<p>Wie oben schon erw\u00e4hnt, wird die kirchliche \u00dcberlieferung (&#8220;Tradition&#8221;) von der kath. Kirche <em>nicht <\/em>zum Bibelkanon hinzugerechnet und auch nicht die p\u00e4pstlichen Schreiben (jedoch ggf. durchaus als verbindliche Lehrmeinung).<\/p>\n<p>Die von den Protestanten als &#8220;Apokryphen&#8221; bezeichneten Schriften werden von der kath. Kirche als &#8220;deuterokanonische Schriften&#8221; (d.h. zeitlich sp\u00e4ter kanonisierte, jedoch gleichwertige Schriften) bezeichnet und zum Bibelkanon hinzugerechnet (z.B. 3.\/4. Buch Esra, 3.\/4. Buch der Makkab\u00e4er, <a title=\"kath. Apokryphen\" href=\"http:\/\/de.wikipedia.org\/wiki\/Apokryphe#Apokryphen_nach_dem_katholischen_Kanon\" target=\"_blank\" rel=\"noopener noreferrer\">siehe Wikipedia<\/a>). Dieser Kanon des AT wurde bereits im 4.Jh. n.Chr. auf einigen Synoden der Alten Kirche beschlossen (und nicht erst im 16Jh. auf dem tridentinischen Konzil wie unten behauptet, siehe bzgl. der\u00a0 Kanonbildung des AT z.B. die <a title=\"Catholic Encyclopedia\" href=\"http:\/\/www.newadvent.org\/cathen\/03267a.htm\" target=\"_blank\" rel=\"noopener noreferrer\">Catholic Encyclopedia<\/a>).<\/p>\n<p>Es ist zwar richtig, dass es bereits bei den fr\u00fchen Kirchenv\u00e4tern unterschiedliche Meinungen bzgl. der Kanoniz\u00e4t der\u00a0 genannten Schriften gab (z.B. bef\u00fcrwortete Hieronymus den k\u00fcrzeren j\u00fcdischen Kanon, den Tenach, und Augustinus den l\u00e4ngeren Kanon inkl. der Schriften, die in der Septuaginta, der griech. \u00dcbersetzung des ATs beinhaltet waren). Die Praxis der Kirche (d.h. die allg. Zitierung der deuterokanon. Schriften durch die fr\u00fchen Christen und Verwendung in der Glaubensunterweisung und im Gottesdienst) bezeugt jedoch seit fr\u00fchester Zeit, dass die deuterkanon. Schriften von der Kirche im Ganzen als zum AT geh\u00f6rend akzeptiert und respektiert wurden.<\/p>\n<blockquote><p><strong>Kann eine Schrift von Gott sein, wenn sie der Heiligen Schrift widerspricht?<\/strong><\/p><\/blockquote>\n<p>Mit dieser rhetorischen Frage behauptet der Autor ganz offensichtlich, dass die kath. Kirche mittels au\u00dferbiblischen Schriften der Hl. Schrift widerspricht. Leider zitiert er keine Schrift direkt und vers\u00e4umt auch ein Beispiel zu nennen. Denn diese Behauptung ist m.E. genauso irrt\u00fcmlich wie die obigen. Ich zumindest kenne keine offizielle kath. Lehrschrift, die der Bibel (offen) widerspricht.<\/p>\n<blockquote><p><strong>Sind die Apokryphen inspiriert?<\/strong><\/p>\n<p>Sie waren im Kanon des Alten Testaments nicht enthalten und sind von Christus oder den Aposteln nie angef\u00fchrt worden. Sie nehmen keine Inspiration f\u00fcr sich in Anspruch. Einige ihrer Schreiber verneinen diese. Auch von der katholischen Kirche wurden sie nicht als inspiriert angesehen. Erst auf dem Tridentinischen Konzil (1545-1563) wurden sie den Heiligen Schriften gleichgestellt.<\/p><\/blockquote>\n<p>Nat\u00fcrlich kann man nicht wirklich beweisen, ob eine Schrift &#8220;inspiriert&#8221; ist. Letztlich kann nur die (kath.) Kirche im Gesamten entscheiden welche Schriften vom Hl. Geist inspiriert sind und welche nicht (so entstand ja auch der Kanon des Neuen Testaments).\u00a0 Und wie gesagt behauptet die kath. Kirche, dass die von den Protestanten abwertend &#8220;Apokryphen&#8221; genannten Schriften zum Bibelkanon dazugeh\u00f6ren und damit &#8220;inspiriert&#8221; sind (Widerspr\u00fcche in den deuterokanon. Schriften zur restlichen udn von den Protestanten akzeptierte Hl. Schrift habe ich \u00fcbrigens noch nicht ausmachen k\u00f6nnen).<\/p>\n<p>Und ehrlich gesagt kann ich mir beim &#8220;Buch der Weisheit&#8221; wirklich nicht vorstellen, dass es nicht von Gott inspiriert ist, da es z.B. eine m.E. ganz klare messianische Prophezeiung auf Jesus Christus enth\u00e4lt:<\/p>\n<blockquote><p>&#8220;10 Lasst uns den Gerechten unterdr\u00fccken, der in Armut lebt, die Witwe nicht schonen und das graue Haar des betagten Greises nicht scheuen! 11 Unsere St\u00e4rke soll bestimmen, was Gerechtigkeit ist; denn das Schwache erweist sich als unn\u00fctz. 12 Lasst uns dem Gerechten auflauern! Er ist uns unbequem und steht unserem Tun im Weg. Er wirft uns Vergehen gegen das Gesetz vor und beschuldigt uns des Verrats an unserer Erziehung. 13 Er r\u00fchmt sich, die Erkenntnis Gottes zu besitzen, und nennt sich einen Knecht des Herrn. 14 Er ist unserer Gesinnung ein lebendiger Vorwurf, schon sein Anblick ist uns l\u00e4stig; 15 denn er f\u00fchrt ein Leben, das dem der andern nicht gleicht, und seine Wege sind grundverschieden. 16 Als falsche M\u00fcnze gelten wir ihm; von unseren Wegen h\u00e4lt er sich fern wie von Unrat. Das Ende der Gerechten preist er gl\u00fccklich und prahlt, Gott sei sein Vater. 17 Wir wollen sehen, ob seine Worte wahr sind, und pr\u00fcfen, wie es mit ihm ausgeht. 18 Ist der Gerechte wirklich Sohn Gottes, dann nimmt sich Gott seiner an und entrei\u00dft ihn der Hand seiner Gegner. 19 Roh und grausam wollen wir mit ihm verfahren, um seine Sanftmut kennen zu lernen, seine Geduld zu erproben. 20 Zu einem ehrlosen Tod wollen wir ihn verurteilen; er behauptet ja, es werde ihm Hilfe gew\u00e4hrt. 21 So denken sie, aber sie irren sich; denn ihre Schlechtigkeit macht sie blind. 22 Sie verstehen von Gottes Geheimnissen nichts, sie hoffen nicht auf Lohn f\u00fcr die Fr\u00f6mmigkeit und erwarten keine Auszeichnung f\u00fcr untadelige Seelen. 23 Gott hat den Menschen zur Unverg\u00e4nglichkeit erschaffen und ihn zum Bild seines eigenen Wesens gemacht. 24 Doch durch den Neid des Teufels kam der Tod in die Welt und ihn erfahren alle, die ihm angeh\u00f6ren.&#8221; (<a class=\"bibleserver extern\" href=\"https:\/\/www.bibleserver.com\/EU\/Weisheit2%2C10-24\" target=\"_blank\" rel=\"noopener noreferrer\">Weisheit 2,10-24<\/a>\/E\u00dc)<\/p><\/blockquote>\n<p>Also, wenn das nicht klar auf Jesus Christus prophetisch hinweist (Das Buch Weisheit wurde ca. 50 v.Chr. geschrieben, siehe <a title=\"Wikipedia\" href=\"http:\/\/de.wikipedia.org\/wiki\/Buch_der_Weisheit\" target=\"_blank\" rel=\"noopener noreferrer\">Wikipedia<\/a>), dann wei\u00df ich auch nicht mehr&#8230;<\/p>\n<p>Die Behauptung von Keith Brooks, dass die angeblichen Apokrypen erst auf dem Tridentinischen Konzil der Hl. Schrift gleichgestellt wurde ist w.o. bereits erw\u00e4hnt ein (leider weit verbreiteter) Irrtum. Denn auf dem Konzil von Trient wurden der bislang allgemein von der (kath.) Kirche akzeptierte Kanon nur nochmal best\u00e4tigt (<a title=\"Catholic Encyclopedia\" href=\"http:\/\/www.newadvent.org\/cathen\/15030c.htm\" target=\"_blank\" rel=\"noopener noreferrer\">siehe Catholic Encyclopedia<\/a>).<\/p>\n<p>Zu<\/p>\n<blockquote><p><strong>Sind die \u00dcberlieferungen (z. B. der &#8220;Kirchenv\u00e4ter&#8221;) inspiriert?<\/strong><\/p>\n<p>Sie wurden erst im Mittelalter von M\u00f6nchen herausgebracht. Davor hat man nichts von ihnen geh\u00f6rt. In der Heiligen Schrift sind sie nie enthalten gewesen. Sie widersprechen der Heiligen Schrift. Die haupts\u00e4chlichsten Lehren des Katholizismus gr\u00fcnden sich auf \u00dcberlieferungen.<\/p><\/blockquote>\n<p>Also, an dieser Aussage ist leider so ziemlich alles falsch.<\/p>\n<p>Die kirchlichen (schriftlichen) \u00dcberlieferung entstanden nicht erst im Mittelalter, sondern direkt nach Abschluss des Neuen Testaments, die Autoren waren nicht nur M\u00f6nche, sondern z.B. auch Philosophen wie Justin der M\u00e4rtyrer und die Schriften der fr\u00fchen Christen widersprechen (in aller Regel) auch nicht der Hl. Schrift.<\/p>\n<p>Hier mal eine Auflistung der kirchlichen Schriftsteller (siehe <a title=\"Wikipedia\" href=\"http:\/\/de.wikipedia.org\/wiki\/Kirchenv%C3%A4ter\" target=\"_blank\" rel=\"noopener noreferrer\">Wikipedia<\/a>):<\/p>\n<blockquote><p><strong>2. Jahrhundert n.Chr.<\/strong><br \/>\n<em>Die apostolischen V\u00e4ter, ca. 80-150 n. Chr.:<\/em><br \/>\no Klemens von Rom<br \/>\no Papias von Hierapolis<br \/>\no Ignatius von Antiochien<br \/>\no Polykarp von Smyrna<br \/>\no Hermas<br \/>\n<em>Apologeten<\/em><br \/>\no Aristides von Athen<br \/>\no Justin der M\u00e4rtyrer<br \/>\no Athenagoras von Athen<br \/>\no Iren\u00e4us von Lyon<br \/>\no Meliton von Sardes<\/p>\n<p><strong>3. Jahrhundert<br \/>\n<\/strong>o Origenes<em> (problematisch)<\/em><br \/>\no Tertullian <em>(problematisch)<\/em><br \/>\no Clemens von Alexandria<br \/>\no Cyprian von Karthago<br \/>\no Hippolyt von Rom<br \/>\no Minucius Felix<\/p>\n<p><strong>4. Jahrhundert<\/strong><br \/>\no Eusebius von Caesarea<br \/>\no Athanasius von Alexandria<br \/>\no Cyrill von Jerusalem<br \/>\no Basilius von Caesarea<br \/>\no Gregor von Nazianz<br \/>\no Gregor von Nyssa<br \/>\no Ephraem der Syrer<br \/>\no Johannes Chrysostomos<br \/>\no Hilarius von Poitiers<br \/>\no Ambrosius von Mailand<br \/>\no Hieronymus<br \/>\no Augustinus von Hippo<br \/>\no Nemesius von Emesa<br \/>\no Arnobius der \u00c4ltere<br \/>\no Lactantius<br \/>\no Chalcidius<br \/>\no Marius Victorinus<br \/>\no Macrobius<\/p>\n<p><strong>5. Jahrhundert<\/strong><br \/>\no Benedikt von Nursia<br \/>\no Salvian von Marseille<br \/>\no Martianus Capella<br \/>\no Cyril von Alexandria<br \/>\no Theodor von Mopsuestia<br \/>\no Leo der Gro\u00dfe<\/p>\n<p><strong>6. Jahrhundert<\/strong><br \/>\no Gregor der Gro\u00dfe<\/p>\n<p><strong>7. Jahrhundert<\/strong><br \/>\no Maximus der Bekenner<br \/>\no Isidor von Sevilla<\/p>\n<p><strong>8. Jahrhundert<\/strong><br \/>\no Johannes von Damaskus<\/p><\/blockquote>\n<p>Die fr\u00fchen Christen, Apologeten, Kirchenschriftsteller und Kirchenv\u00e4ter waren meist nicht nur sehr viel vorbildlicher in ihrem Lebenswandel als die meisten heutigen Christen (auch als die meisten Katholiken nat\u00fcrlich!), sie hatten m.E. auch ein sehr viel besseres und tieferes Bibelverst\u00e4ndnis (manche konnten sogar ganze Teile der Bibel auswendig).<\/p>\n<p>Es ist wirklich traurig wie wahrhaft Helden des Glaubens aus Unkenntnis (ihrer Schriften und der Kirchengeschichte etc.) so schlecht gemacht werden. Ich selbst habe den Kirchenv\u00e4tern so viel zu verdanken, was meinen Glauben und das Verst\u00e4ndnis der Hl. Schrift angeht. Ich kann nur jedem Mal empfehlen, die Schriften der fr\u00fchen Christen mal selbst zu lesen und (erst) danach \u00fcber sie zu urteilen.<\/p>\n<p>Folgende B\u00fccher kann ich\u00a0\u00fcbrigens f\u00fcr den Einstieg sehr empfehlen:<\/p>\n<ul>\n<li><a href=\"http:\/\/www.amazon.de\/Seele-Welt-Christen-ersten-Jahrhunderte\/dp\/3451321297\/ref=sr_1_2?ie=UTF8&amp;s=books&amp;qid=1220202701&amp;sr=8-2\">Seele der Welt &#8211; Texte von Christen der ersten Jahrhunderte<\/a><\/li>\n<li><a href=\"http:\/\/www.amazon.de\/Quellen-geistlichen-Lebens-Band-V%C3%A4ter\/dp\/3786727120\/ref=sr_1_1?ie=UTF8&amp;s=books&amp;qid=1220419582&amp;sr=8-1\">Quellen geistlichen Lebens: Die Zeit der V\u00e4ter (Geerlings\/Greshake)<\/a><\/li>\n<\/ul>\n<p>Fortsetzung folgt&#8230; (<a title=\"Beliebte Irrt\u00fcmer \u00fcber die kath. Kirche (Teil 2)\" href=\"http:\/\/sschweizer.wordpress.com\/2009\/11\/27\/beliebte-irrtumer-uber-die-kath-kirche-teil-2\/\">siehe Teil 2<\/a>)<\/p>\n","protected":false},"excerpt":{"rendered":"<p>Vor ein paar Tagen hat Wegbegleiter durch seinen Blog-Beitrag &#8220;Ehrlich: wo mich die katholische Kirche w\u00fctend macht (und traurig)&#8221; eine sehr rege und interessante Diskussion \u00fcber die katholische Kirche &#8220;losgetreten&#8221;. Ich musste dabei mal wieder feststellen, dass es doch eine Menge Missverst\u00e4ndnisse bzgl. der Lehren und Praktiken der kath. Kirche gibt (z.B. bzgl. Kindertaufe, Marienverehrung, [&hellip;]<\/p>\n","protected":false},"author":1,"featured_media":0,"comment_status":"open","ping_status":"open","sticky":false,"template":"","format":"standard","meta":{"jetpack_post_was_ever_published":false,"_jetpack_newsletter_access":"","_jetpack_dont_email_post_to_subs":false,"_jetpack_newsletter_tier_id":0,"_jetpack_memberships_contains_paywalled_content":false,"_jetpack_memberships_contains_paid_content":false,"footnotes":""},"categories":[2],"tags":[184,191],"class_list":["post-1153","post","type-post","status-publish","format-standard","hentry","category-allgemein","tag-irrtumer","tag-kath-kirche"],"jetpack_featured_media_url":"","jetpack_shortlink":"https:\/\/wp.me\/p4Sdv6-iB","jetpack_sharing_enabled":true,"_links":{"self":[{"href":"https:\/\/www.projekt-kirche.de\/index.php?rest_route=\/wp\/v2\/posts\/1153","targetHints":{"allow":["GET"]}}],"collection":[{"href":"https:\/\/www.projekt-kirche.de\/index.php?rest_route=\/wp\/v2\/posts"}],"about":[{"href":"https:\/\/www.projekt-kirche.de\/index.php?rest_route=\/wp\/v2\/types\/post"}],"author":[{"embeddable":true,"href":"https:\/\/www.projekt-kirche.de\/index.php?rest_route=\/wp\/v2\/users\/1"}],"replies":[{"embeddable":true,"href":"https:\/\/www.projekt-kirche.de\/index.php?rest_route=%2Fwp%2Fv2%2Fcomments&post=1153"}],"version-history":[{"count":4,"href":"https:\/\/www.projekt-kirche.de\/index.php?rest_route=\/wp\/v2\/posts\/1153\/revisions"}],"predecessor-version":[{"id":8864,"href":"https:\/\/www.projekt-kirche.de\/index.php?rest_route=\/wp\/v2\/posts\/1153\/revisions\/8864"}],"wp:attachment":[{"href":"https:\/\/www.projekt-kirche.de\/index.php?rest_route=%2Fwp%2Fv2%2Fmedia&parent=1153"}],"wp:term":[{"taxonomy":"category","embeddable":true,"href":"https:\/\/www.projekt-kirche.de\/index.php?rest_route=%2Fwp%2Fv2%2Fcategories&post=1153"},{"taxonomy":"post_tag","embeddable":true,"href":"https:\/\/www.projekt-kirche.de\/index.php?rest_route=%2Fwp%2Fv2%2Ftags&post=1153"}],"curies":[{"name":"wp","href":"https:\/\/api.w.org\/{rel}","templated":true}]}}