{"id":1328,"date":"2009-10-25T22:51:45","date_gmt":"2009-10-25T20:51:45","guid":{"rendered":"http:\/\/sschweizer.wordpress.com\/?p=1328"},"modified":"2020-05-08T15:04:32","modified_gmt":"2020-05-08T13:04:32","slug":"uber-kindertaufe-und-erbsunde","status":"publish","type":"post","link":"https:\/\/www.projekt-kirche.de\/?p=1328","title":{"rendered":"\u00dcber Kindertaufe und Erbs\u00fcnde"},"content":{"rendered":"<div class=\"shariff\" data-title=\"\u00dcber Kindertaufe und Erbs\u00fcnde\" data-info-url=\"http:\/\/ct.de\/-2467514\" data-backend-url=\"https:\/\/www.projekt-kirche.de\/wp-content\/plugins\/shariff-sharing\/backend\/index.php\" data-temp=\"\/tmp\" data-ttl=\"60\" data-service=\"gftr\" data-services='[\"googleplus\",\"facebook\",\"twitter\",\"reddit\",\"info\"]' data-image=\"\" data-url=\"https:\/\/www.projekt-kirche.de\/?p=1328\" data-lang=\"de\" data-theme=\"colored\" data-orientation=\"horizontal\"><\/div><p><a title=\"\u00dcber Kindertaufe und Erbs\u00fcnde (V2.2)\" href=\"http:\/\/www.projekt-kirche.de\/wp-content\/uploads\/2015\/01\/kindertaufe-und-erbsc3bcnde_v2-20_a5_2009-11-20.pdf\"><img data-recalc-dims=\"1\" loading=\"lazy\" decoding=\"async\" class=\"size-medium wp-image-1333 alignnone\" title=\"Kindertaufe-und-Erbs\u00fcnde_V2-00_A5_2009-10-25_Titel_50\" src=\"http:\/\/sschweizer.files.wordpress.com\/2009\/10\/kindertaufe-und-erbsunde_v2-00_a5_2009-10-25_titel_50.jpg?w=211&#038;resize=211%2C300\" alt=\"\u00dcber Kindertaufe und Erbs\u00fcnde\" width=\"211\" height=\"300\" srcset=\"https:\/\/i0.wp.com\/www.projekt-kirche.de\/wp-content\/uploads\/2009\/10\/kindertaufe-und-erbsunde_v2-00_a5_2009-10-25_titel_50.jpg?w=875&amp;ssl=1 875w, https:\/\/i0.wp.com\/www.projekt-kirche.de\/wp-content\/uploads\/2009\/10\/kindertaufe-und-erbsunde_v2-00_a5_2009-10-25_titel_50.jpg?resize=212%2C300&amp;ssl=1 212w, https:\/\/i0.wp.com\/www.projekt-kirche.de\/wp-content\/uploads\/2009\/10\/kindertaufe-und-erbsunde_v2-00_a5_2009-10-25_titel_50.jpg?resize=768%2C1088&amp;ssl=1 768w, https:\/\/i0.wp.com\/www.projekt-kirche.de\/wp-content\/uploads\/2009\/10\/kindertaufe-und-erbsunde_v2-00_a5_2009-10-25_titel_50.jpg?resize=723%2C1024&amp;ssl=1 723w\" sizes=\"auto, (max-width: 211px) 100vw, 211px\" \/><\/a><\/p>\n<p><a title=\"\u00dcber die Kindertaufe und Erbs\u00fcnde (V2.1)\" href=\"http:\/\/www.projekt-kirche.de\/wp-content\/uploads\/2015\/01\/kindertaufe-und-erbsc3bcnde_v2-20_a5_2009-11-20.pdf\" target=\"_blank\" rel=\"noopener noreferrer\">&#8220;\u00dcber Kindertaufe und Erbs\u00fcnde&#8221;<\/a> lautet der Titel des ersten von mir herausgegebenen E-Books.<\/p>\n<ol>\n<li>Schon lange hatte ich geplant (und auch \u00f6fters angek\u00fcndigt), etwas zu diesem Thema zu schreiben (siehe auch <a title=\"Warum ich mich mit dem katholischen Glauben besch\u00e4ftige (Teil 2)\" href=\"http:\/\/www.projekt-kirche.de\/?p=616&amp;\" target=\"_blank\" rel=\"noopener noreferrer\">&#8220;Warum ich mich mit dem katholischen Glauben besch\u00e4ftige (Teil 2)&#8221;<\/a> bzw. meine vierteilige Blogserie <a title=\"\u00dcber die Kindertaufe\" href=\"http:\/\/sschweizer.wordpress.com\/2009\/05\/28\/ueber-die-kindertaufe-teil1\/\" target=\"_blank\" rel=\"noopener noreferrer\">&#8220;\u00dcber die Kindertaufe&#8221;<\/a>). Leider ist das Thema nicht ganz so einfach und bedarf einer\u00a0 etwas ausf\u00fchrlicheren Erl\u00e4uterung.<\/li>\n<\/ol>\n<p>Bei meinen Recherchen bin ich dann vor einigen Monaten auf die (kath.) Website <a title=\"Bible Christian Society\" href=\"http:\/\/www.biblechristiansociety.com\" target=\"_blank\" rel=\"noopener noreferrer\">Bible Christian Society<\/a> und den Vortrag <a title=\"Vortr\u00e4ge von John Martignoni\" href=\"http:\/\/www.biblechristiansociety.com\/download\" target=\"_blank\" rel=\"noopener noreferrer\">&#8220;Infant Baptism and Original Sin&#8221;<\/a> von John S. Martignoni\u00a0 gesto\u00dfen. Der Vortrag hat mir so gut gefallen und schien mir f\u00fcr meine Zwecke so gut geeignet, dass ich ihn mit Erlaubnis des Autors ins Deutsche \u00fcbersetzt (oder vielmehr \u00fcbertragen) und daraus ein E-Book gemacht habe.<\/p>\n<p>Um das Ganze noch etwas zu vertiefen und abzurunden, habe ich im Anhang des E-Books die m.E. wichtigsten Bibelstellen und Kirchenv\u00e4terzitate \u00fcber Erbs\u00fcnde und Kindertaufe inkl. Literatur- und Weblink-Empfehlungen f\u00fcr das weitergehende Studium des Themas hinzugef\u00fcgt.<\/p>\n<p>Ich hoffe, dass ich damit in einigerma\u00dfen umfassenden Art und Weise die katholische Sicht (und damit auch meine eigene) \u00fcber die Kindertaufe darlegen konnte.<\/p>\n<p>Wie dem auch sei, ich bin gespannt auf die Reaktionen der Leserschaft und freue mich auf jede konstruktive Kritik \ud83d\ude09<\/p>\n<p><span style=\"text-decoration:underline\">Update 07.01.2015:<\/span><br \/>\nUnd hier gibt es jetzt (endlich) die <a title=\"\u00dcber Kindertaufe und Erbs\u00fcnde (V2.2)\" href=\"http:\/\/www.projekt-kirche.de\/wp-content\/uploads\/2015\/01\/Kindertaufe-und-Erbsunde-John-S.-Martignoni-Stefan-Schw.epub\">EPUB-Version<\/a> (zum Lesen auf dem Smartphone z.B.). Genauso wie die PDF-Version habe ich die eBook-Version 2.2 vom 20.11.2009 verlinkt, die \u00fcbrigens immer noch darauf wartet, weiter \u00fcberarbeitet zu werden&#8230; \ud83d\ude09<\/p>\n","protected":false},"excerpt":{"rendered":"<p>&#8220;\u00dcber Kindertaufe und Erbs\u00fcnde&#8221; lautet der Titel des ersten von mir herausgegebenen E-Books. Schon lange hatte ich geplant (und auch \u00f6fters angek\u00fcndigt), etwas zu diesem Thema zu schreiben (siehe auch &#8220;Warum ich mich mit dem katholischen Glauben besch\u00e4ftige (Teil 2)&#8221; bzw. meine vierteilige Blogserie &#8220;\u00dcber die Kindertaufe&#8221;). Leider ist das Thema nicht ganz so einfach [&hellip;]<\/p>\n","protected":false},"author":1,"featured_media":0,"comment_status":"open","ping_status":"open","sticky":false,"template":"","format":"standard","meta":{"jetpack_post_was_ever_published":false,"_jetpack_newsletter_access":"","_jetpack_dont_email_post_to_subs":false,"_jetpack_newsletter_tier_id":0,"_jetpack_memberships_contains_paywalled_content":false,"_jetpack_memberships_contains_paid_content":false,"footnotes":""},"categories":[2],"tags":[145,196],"class_list":["post-1328","post","type-post","status-publish","format-standard","hentry","category-allgemein","tag-erbsunde","tag-kindertaufe"],"jetpack_featured_media_url":"","jetpack_shortlink":"https:\/\/wp.me\/p4Sdv6-lq","jetpack_sharing_enabled":true,"_links":{"self":[{"href":"https:\/\/www.projekt-kirche.de\/index.php?rest_route=\/wp\/v2\/posts\/1328","targetHints":{"allow":["GET"]}}],"collection":[{"href":"https:\/\/www.projekt-kirche.de\/index.php?rest_route=\/wp\/v2\/posts"}],"about":[{"href":"https:\/\/www.projekt-kirche.de\/index.php?rest_route=\/wp\/v2\/types\/post"}],"author":[{"embeddable":true,"href":"https:\/\/www.projekt-kirche.de\/index.php?rest_route=\/wp\/v2\/users\/1"}],"replies":[{"embeddable":true,"href":"https:\/\/www.projekt-kirche.de\/index.php?rest_route=%2Fwp%2Fv2%2Fcomments&post=1328"}],"version-history":[{"count":3,"href":"https:\/\/www.projekt-kirche.de\/index.php?rest_route=\/wp\/v2\/posts\/1328\/revisions"}],"predecessor-version":[{"id":7618,"href":"https:\/\/www.projekt-kirche.de\/index.php?rest_route=\/wp\/v2\/posts\/1328\/revisions\/7618"}],"wp:attachment":[{"href":"https:\/\/www.projekt-kirche.de\/index.php?rest_route=%2Fwp%2Fv2%2Fmedia&parent=1328"}],"wp:term":[{"taxonomy":"category","embeddable":true,"href":"https:\/\/www.projekt-kirche.de\/index.php?rest_route=%2Fwp%2Fv2%2Fcategories&post=1328"},{"taxonomy":"post_tag","embeddable":true,"href":"https:\/\/www.projekt-kirche.de\/index.php?rest_route=%2Fwp%2Fv2%2Ftags&post=1328"}],"curies":[{"name":"wp","href":"https:\/\/api.w.org\/{rel}","templated":true}]}}