{"id":1429,"date":"2009-12-16T12:12:46","date_gmt":"2009-12-16T10:12:46","guid":{"rendered":"http:\/\/sschweizer.wordpress.com\/?p=1429"},"modified":"2020-05-08T15:56:40","modified_gmt":"2020-05-08T13:56:40","slug":"theologie-und-demut","status":"publish","type":"post","link":"https:\/\/www.projekt-kirche.de\/?p=1429","title":{"rendered":"Theologie und Demut"},"content":{"rendered":"<div class=\"shariff\" data-title=\"Theologie und Demut\" data-info-url=\"http:\/\/ct.de\/-2467514\" data-backend-url=\"https:\/\/www.projekt-kirche.de\/wp-content\/plugins\/shariff-sharing\/backend\/index.php\" data-temp=\"\/tmp\" data-ttl=\"60\" data-service=\"gftr\" data-services='[\"googleplus\",\"facebook\",\"twitter\",\"reddit\",\"info\"]' data-image=\"\" data-url=\"https:\/\/www.projekt-kirche.de\/?p=1429\" data-lang=\"de\" data-theme=\"colored\" data-orientation=\"horizontal\"><\/div><p>Was hat Theologie mit Demut zu tun?<\/p>\n<p>In der Praxis leider oft viel zu wenig. Die Besch\u00e4ftigung mit der Theologie, also der Lehre \u00fcber Gott, soll eigentlich zu einem besseren Gottesverst\u00e4ndnis bzw. Gotteserkenntnis f\u00fchren. All zu oft f\u00fchrt jedoch die akademische Theologie, vor allem der letzten beiden Jahrhunderte, eher zu einem blo\u00dfen Sammeln von &#8220;wissenschaftlichen&#8221; Daten und &#8220;Formanalysen&#8221; ohne wirklichen Mehrwert f\u00fcr den (gelebten) Glauben.<\/p>\n<p>Manch moderner Theologe bildet sich ein, mithilfe der heutigen theologischen Wissenschaft (Stichwort: historisch-kritische Methode) alles besser und genauer wissen zu k\u00f6nnen als die alten Kirchenv\u00e4ter und Kirchenlehrer. Mit einer fast unglaublichen Arroganz werden Dinge als quasi Gewissheit gelehrt, die mehr oder weniger Spekulation sind und teilweise sogar dem \u00fcberlieferten Glauben der Kirche widersprechen. So \u00e4hnlich (bzw. noch viel besser) hat der Papst das Problem der modernen Theologie bei einem\u00a0Gottesdienst mit den Mitgliedern der Internationalen Theologenkommission des Vatikans Anfang Dezember beschrieben (siehe den Artikel <a title=\"Dummheit und Stolz wachsen auf einem Holz\" href=\"http:\/\/www.kath.net\/detail.php?id=24834\" target=\"_blank\" rel=\"noopener noreferrer\">&#8220;Dummheit und Stolz wachsen auf einem Holz&#8221; <\/a>von Guido Horst in der Tagespost, der vom katholischen Nachrichtendienst <a title=\"KATH.NET\" href=\"http:\/\/www.kath.net\" target=\"_blank\" rel=\"noopener noreferrer\">KATH.NET<\/a> zur Verf\u00fcgung gestellt wurde).<\/p>\n","protected":false},"excerpt":{"rendered":"<p>Was hat Theologie mit Demut zu tun? In der Praxis leider oft viel zu wenig. Die Besch\u00e4ftigung mit der Theologie, also der Lehre \u00fcber Gott, soll eigentlich zu einem besseren Gottesverst\u00e4ndnis bzw. Gotteserkenntnis f\u00fchren. All zu oft f\u00fchrt jedoch die akademische Theologie, vor allem der letzten beiden Jahrhunderte, eher zu einem blo\u00dfen Sammeln von &#8220;wissenschaftlichen&#8221; [&hellip;]<\/p>\n","protected":false},"author":1,"featured_media":0,"comment_status":"open","ping_status":"open","sticky":false,"template":"","format":"standard","meta":{"jetpack_post_was_ever_published":false,"_jetpack_newsletter_access":"","_jetpack_dont_email_post_to_subs":false,"_jetpack_newsletter_tier_id":0,"_jetpack_memberships_contains_paywalled_content":false,"_jetpack_memberships_contains_paid_content":false,"footnotes":""},"categories":[2],"tags":[234,265],"class_list":["post-1429","post","type-post","status-publish","format-standard","hentry","category-allgemein","tag-papst","tag-theologie-christentum"],"jetpack_featured_media_url":"","jetpack_shortlink":"https:\/\/wp.me\/p4Sdv6-n3","jetpack_sharing_enabled":true,"_links":{"self":[{"href":"https:\/\/www.projekt-kirche.de\/index.php?rest_route=\/wp\/v2\/posts\/1429","targetHints":{"allow":["GET"]}}],"collection":[{"href":"https:\/\/www.projekt-kirche.de\/index.php?rest_route=\/wp\/v2\/posts"}],"about":[{"href":"https:\/\/www.projekt-kirche.de\/index.php?rest_route=\/wp\/v2\/types\/post"}],"author":[{"embeddable":true,"href":"https:\/\/www.projekt-kirche.de\/index.php?rest_route=\/wp\/v2\/users\/1"}],"replies":[{"embeddable":true,"href":"https:\/\/www.projekt-kirche.de\/index.php?rest_route=%2Fwp%2Fv2%2Fcomments&post=1429"}],"version-history":[{"count":3,"href":"https:\/\/www.projekt-kirche.de\/index.php?rest_route=\/wp\/v2\/posts\/1429\/revisions"}],"predecessor-version":[{"id":7607,"href":"https:\/\/www.projekt-kirche.de\/index.php?rest_route=\/wp\/v2\/posts\/1429\/revisions\/7607"}],"wp:attachment":[{"href":"https:\/\/www.projekt-kirche.de\/index.php?rest_route=%2Fwp%2Fv2%2Fmedia&parent=1429"}],"wp:term":[{"taxonomy":"category","embeddable":true,"href":"https:\/\/www.projekt-kirche.de\/index.php?rest_route=%2Fwp%2Fv2%2Fcategories&post=1429"},{"taxonomy":"post_tag","embeddable":true,"href":"https:\/\/www.projekt-kirche.de\/index.php?rest_route=%2Fwp%2Fv2%2Ftags&post=1429"}],"curies":[{"name":"wp","href":"https:\/\/api.w.org\/{rel}","templated":true}]}}