{"id":144,"date":"2008-09-03T07:49:38","date_gmt":"2008-09-03T05:49:38","guid":{"rendered":"http:\/\/sschweizer.wordpress.com\/?p=144"},"modified":"2020-05-08T14:53:58","modified_gmt":"2020-05-08T12:53:58","slug":"die-einigkeit-im-geiste","status":"publish","type":"post","link":"https:\/\/www.projekt-kirche.de\/?p=144","title":{"rendered":"Einigkeit im Geiste"},"content":{"rendered":"<div class=\"shariff\" data-title=\"Einigkeit im Geiste\" data-info-url=\"http:\/\/ct.de\/-2467514\" data-backend-url=\"https:\/\/www.projekt-kirche.de\/wp-content\/plugins\/shariff-sharing\/backend\/index.php\" data-temp=\"\/tmp\" data-ttl=\"60\" data-service=\"gftr\" data-services='[\"googleplus\",\"facebook\",\"twitter\",\"reddit\",\"info\"]' data-image=\"\" data-url=\"https:\/\/www.projekt-kirche.de\/?p=144\" data-lang=\"de\" data-theme=\"colored\" data-orientation=\"horizontal\"><\/div><p>Ich lese zur Zeit durch den Epheserbrief mit Hilfe des <a title=\"Kommentar zu den Briefen des hl. Paulus an die Epheser\" href=\"http:\/\/www.unifr.ch\/bkv\/kapitel2092.htm\" target=\"_blank\" rel=\"noopener noreferrer\">Kommentars von Johannes Chrysostomus zum Epheserbrief<\/a>.<\/p>\n<p>Folgende Bibelstelle mit einem Ausschnitt aus dem genannten Kommentar hat mich dabei besonders bewegt:<\/p>\n<blockquote><p>So ermahne ich euch nun, ich, der Gefangene in dem Herrn, dass ihr der Berufung w\u00fcrdig lebt, mit der ihr berufen seid, in aller Demut und Sanftmut, in Geduld.<\/p>\n<p>Ertragt einer den andern in Liebe und seid darauf bedacht, zu wahren die <span style=\"color:#333399\">Einigkeit im Geist <\/span>durch das Band des Friedens: &#8220;ein&#8221; Leib und &#8220;ein&#8221; Geist, wie ihr auch berufen seid zu &#8220;einer&#8221; Hoffnung eurer Berufung; &#8220;ein&#8221; Herr, &#8220;ein&#8221; Glaube, &#8220;eine&#8221; Taufe; &#8220;ein&#8221; Gott und Vater aller, der da ist \u00fcber allen und durch alle und in allen.<\/p>\n<p>(<a href=\"https:\/\/www.bibleserver.com\/NLB\/Epheser4%2C1-6\" class=\"bibleserver extern\" target=\"_blank\" rel=\"noopener noreferrer\">Eph 4,1-6<\/a> \/ Luther<\/a>)<\/p><\/blockquote>\n<p><!--more--><\/p>\n<p><a title=\"Auszug Kommentar zu den Briefen des hl. Paulus an die Epheser\" href=\"http:\/\/www.unifr.ch\/bkv\/kapitel2100-2.htm\" target=\"_blank\" rel=\"noopener noreferrer\">Kommentarauszug von Johannes Chrysostomus dazu:<\/a><\/p>\n<blockquote><p>Was ist <span style=\"color:#333399\">Einigkeit des Geistes<\/span>? Gleichwie im K\u00f6rper der Geist es ist, der alles zusammenh\u00e4lt und die verschiedenen Glieder zur Einheit macht, so auch hier. Denn der Geist wurde ja deshalb verliehen, damit er die durch Verschiedenheit des Geschlechtes und des [individuellen] Charakters Getrennten einige.<\/p>\n<p>Alt und jung, arm und reich, Knabe und J\u00fcngling, Mann und Weib, kurz, jede lebende Seele wird hier zur Einheit, und zwar in h\u00f6herem Grade, als wenn sie ein Leib w\u00e4ren. Denn die geistige Zusammengeh\u00f6rigkeit ist weit gr\u00f6\u00dfer, die geistige Vereinigung weit inniger als die leibliche. Die geistige Verbindung ist um so viel vollst\u00e4ndiger, weil die Seele ihrem Wesen nach einfach und unteilbar ist.<\/p>\n<p>&#8211; Und wie wird diese Einigkeit bewahrt? &#8220;Durch das Band des Friedens.&#8221; Bei Feindschaft und Zwietracht kann sie unm\u00f6glich bestehen. &#8220;Denn solange Hader und Eifersucht und Zwietracht unter euch herrschen&#8221;, sagt der Apostel, &#8220;seid ihr da nicht fleischlich gesinnt und wandelt nach Menschenart?&#8221; (<span class=\"a4text\"><a href=\"https:\/\/www.bibleserver.com\/NLB\/1.Korinther3%2C3\" class=\"bibleserver extern\" target=\"_blank\" rel=\"noopener noreferrer\">1 Kor 3,3<\/a>)<\/span>.<\/p>\n<p>Wie n\u00e4mlich das Feuer, wenn es trockenes Holz findet, alles in eine Glut verwandelt, wenn aber nasses, nichts ausrichtet noch sich damit verbindet, so auch hier. Nichts Kaltes kann diese Verbindung eingehen, um so mehr alles Warme. Daher also stammt auch die W\u00e4rme der Liebe. &#8211; Durch das Band des Friedens will er uns alle verbinden. Gleichwie du n\u00e4mlich, meint er, wenn du dich mit einem anderen verbinden willst, dies auf keine andere Weise vermagst, au\u00dfer indem du auch jenen mit dir verbindest &#8211; f\u00fcr den Fall wenigstens, da\u00df du das Band zu verdoppeln w\u00fcnschest, mu\u00df auch jener mit dir verbunden werden &#8211; so sollen wir auch hier nach der Forderung des Apostels miteinander verbunden sein; nicht schlechthin Frieden halten, noch auch schlechthin lieben, sondern alle ein Herz sein und eine Seele. &#8211;<\/p>\n<p>Sch\u00f6n ist dieses Band. Mit diesem Bande wollen wir uns nicht blo\u00df untereinander, sondern auch mit Gott verbinden! Dieses Band dr\u00fcckt nicht, schmerzt nicht die dadurch gebundenen H\u00e4nde, sondern l\u00e4\u00dft sie frei und gestattet ihnen den weitesten Spielraum, ja erzeugt gr\u00f6\u00dfere Freudigkeit, als wo es gel\u00f6st wird. Der Starke, an den Schwachen gebunden, unterst\u00fctzt jenen und l\u00e4\u00dft ihn nicht zugrunde gehen; und ist er mit dem Fahrl\u00e4ssigen verbunden, so weckt er ihn nachdr\u00fccklicher auf. &#8220;Denn ein Bruder&#8221;, sagt die Schrift, &#8220;der von dem andern unterst\u00fctzt wird, gleicht einer festen Stadt&#8221; (<span class=\"a4text\"><span class=\"a4text\"><a href=\"https:\/\/www.bibleserver.com\/NLB\/Spr%C3%BCche18%2C19\" class=\"bibleserver extern\" target=\"_blank\" rel=\"noopener noreferrer\">Spr 18,19<\/a>)<\/span><\/span>.<\/p>\n<p>Dieses Band vermag weder weite Entfernung noch Himmel noch Erde noch Tod noch sonst etwas zu schw\u00e4chen; es ist fester und st\u00e4rker als alles. Aus einer Seele entsprungen, kann es viele zumal umschlingen. H\u00f6re n\u00e4mlich, was Paulus spricht: &#8220;Ihr nehmt keinen engen Raum in uns ein, aber in eurem Herzen ist es enge. Werdet auch ihr weit!&#8221; <span class=\"a4text\"><span class=\"a4text\"><span class=\"a4text\">(<a title=\"www.bibleserver.com\" href=\"http:\/\/www.bibleserver.com\/go.php?lang=de&amp;bible=LUT&amp;ref=2kor6,12\" target=\"_blank\" rel=\"noopener noreferrer\">2. Kor 6,12 f.<\/a>)<\/span><\/span><\/span>.<\/p>\n<p>Wodurch wird nun dieses Band gesch\u00e4digt? Durch Geldliebe, Herrschgier, Ruhmsucht und dergleichen; diese lockern und zerrei\u00dfen es. Wie wird nun das Zerrei\u00dfen verhindert? Wenn all jene Fehler aus dem Wege ger\u00e4umt werden und nichts von dem, was die Liebe zerst\u00f6rt, bel\u00e4stigt. H\u00f6re n\u00e4mlich, was Christus sagt: &#8220;Wenn die Ungerechtigkeit \u00fcberhandnimmt, wird die Liebe der meisten erkalten&#8221; (<span class=\"a4text\"><span class=\"a4text\"><span class=\"a4text\"><a class=\"a2text\" name=\"4\"> <\/a><span class=\"a4text\"><a href=\"https:\/\/www.bibleserver.com\/NLB\/Matth%C3%A4us24%2C12\" class=\"bibleserver extern\" target=\"_blank\" rel=\"noopener noreferrer\">Mt 24,12<\/a>)<\/span><\/span><\/span><\/span>. Nichts l\u00e4uft der Liebe so sehr zuwider als die S\u00fcnde, und zwar nicht blo\u00df der Liebe zu Gott, sondern auch der zum N\u00e4chsten.<\/p><\/blockquote>\n<p>Ich glaube, dass man nicht mehr viel sagen muss, oder?<\/p>\n","protected":false},"excerpt":{"rendered":"<p>Ich lese zur Zeit durch den Epheserbrief mit Hilfe des Kommentars von Johannes Chrysostomus zum Epheserbrief. Folgende Bibelstelle mit einem Ausschnitt aus dem genannten Kommentar hat mich dabei besonders bewegt: So ermahne ich euch nun, ich, der Gefangene in dem Herrn, dass ihr der Berufung w\u00fcrdig lebt, mit der ihr berufen seid, in aller Demut [&hellip;]<\/p>\n","protected":false},"author":1,"featured_media":0,"comment_status":"open","ping_status":"open","sticky":false,"template":"","format":"standard","meta":{"jetpack_post_was_ever_published":false,"_jetpack_newsletter_access":"","_jetpack_dont_email_post_to_subs":false,"_jetpack_newsletter_tier_id":0,"_jetpack_memberships_contains_paywalled_content":false,"_jetpack_memberships_contains_paid_content":false,"footnotes":""},"categories":[2],"tags":[140,143,213],"class_list":["post-144","post","type-post","status-publish","format-standard","hentry","category-allgemein","tag-chrysostomus","tag-einheit","tag-liebe"],"jetpack_featured_media_url":"","jetpack_shortlink":"https:\/\/wp.me\/p4Sdv6-2k","jetpack_sharing_enabled":true,"_links":{"self":[{"href":"https:\/\/www.projekt-kirche.de\/index.php?rest_route=\/wp\/v2\/posts\/144","targetHints":{"allow":["GET"]}}],"collection":[{"href":"https:\/\/www.projekt-kirche.de\/index.php?rest_route=\/wp\/v2\/posts"}],"about":[{"href":"https:\/\/www.projekt-kirche.de\/index.php?rest_route=\/wp\/v2\/types\/post"}],"author":[{"embeddable":true,"href":"https:\/\/www.projekt-kirche.de\/index.php?rest_route=\/wp\/v2\/users\/1"}],"replies":[{"embeddable":true,"href":"https:\/\/www.projekt-kirche.de\/index.php?rest_route=%2Fwp%2Fv2%2Fcomments&post=144"}],"version-history":[{"count":4,"href":"https:\/\/www.projekt-kirche.de\/index.php?rest_route=\/wp\/v2\/posts\/144\/revisions"}],"predecessor-version":[{"id":8385,"href":"https:\/\/www.projekt-kirche.de\/index.php?rest_route=\/wp\/v2\/posts\/144\/revisions\/8385"}],"wp:attachment":[{"href":"https:\/\/www.projekt-kirche.de\/index.php?rest_route=%2Fwp%2Fv2%2Fmedia&parent=144"}],"wp:term":[{"taxonomy":"category","embeddable":true,"href":"https:\/\/www.projekt-kirche.de\/index.php?rest_route=%2Fwp%2Fv2%2Fcategories&post=144"},{"taxonomy":"post_tag","embeddable":true,"href":"https:\/\/www.projekt-kirche.de\/index.php?rest_route=%2Fwp%2Fv2%2Ftags&post=144"}],"curies":[{"name":"wp","href":"https:\/\/api.w.org\/{rel}","templated":true}]}}