{"id":1492,"date":"2009-12-30T07:54:11","date_gmt":"2009-12-30T06:54:11","guid":{"rendered":"http:\/\/sschweizer.wordpress.com\/?p=1492"},"modified":"2020-05-08T15:44:55","modified_gmt":"2020-05-08T13:44:55","slug":"beliebte-irrtumer-uber-die-kath-kirche-teil-3","status":"publish","type":"post","link":"https:\/\/www.projekt-kirche.de\/?p=1492","title":{"rendered":"Beliebte Irrt\u00fcmer \u00fcber die kath. Kirche (Teil 3)"},"content":{"rendered":"<div class=\"shariff\" data-title=\"Beliebte Irrt\u00fcmer \u00fcber die kath. Kirche (Teil 3)\" data-info-url=\"http:\/\/ct.de\/-2467514\" data-backend-url=\"https:\/\/www.projekt-kirche.de\/wp-content\/plugins\/shariff-sharing\/backend\/index.php\" data-temp=\"\/tmp\" data-ttl=\"60\" data-service=\"gftr\" data-services='[\"googleplus\",\"facebook\",\"twitter\",\"reddit\",\"info\"]' data-image=\"\" data-url=\"https:\/\/www.projekt-kirche.de\/?p=1492\" data-lang=\"de\" data-theme=\"colored\" data-orientation=\"horizontal\"><\/div><p>Hier folgt nun die Fortsetzung meines Artikels <a title=\"Beliebte Irrt\u00fcmer \u00fcber die kath. Kirche (Teil 2)\" href=\"http:\/\/sschweizer.wordpress.com\/2009\/11\/27\/beliebte-irrtumer-uber-die-kath-kirche-teil-2\/\">\u201eBeliebte Irrt\u00fcmer \u00fcber die kath. Kirche (Teil 2)\u201c<\/a> (Zitate aus: <a title=\"Die r\u00f6misch-katholische Lehre im Lichte der Heiligen Schrift\" href=\"http:\/\/www.soundwords.de\/artikel.asp?id=4442\" target=\"_blank\" rel=\"noopener noreferrer\">\u201eDie r\u00f6misch-katholische Lehre im Lichte der Heiligen Schrift\u201c<\/a> von K.L. Brooks).<\/p>\n<p>Zu:<\/p>\n<blockquote><p><span style=\"font-family:Trebuchet MS;font-size:x-small\"><strong>Der Katholizismus       lehrt: <\/strong><br \/>\nDie r\u00f6mische Kirche ist die H\u00fcterin des g\u00f6ttlichen Wortes, und sie ist es, der  man die Heilige Schrift zu verdanken hat.<\/span><\/p>\n<p><strong>Woher stammt die Bibel?<\/strong><\/p>\n<p>Die Schriften des Neuen Testamentes stammen aus der Zeit der Apostel und  genossen schon in den damaligen Versammlungen h\u00f6chstes Ansehen. (Der  Katholizismus existierte nicht vor dem 6. Jahrhundert.) Der Vatikan kam in den  Besitz eines der \u00e4ltesten Manuskripte, jedoch gibt es noch viele andere alte  wertvolle Handschriften.<\/p><\/blockquote>\n<p>Dem ersten Teil des Zitats kann ich voll und ganz zustimmen. Die Hl. Schrift setzt sich bekanntlich aus dem Alten und Neuen Testament zusammen. Das AT wurde von der damaligen Kirche von den Juden \u00fcbernommen (auch wenn der christliche Kanon nicht genau dem j\u00fcdischen entspricht, siehe hierzu auch <a title=\"Beliebte Irrt\u00fcmer \u00fcber die kath. Kirche (Teil 1)\" href=\"http:\/\/sschweizer.wordpress.com\/2009\/09\/05\/beliebte-irrtumer-uber-die-kath-kirche-teil-1\/\">Teil 1<\/a> dieser Reihe bzw. den Eintrag <a title=\"Catholic Encyclopedia\" href=\"http:\/\/www.newadvent.org\/cathen\/03267a.htm\" target=\"_blank\" rel=\"noopener noreferrer\">&#8220;Canon of the Old Testament&#8221;<\/a> in der <a title=\"Catholic Encyclopedia\" href=\"http:\/\/www.newadvent.org\/cathen\" target=\"_blank\" rel=\"noopener noreferrer\">Catholic Encyclopedia<\/a>). Das NT ist ein Produkt der fr\u00fchen Kirche und besteht aus einer Sammlung von Schriften der Apostel und ihrer Mitarbeiter (siehe <a title=\"Catholic Encyclopedia\" href=\"http:\/\/www.newadvent.org\/cathen\/03274a.htm\" target=\"_blank\" rel=\"noopener noreferrer\">&#8220;Canon of the New Testament&#8221;<\/a> in der <a title=\"Catholic Encyclopedia\" href=\"http:\/\/www.newadvent.org\/cathen\" target=\"_blank\" rel=\"noopener noreferrer\">Catholic Encyclopedia<\/a>). Beide Teile der Hl. Schrift wurden von der (kath.) Kirche zusammengestellt und \u00fcber die folgenden Jahrhunderte bis heute aufbewahrt, kopiert und weitergegeben.<\/p>\n<p>Damit sieht sich die kath. Kirche m.E. zu Recht als &#8220;H\u00fcterin des g\u00f6ttlichen Wortes&#8221; (\u00fcbrigens nicht nur des geschriebenen, sondern auch des m\u00fcndlich weiter gegebenen), der &#8220;man die Heilige Schrift zu verdanken hat&#8221;. Erst nach Aufkommen des Buchdrucks im 15Jh. und der Reformation wurde die Bibel auch au\u00dferhalb der kath. Kirche in signifikanten St\u00fcckzahlen verbreitet. Luther bzw. den protestantischen Kirchen hat man es andererseits zu verdanken, dass das pers\u00f6nliche Lesen und Studieren der Bibel wieder mehr in den Vordergrund getreten ist und auch einige Missst\u00e4nde, die es fr\u00fcher in der kath. Kirche gab (wie z.B. der Missbrauch des Ablasses) abgestellt wurden.<\/p>\n<p><!--more-->Die Behauptung im obigen Zitat, dass der Katholizismus nicht vor dem 6.Jh. existierte ist jedoch zumindest irref\u00fchrend (bzw. einfach falsch je nach Definition bzw. Verst\u00e4ndnis des Begriffs &#8220;Katholizismus&#8221;). Es legt n\u00e4mlich nahe, dass es die kath. Kirche vor dem 6. Jh. nicht gab. Dies ist jedoch historisch gesehen nicht haltbar. Den Begriff &#8220;katholisch&#8221; bzw. &#8220;katholische Kirche&#8221; hat zum ersten Mal der Bischof <a title=\"Ignatius von Antiochien\" href=\"http:\/\/de.wikipedia.org\/wiki\/Ignatius_von_Antiochien\">Ignatius von Antiochien<\/a> (35-117 n.Chr.) im <a title=\"Brief des Ignatius an die Smyrn\u00e4er\" href=\"http:\/\/de.wikipedia.org\/wiki\/Brief_des_Ignatius_an_die_Smyrn%C3%A4er\">Brief an die Smyrn\u00e4er<\/a> (ca. 110 n.Chr.) benutzt (siehe <a title=\"Wikipedia\" href=\"http:\/\/de.wikipedia.org\/wiki\/Katholisch\" target=\"_blank\" rel=\"noopener noreferrer\">Eintrag &#8220;katholisch&#8221; in Wikipedia<\/a> bzw. <a title=\"Catholic Encyclopedia\" href=\"http:\/\/www.newadvent.org\/cathen\/03449a.htm\" target=\"_blank\" rel=\"noopener noreferrer\">Eintrag &#8220;Catholic&#8221; in Catholic Encyclopedia<\/a>).<\/p>\n<p>Ignatius von Antiochien verband mit der &#8220;katholischen Kirche&#8221; \u00fcbrigens nicht irgendeine Vorform der protestantischen Kirche(n), in der jeder Christ aufgrund seines eigenen Schriftverst\u00e4ndnisses selbst \u00fcber die christlichen Lehren entscheiden durfte (&#8220;Sola Scriptura&#8221;) und schon gar nicht eine &#8220;unsichtbare&#8221; Kirche ohne einheitliche weltweite Organisationsform, sondern die <em>eine<\/em> katholische Kirche, die von Bisch\u00f6fen und Priestern (Presbytern=\u00c4lteste) geleitet wird und die sich der Gl\u00e4ubige willig und ohne Streitsucht unterordnen sollte:<\/p>\n<blockquote><p>&#8220;2. Aber weil mich die Liebe nicht schweigen l\u00e4\u00dft, wenn&#8217;s euch angeht, deshalb habe ich mir vorgenommen, euch zu ermahnen, da\u00df ihr in \u00dcbereinstimmung mit dem Willen Gottes wandelt. Denn auch Jesus Christus, unser untrennbares Leben, ist der Wille des Vaters, wie auch die Bisch\u00f6fe, die bis an die Grenzen der Welt aufgestellt sind, im Willen Jesu Christi sind.&#8221; (<a title=\"BKV\" href=\"http:\/\/www.unifr.ch\/bkv\/kapitel6-3.htm\" target=\"_blank\" rel=\"noopener noreferrer\">Ignatius an die Epheser, 3. Kap., BKV<\/a>)<\/p>\n<p>&#8220;1. Daher ziemt es sich f\u00fcr euch, dem Willen des Bischofs entsprechend zu wandeln, wie ihr es auch tut. Denn euer ehrw\u00fcrdiges Presbyterium, seines Gottes wert, ist so mit dem Bischof verbunden, wie die Saiten mit der Zither. &#8221; (<a title=\"BKV\" href=\"http:\/\/www.unifr.ch\/bkv\/kapitel6-4.htm\" target=\"_blank\" rel=\"noopener noreferrer\">Ignatius an die Epheser, 4. Kap., BKV<\/a>)<\/p>\n<p>&#8220;1. Und je mehr einer sieht, da\u00df der Bischof schweigt (nicht tadelt), um so mehr Achtung soll er vor ihm haben; jeden n\u00e4mlich, den der Herr des Hauses schickt zur Verwaltung seines Hauses, den m\u00fcssen wir so aufnehmen wie den Sendenden selbst. Daher ist es klar, da\u00df wir den Bischof so ansehen m\u00fcssen wie den Herrn selbst.&#8221; (<a title=\"BKV\" href=\"http:\/\/www.unifr.ch\/bkv\/kapitel6-6.htm\" target=\"_blank\" rel=\"noopener noreferrer\">Ignatius an die Epheser, 6. Kap., BKV<\/a>)<\/p>\n<p>&#8220;1. Beflei\u00dfiget euch daher, da\u00df ihr h\u00e4ufiger zusammenkommt zur (Feier der) Eucharistie Gottes und zum Lobe. Denn wenn ihr euch oft versammelt, wird die Macht Satans gebrochen, und sein verderblicher Einflu\u00df wird in der Eintracht eures Glaubens aufgehoben.&#8221; (<a title=\"BKV\" href=\"http:\/\/www.unifr.ch\/bkv\/kapitel6-13.htm\" target=\"_blank\" rel=\"noopener noreferrer\">Ignatius an die Epheser, 13. Kap., BKV<\/a>)<\/p>\n<p>&#8220;2. (&#8230;) da\u00df ihr alle Mann f\u00fcr Mann gemeinsam in der Gnade zufolge des Namens euch versammelt in <em>einem <\/em>Glauben und in Jesus Christus, der dem Fleische nach aus dem Geschlechte Davids stammt, dem Sohne des Menschen und dem Sohne Gottes, auf da\u00df ihr untert\u00e4nig seid dem Bischof und dem Presbyterium in ungeteilter Gesinnung, <em>ein<\/em> Brot brechend, das ist ein Heilmittel zur Unsterblichkeit, ein Gegengift, da\u00df wir nicht sterben, sondern leben in Jesus Christus immerdar.&#8221; (<a title=\"BKV\" href=\"http:\/\/www.unifr.ch\/bkv\/kapitel6-20.htm\" target=\"_blank\" rel=\"noopener noreferrer\">Ignatius an die Epheser, 20. Kap., BKV<\/a>)<\/p>\n<p>&#8220;1. Da ich nun in den genannten Personen die ganze Gemeinde im Glauben sah und lieb gewann, ermahne ich euch: Beflei\u00dfiget euch, alles zu tun in der Eintracht Gottes, da der Bischof den Vorsitz f\u00fchrt an Stelle Gottes, die Presbyter an Stelle des Apostelkollegiums, und die Diakonen, die ich gar sehr liebe, mit dem Dienste Jesu Christi betraut sind, welcher von Ewigkeit beim Vater war und am Ende (der Zeiten) erschienen ist. 2. Nehmet also alle gottgef\u00e4llige Sitte an, gebet einander nach, und keiner sehe in fleischlicher Weise nach dem N\u00e4chsten, sondern liebet einander in Jesus Christus allezeit. Nichts sei unter euch, das imstande w\u00e4re, euch zu spalten, seid vielmehr eins mit dem Bischof und mit den Vorgesetzten zum Vorbild und zur Lehre der Unverg\u00e4nglichkeit.&#8221; (<a title=\"BKV\" href=\"http:\/\/www.unifr.ch\/bkv\/kapitel7-6.htm\" target=\"_blank\" rel=\"noopener noreferrer\">Ignatius an die Magnesier, 6. Kap., BKV<\/a>)<\/p>\n<p>&#8220;1. Wie nun der Herr, da er mit ihm eins ist, ohne den Vater nichts getan hat, weder durch sich selbst noch durch die Apostel, so sollt auch ihr ohne den Bischof und die Presbyter nichts tun; auch sollt ihr nicht versuchen, etwas auf eigene Faust als richtig erscheinen zu lassen, sondern bei eurer Versammlung sei ein Gebet, eine Bitte, ein Sinn, eine Hoffnung in Liebe, in untadeliger Freude, das ist Jesus Christus, im Vergleich zu dem es gar nichts Besseres gibt. 2. Kommet alle zusammen wie in einen Tempel Gottes, wie zu einem Altare, zu dem einen Jesus Christus, welcher von einem Vater ausging und bei dem einen blieb und zu ihm zur\u00fcckgekehrt ist.&#8221; (<a title=\"BKV\" href=\"http:\/\/www.unifr.ch\/bkv\/kapitel7-7.htm\" target=\"_blank\" rel=\"noopener noreferrer\">Ignatius an die Magnesier, 7. Kap., BKV<\/a>)<\/p>\n<p>&#8220;1. Gebet euch M\u00fche, in den Lehren des Herrn und der Apostel gefestigt zu werden, damit ihr in allem, was ihr tuet, das Richtige treffet f\u00fcr Fleisch und Geist, Glaube und Liebe im Sohne und im Vater und im Geiste, im Anfang und Ende, im Verein mit eurem ehrw\u00fcrdigsten Bischof und dem sch\u00f6ngewundenen geistlichen Kranze eures Presbyteriums und eurer gottgem\u00e4\u00dfen Diakonen. 2. Seid untertan eurem Bischof und euch gegenseitig, wie Jesus Christus seinem Vater dem Fleische nach und die Apostel Jesus und dem Vater und dem Geiste, damit Einheit herrsche dem Fleische und dem Geiste nach.&#8221; (<a title=\"BKV\" href=\"http:\/\/www.unifr.ch\/bkv\/kapitel7-13.htm\" target=\"_blank\" rel=\"noopener noreferrer\">Ignatius an die Magnesier, 13. Kap., BKV<\/a>)<\/p>\n<p>&#8220;1. Solange ihr n\u00e4mlich eurem Bischof untertan seid wie Jesus Christus, scheint ihr mir nicht nach Menschenart zu leben, sondern nach Jesus Christus, der unseretwegen gestorben ist, damit ihr durch den Glauben an seinen Tod dem Tode entrinnet. 2. Daher ist es notwendig &#8211; wie ihr es ja haltet &#8211; da\u00df ihr ohne den Bischof nichts tuet, und da\u00df ihr vielmehr auch dem Presbyterium euch f\u00fcget wie den Aposteln Jesu Christi, unserer Hoffnung, in dem wandelnd wir erfunden werden sollen. 3. Auch ist es n\u00f6tig, da\u00df die Diakonen, welche Geheimnisse Jesu Christi verwalten, auf jede Weise allen genehm seien. Denn sie sind nicht Diener f\u00fcr Speise und Trank, sondern Gehilfen der Kirche Gottes. Daher m\u00fcssen sie sich vor Anschuldigungen h\u00fcten wie vor Feuer.&#8221; (<a title=\"BKV\" href=\"http:\/\/www.unifr.ch\/bkv\/kapitel8-2.htm\" target=\"_blank\" rel=\"noopener noreferrer\">Ignatius an die Trallianer, 2. Kap. BKV<\/a>)<\/p>\n<p>&#8220;1. Gleicherweise sollen alle die Diakonen achten wie Jesus Christus, wie auch den Bischof als das Abbild des Vaters, die Presbyter aber wie eine Ratsversammlung Gottes und wie einen Bund von Aposteln. Getrennt von diesen kann man von keiner Kirche reden.&#8221; (<a title=\"BKV\" href=\"http:\/\/www.unifr.ch\/bkv\/kapitel8-3.htm\" target=\"_blank\" rel=\"noopener noreferrer\">Ignatius an die Trallianer, 3. Kap. BKV<\/a>)<\/p>\n<p>&#8220;2. Lebet wohl in Jesus Christus, im Gehorsam gegen den Bischof wie gegen (Gottes) Gebot, im Gehorsam gleicherweise gegen das Presbyterium. Und liebet alle einander in ungeteiltem Herzen.&#8221; (<a title=\"BKV\" href=\"http:\/\/www.unifr.ch\/bkv\/kapitel8-13.htm\" target=\"_blank\" rel=\"noopener noreferrer\">Ignatius an die Trallianer, 13. Kap. BKV<\/a>)<\/p>\n<p>&#8220;1. Ihr [Christen der r\u00f6mischen Gemeinde] seid nie auf jemand neidisch gewesen; andere habt ihr belehrt. Ich w\u00fcnsche, da\u00df, was ihr gelehrt und eingesch\u00e4rft habt, auch fest haften bleibe. &#8221; (<a title=\"BKV\" href=\"http:\/\/www.unifr.ch\/bkv\/kapitel9-3.htm\" target=\"_blank\" rel=\"noopener noreferrer\">Ignatius an die R\u00f6mer, 3. Kap. BKV<\/a>)<\/p>\n<p>&#8220;2. Denn alle, die Gott und Jesus Christus angeh\u00f6ren, stehen auf Seiten des Bischofs; und alle, die Bu\u00dfe tun und zur Einheit der Kirche kommen, auch diese werden Gott angeh\u00f6ren, damit sie das Leben haben gem\u00e4\u00df Jesus Christus. 3. Lasset euch nicht irref\u00fchren, meine Br\u00fcder; wer einem Abtr\u00fcnnigen (Schismatiker) folgt, wird das Reich Gottes nicht erben [<a href=\"https:\/\/www.bibleserver.com\/NLB\/1.Korinther6%2C9-10\" class=\"bibleserver extern\" target=\"_blank\" rel=\"noopener noreferrer\">1Kor. 6,9.10<\/a>]; wer in einer falschen Lehre dahinwandelt, der hat keinen Anteil am Leiden (Christi). &#8221; (<a title=\"BKV\" href=\"http:\/\/www.unifr.ch\/bkv\/kapitel10-3.htm\" target=\"_blank\" rel=\"noopener noreferrer\">Ignatius an die Philadelphier, 3. Kap., BKV<\/a>)<\/p>\n<p>&#8220;Bem\u00fchet euch, nur <em>eine<\/em> Eucharistie zu feiern; denn es ist nur <em>ein<\/em> Fleisch unseres Herrn Jesu Christi und nur <em>ein<\/em> Kelch zur Einigung mit seinem Blute, nur <em>ein<\/em> Altar, wie nur <em>ein<\/em> Bischof ist in Verbindung mit dem Presbyterium und (den) Diakonen, meinen Mitknechten, auf da\u00df, was immer ihr tuet, ihr tuet gem\u00e4\u00df dem Willen Gottes.&#8221; (<a title=\"BKV\" href=\"http:\/\/www.unifr.ch\/bkv\/kapitel10-4.htm\" target=\"_blank\" rel=\"noopener noreferrer\">Ignatius an die Philadelphier, 4. Kap., BKV<\/a>)<\/p>\n<p>&#8220;2. (&#8230;) Ohne Bischof tuet nichts, euer Fleisch bewahret als einen Tempel Gottes, die Eintracht liebet, die Spaltungen fliehet, werdet Nachahmer Jesu Christi, wie auch er selbst seines Vaters (Nachahmer ist). &#8221; (<a title=\"BKV\" href=\"http:\/\/www.unifr.ch\/bkv\/kapitel10-7.htm\" target=\"_blank\" rel=\"noopener noreferrer\">Ignatius an die Philadelphier, 7. Kap., BKV<\/a>)<\/p>\n<p>&#8220;1. Alle sollt ihr dem Bischof gehorchen wie Jesus Christus dem Vater, und auch dem Presbyterium wie den Aposteln; die Diakonen aber ehret wie Gottes Anordnung. Keiner tue ohne den Bischof etwas, das die Kirche angeht. Nur jene Eucharistie gelte als die gesetzm\u00e4\u00dfige, die unter dem Bischof vollzogen wird oder durch den von ihm Beauftragten. 2. Wo immer der Bischof sich zeigt, da sei auch das Volk, so wie da, wo Jesus Christus ist, auch die katholische Kirche ist. Ohne den Bischof darf man nicht taufen noch das Liebesmahl feiern; aber was immer er f\u00fcr gut findet, das ist auch Gott wohlgef\u00e4llig, auf da\u00df alles, was geschieht, sicher sei und gesetzm\u00e4\u00dfig.&#8221; (<a title=\"BKV\" href=\"http:\/\/www.unifr.ch\/bkv\/kapitel11-8.htm\" target=\"_blank\" rel=\"noopener noreferrer\">Ignatius an die Smyrn\u00e4er, 8. Kap., BKV<\/a>)<\/p><\/blockquote>\n<p>Man k\u00f6nnte jetzt noch eine ganze Reihe von Zitaten anderer fr\u00fcher Christen als Beleg erg\u00e4nzen, dass es die kath. Kirche mit all den &#8220;typisch katholischen&#8221; Merkmalen (Bisch\u00f6fe, Priester, Sakrament der Taufe, Eucharistie etc.) praktisch bereits von Anfang an gab, aus Zeit- und Platzgr\u00fcnden verweise ich aber an dieser Stelle lediglich auf die Zitatsammlung <a title=\"StayCatholic.com\" href=\"http:\/\/www.staycatholic.com\/early_church_fathers.htm\" target=\"_blank\" rel=\"noopener noreferrer\">&#8220;The Early Church Fathers&#8221;<\/a> auf <a title=\"StayCatholic.com\" href=\"www.staycatholic.com\" target=\"_blank\" rel=\"noopener noreferrer\">StayCatholic.com<\/a>.<\/p>\n<p>Zuletzt noch zu:<\/p>\n<blockquote><p><strong>Warum wurde den Katholiken bis vor einiger Zeit die Heilige Schrift  vorenthalten?<\/strong><\/p>\n<p>Der Grund wurde auf Seite 2 schon genannt. Satan, der Widersacher Gottes, hat  kein Interesse an der Verbreitung der Bibel. Dazu finden sich auf den folgenden  Seiten noch weitere Hinweise.<\/p><\/blockquote>\n<p>Dies ist wieder eine m.E. recht polemische Behauptung. Die Bibel durften Katholiken eigentlich zu jeder Zeit lesen (sofern sie \u00fcberhaupt lesen konnten, was man aufgrund des zu manchen Zeiten und in manchen L\u00e4ndern weit verbreiteten Analphabetismus` nicht immer voraussetzen darf).<\/p>\n<p>Richtig ist lediglich, dass die kath. Kirche zeitweise &#8211; vor allem zur Zeit der Reformation &#8211; sehr vorsichtig war, Laien die Bibel alleine studieren zu lassen, um die weitere Verbreitung von &#8211; aus ihrer Sicht &#8211; falschen Lehren aufgrund mangelhafter Schriftauslegung einzud\u00e4mmen. Ob das im Nachhinein gesehen immer so klug war, ist eine andere Sache&#8230;<\/p>\n<p>Buchtipps:<\/p>\n<ul>\n<li><a title=\"Amazon\" href=\"http:\/\/www.amazon.de\/Bible-Basics-Introductory-Study-Catholic\/dp\/1930314000\/ref=sr_1_1?ie=UTF8&amp;s=books-intl-de&amp;qid=1262109555&amp;sr=8-1\" target=\"_blank\" rel=\"noopener noreferrer\">Bible Basics (Steve Kellmeyer)<\/a><\/li>\n<li><a title=\"Amazon\" href=\"http:\/\/www.amazon.de\/Catholic-Christian-Explanation-Commonly-Misunderstood\/dp\/0867165995\/ref=sr_1_2?ie=UTF8&amp;s=books-intl-de&amp;qid=1262109654&amp;sr=1-2\" target=\"_blank\" rel=\"noopener noreferrer\">Catholic and Christian (Alan Schreck)<\/a> bzw. die dt. \u00dcbersetzung <a title=\"Amazon\" href=\"http:\/\/www.amazon.de\/Christ-Katholik-mi%C3%9Fverstandener-katholischer-Glaubensaussagen\/dp\/3878684282\/ref=sr_1_1?ie=UTF8&amp;s=books&amp;qid=1262109708&amp;sr=8-1-catcorr\" target=\"_blank\" rel=\"noopener noreferrer\">&#8220;Christ und Katholik&#8221;<\/a><\/li>\n<\/ul>\n<p>Fortsetzung folgt&#8230;<\/p>\n","protected":false},"excerpt":{"rendered":"<p>Hier folgt nun die Fortsetzung meines Artikels \u201eBeliebte Irrt\u00fcmer \u00fcber die kath. Kirche (Teil 2)\u201c (Zitate aus: \u201eDie r\u00f6misch-katholische Lehre im Lichte der Heiligen Schrift\u201c von K.L. Brooks). Zu: Der Katholizismus lehrt: Die r\u00f6mische Kirche ist die H\u00fcterin des g\u00f6ttlichen Wortes, und sie ist es, der man die Heilige Schrift zu verdanken hat. Woher stammt [&hellip;]<\/p>\n","protected":false},"author":1,"featured_media":0,"comment_status":"open","ping_status":"open","sticky":false,"template":"","format":"standard","meta":{"jetpack_post_was_ever_published":false,"_jetpack_newsletter_access":"","_jetpack_dont_email_post_to_subs":false,"_jetpack_newsletter_tier_id":0,"_jetpack_memberships_contains_paywalled_content":false,"_jetpack_memberships_contains_paid_content":false,"footnotes":""},"categories":[2],"tags":[192],"class_list":["post-1492","post","type-post","status-publish","format-standard","hentry","category-allgemein","tag-kath-kirche-irrtumer"],"jetpack_featured_media_url":"","jetpack_shortlink":"https:\/\/wp.me\/p4Sdv6-o4","jetpack_sharing_enabled":true,"_links":{"self":[{"href":"https:\/\/www.projekt-kirche.de\/index.php?rest_route=\/wp\/v2\/posts\/1492","targetHints":{"allow":["GET"]}}],"collection":[{"href":"https:\/\/www.projekt-kirche.de\/index.php?rest_route=\/wp\/v2\/posts"}],"about":[{"href":"https:\/\/www.projekt-kirche.de\/index.php?rest_route=\/wp\/v2\/types\/post"}],"author":[{"embeddable":true,"href":"https:\/\/www.projekt-kirche.de\/index.php?rest_route=\/wp\/v2\/users\/1"}],"replies":[{"embeddable":true,"href":"https:\/\/www.projekt-kirche.de\/index.php?rest_route=%2Fwp%2Fv2%2Fcomments&post=1492"}],"version-history":[{"count":4,"href":"https:\/\/www.projekt-kirche.de\/index.php?rest_route=\/wp\/v2\/posts\/1492\/revisions"}],"predecessor-version":[{"id":8415,"href":"https:\/\/www.projekt-kirche.de\/index.php?rest_route=\/wp\/v2\/posts\/1492\/revisions\/8415"}],"wp:attachment":[{"href":"https:\/\/www.projekt-kirche.de\/index.php?rest_route=%2Fwp%2Fv2%2Fmedia&parent=1492"}],"wp:term":[{"taxonomy":"category","embeddable":true,"href":"https:\/\/www.projekt-kirche.de\/index.php?rest_route=%2Fwp%2Fv2%2Fcategories&post=1492"},{"taxonomy":"post_tag","embeddable":true,"href":"https:\/\/www.projekt-kirche.de\/index.php?rest_route=%2Fwp%2Fv2%2Ftags&post=1492"}],"curies":[{"name":"wp","href":"https:\/\/api.w.org\/{rel}","templated":true}]}}