{"id":1561,"date":"2010-01-13T18:28:24","date_gmt":"2010-01-13T17:28:24","guid":{"rendered":"http:\/\/sschweizer.wordpress.com\/?p=1561"},"modified":"2020-05-08T16:53:09","modified_gmt":"2020-05-08T14:53:09","slug":"veranstaltungstipps-hauskirche-glaubenskurs","status":"publish","type":"post","link":"https:\/\/www.projekt-kirche.de\/?p=1561","title":{"rendered":"Veranstaltungstipps (Hauskirche, Glaubenskurs)"},"content":{"rendered":"<div class=\"shariff\" data-title=\"Veranstaltungstipps (Hauskirche, Glaubenskurs)\" data-info-url=\"http:\/\/ct.de\/-2467514\" data-backend-url=\"https:\/\/www.projekt-kirche.de\/wp-content\/plugins\/shariff-sharing\/backend\/index.php\" data-temp=\"\/tmp\" data-ttl=\"60\" data-service=\"gftr\" data-services='[\"googleplus\",\"facebook\",\"twitter\",\"reddit\",\"info\"]' data-image=\"\" data-url=\"https:\/\/www.projekt-kirche.de\/?p=1561\" data-lang=\"de\" data-theme=\"colored\" data-orientation=\"horizontal\"><\/div><p>Auf folgende Veranstaltungen in M\u00fcnchen, an denen ich \u00fcbrigens auch teilnehmen werde, m\u00f6chte ich hiermit kurz hinweisen: <strong><\/strong><\/p>\n<ul>\n<li><strong>&#8220;Projekt starke Ehen&#8221;am Sonntag, 17. Januar 2010 um 14-17Uhr<\/strong><strong> im Pfarrheim Allerheiligen, M\u00fcnchen<\/strong><br \/>\nmit Vortrag &#8220;Lebendige Kirche &#8211; auch in unseren vier W\u00e4nden? Hauskirche &#8211; Kultur in Familie und Gesellschaft.&#8221;<br \/>\nvon Maria Pr\u00fcgl, Referat f\u00fcr Ehe und Familie, Erzdi\u00f6zese Salzburg, Gr\u00fcndungsmitglied der <a title=\"Initiative Hauskirche\" href=\"http:\/\/www.hauskirche.at\/\" target=\"_blank\" rel=\"noopener noreferrer\">Initiative Hauskirche<\/a>.<br \/>\nEintritt frei<br \/>\nN\u00e4here Informationen siehe <a title=\"www.projekt-starke-ehen.de\" href=\"www.projekt-starke-ehen.de\" target=\"_blank\" rel=\"noopener noreferrer\">www.projekt-starke-ehen.de<\/a> bzw. <a title=\"www.pfarrei-allerheiligen.de\" href=\"www.pfarrei-allerheiligen.de\" target=\"_blank\" rel=\"noopener noreferrer\">www.pfarrei-allerheiligen.de<\/a><\/li>\n<\/ul>\n<ul>\n<li><strong>Schnupperabend Glaubenskurs &#8220;Das Feuer neu entfachen&#8221;<br \/>\nam 22. Februar 2010 um 19:30-21:30Uhr im Pfarrheim Allerheiligen, M\u00fcnchen<\/strong><br \/>\n10-w\u00f6chiger Glaubenskurs (22.02.-03.05.2010)<br \/>\nEintritt frei (Kursgeb\u00fchr ab 2. Veranstaltungstag 15\u20ac)<br \/>\nN\u00e4here Informationen unter <a title=\"www.pfarrei-allerheiligen.de\" href=\"www.pfarrei-allerheiligen.de\" target=\"_blank\" rel=\"noopener noreferrer\">www.pfarrei-allerheiligen.de<\/a> bzw. <a title=\"www.weg-vallendar.de\" href=\"www.weg-vallendar.de\" target=\"_blank\" rel=\"noopener noreferrer\">www.weg-vallendar.de<\/a><\/li>\n<\/ul>\n<p>Weitere Termine siehe <a title=\"Projekt Kirche Veranstaltungshinweise\" href=\"http:\/\/www.projekt-kirche.de\/html\/veranstaltungen.html\">Projekt Kirche Veranstaltungshinweise<\/a>.<\/p>\n","protected":false},"excerpt":{"rendered":"<p>Auf folgende Veranstaltungen in M\u00fcnchen, an denen ich \u00fcbrigens auch teilnehmen werde, m\u00f6chte ich hiermit kurz hinweisen: &#8220;Projekt starke Ehen&#8221;am Sonntag, 17. Januar 2010 um 14-17Uhr im Pfarrheim Allerheiligen, M\u00fcnchen mit Vortrag &#8220;Lebendige Kirche &#8211; auch in unseren vier W\u00e4nden? Hauskirche &#8211; Kultur in Familie und Gesellschaft.&#8221; von Maria Pr\u00fcgl, Referat f\u00fcr Ehe und Familie, [&hellip;]<\/p>\n","protected":false},"author":1,"featured_media":0,"comment_status":"open","ping_status":"open","sticky":false,"template":"","format":"standard","meta":{"jetpack_post_was_ever_published":false,"_jetpack_newsletter_access":"","_jetpack_dont_email_post_to_subs":false,"_jetpack_newsletter_tier_id":0,"_jetpack_memberships_contains_paywalled_content":false,"_jetpack_memberships_contains_paid_content":false,"footnotes":""},"categories":[2],"tags":[169,174,271],"class_list":["post-1561","post","type-post","status-publish","format-standard","hentry","category-allgemein","tag-glaubenskurs","tag-hauskirche","tag-veranstaltungen"],"jetpack_featured_media_url":"","jetpack_shortlink":"https:\/\/wp.me\/p4Sdv6-pb","jetpack_sharing_enabled":true,"_links":{"self":[{"href":"https:\/\/www.projekt-kirche.de\/index.php?rest_route=\/wp\/v2\/posts\/1561","targetHints":{"allow":["GET"]}}],"collection":[{"href":"https:\/\/www.projekt-kirche.de\/index.php?rest_route=\/wp\/v2\/posts"}],"about":[{"href":"https:\/\/www.projekt-kirche.de\/index.php?rest_route=\/wp\/v2\/types\/post"}],"author":[{"embeddable":true,"href":"https:\/\/www.projekt-kirche.de\/index.php?rest_route=\/wp\/v2\/users\/1"}],"replies":[{"embeddable":true,"href":"https:\/\/www.projekt-kirche.de\/index.php?rest_route=%2Fwp%2Fv2%2Fcomments&post=1561"}],"version-history":[{"count":2,"href":"https:\/\/www.projekt-kirche.de\/index.php?rest_route=\/wp\/v2\/posts\/1561\/revisions"}],"predecessor-version":[{"id":7610,"href":"https:\/\/www.projekt-kirche.de\/index.php?rest_route=\/wp\/v2\/posts\/1561\/revisions\/7610"}],"wp:attachment":[{"href":"https:\/\/www.projekt-kirche.de\/index.php?rest_route=%2Fwp%2Fv2%2Fmedia&parent=1561"}],"wp:term":[{"taxonomy":"category","embeddable":true,"href":"https:\/\/www.projekt-kirche.de\/index.php?rest_route=%2Fwp%2Fv2%2Fcategories&post=1561"},{"taxonomy":"post_tag","embeddable":true,"href":"https:\/\/www.projekt-kirche.de\/index.php?rest_route=%2Fwp%2Fv2%2Ftags&post=1561"}],"curies":[{"name":"wp","href":"https:\/\/api.w.org\/{rel}","templated":true}]}}