{"id":1583,"date":"2010-01-14T12:52:29","date_gmt":"2010-01-14T11:52:29","guid":{"rendered":"http:\/\/sschweizer.wordpress.com\/?p=1583"},"modified":"2020-05-08T16:53:09","modified_gmt":"2020-05-08T14:53:09","slug":"klartext-von-weihbischof-laun","status":"publish","type":"post","link":"https:\/\/www.projekt-kirche.de\/?p=1583","title":{"rendered":"Klartext von Weihbischof Laun"},"content":{"rendered":"<div class=\"shariff\" data-title=\"Klartext von Weihbischof Laun\" data-info-url=\"http:\/\/ct.de\/-2467514\" data-backend-url=\"https:\/\/www.projekt-kirche.de\/wp-content\/plugins\/shariff-sharing\/backend\/index.php\" data-temp=\"\/tmp\" data-ttl=\"60\" data-service=\"gftr\" data-services='[\"googleplus\",\"facebook\",\"twitter\",\"reddit\",\"info\"]' data-image=\"\" data-url=\"https:\/\/www.projekt-kirche.de\/?p=1583\" data-lang=\"de\" data-theme=\"colored\" data-orientation=\"horizontal\"><\/div><p>Auf <a title=\"KATH.NET\" href=\"http:\/\/www.kath.net\" target=\"_blank\" rel=\"noopener noreferrer\">KATH.NET<\/a> bzw. <a title=\"kathTube\" href=\"http:\/\/www.kathtube.com\" target=\"_blank\" rel=\"noopener noreferrer\">kathTube<\/a> gibt es w\u00f6chentlich &#8220;Klartext&#8221; von <a title=\"Weihbischof Laun\" href=\"http:\/\/www.kirchen.net\/bischof\/laun\/\" target=\"_blank\" rel=\"noopener noreferrer\">Weihbischof Laun <\/a>(Erzdi\u00f6zese Salzburg). Diese Artikel bzw. Videos sind m.E. sehr lesens- bzw. sehenswert.<\/p>\n<p>Weihbischof Laun ist m.E. einer der wenigen (deutschsprachigen) Bisch\u00f6fe, der tats\u00e4chlich Klartext redet, d.h. in einer erfrischend direkten und leicht verst\u00e4ndlichen Art und Weise \u00fcber den katholischen Glauben spricht.<\/p>\n<p>Beim neuesten Klartext <a title=\"KATH.NET\" href=\"http:\/\/www.kath.net\/detail.php?id=25232\" target=\"_blank\" rel=\"noopener noreferrer\">&#8220;Das hat das II. Vaticanum nicht gelehrt!&#8221;<\/a> geht es u.a. um die Gewissens- bzw. Religionsfreiheit, das 2. Vatikanische Konzil\u00a0 und die Piusbr\u00fcder.<\/p>\n","protected":false},"excerpt":{"rendered":"<p>Auf KATH.NET bzw. kathTube gibt es w\u00f6chentlich &#8220;Klartext&#8221; von Weihbischof Laun (Erzdi\u00f6zese Salzburg). Diese Artikel bzw. Videos sind m.E. sehr lesens- bzw. sehenswert. Weihbischof Laun ist m.E. einer der wenigen (deutschsprachigen) Bisch\u00f6fe, der tats\u00e4chlich Klartext redet, d.h. in einer erfrischend direkten und leicht verst\u00e4ndlichen Art und Weise \u00fcber den katholischen Glauben spricht. Beim neuesten Klartext [&hellip;]<\/p>\n","protected":false},"author":1,"featured_media":0,"comment_status":"open","ping_status":"open","sticky":false,"template":"","format":"standard","meta":{"jetpack_post_was_ever_published":false,"_jetpack_newsletter_access":"","_jetpack_dont_email_post_to_subs":false,"_jetpack_newsletter_tier_id":0,"_jetpack_memberships_contains_paywalled_content":false,"_jetpack_memberships_contains_paid_content":false,"footnotes":""},"categories":[2],"tags":[201,278],"class_list":["post-1583","post","type-post","status-publish","format-standard","hentry","category-allgemein","tag-klartext","tag-weihbischof-laun"],"jetpack_featured_media_url":"","jetpack_shortlink":"https:\/\/wp.me\/p4Sdv6-px","jetpack_sharing_enabled":true,"_links":{"self":[{"href":"https:\/\/www.projekt-kirche.de\/index.php?rest_route=\/wp\/v2\/posts\/1583","targetHints":{"allow":["GET"]}}],"collection":[{"href":"https:\/\/www.projekt-kirche.de\/index.php?rest_route=\/wp\/v2\/posts"}],"about":[{"href":"https:\/\/www.projekt-kirche.de\/index.php?rest_route=\/wp\/v2\/types\/post"}],"author":[{"embeddable":true,"href":"https:\/\/www.projekt-kirche.de\/index.php?rest_route=\/wp\/v2\/users\/1"}],"replies":[{"embeddable":true,"href":"https:\/\/www.projekt-kirche.de\/index.php?rest_route=%2Fwp%2Fv2%2Fcomments&post=1583"}],"version-history":[{"count":2,"href":"https:\/\/www.projekt-kirche.de\/index.php?rest_route=\/wp\/v2\/posts\/1583\/revisions"}],"predecessor-version":[{"id":7718,"href":"https:\/\/www.projekt-kirche.de\/index.php?rest_route=\/wp\/v2\/posts\/1583\/revisions\/7718"}],"wp:attachment":[{"href":"https:\/\/www.projekt-kirche.de\/index.php?rest_route=%2Fwp%2Fv2%2Fmedia&parent=1583"}],"wp:term":[{"taxonomy":"category","embeddable":true,"href":"https:\/\/www.projekt-kirche.de\/index.php?rest_route=%2Fwp%2Fv2%2Fcategories&post=1583"},{"taxonomy":"post_tag","embeddable":true,"href":"https:\/\/www.projekt-kirche.de\/index.php?rest_route=%2Fwp%2Fv2%2Ftags&post=1583"}],"curies":[{"name":"wp","href":"https:\/\/api.w.org\/{rel}","templated":true}]}}