{"id":1597,"date":"2010-01-28T14:33:08","date_gmt":"2010-01-28T13:33:08","guid":{"rendered":"http:\/\/sschweizer.wordpress.com\/?p=1597"},"modified":"2020-05-08T16:53:08","modified_gmt":"2020-05-08T14:53:08","slug":"neuer-blogname-projekt-kirche","status":"publish","type":"post","link":"https:\/\/www.projekt-kirche.de\/?p=1597","title":{"rendered":"Neuer Blogname: Projekt Kirche"},"content":{"rendered":"<div class=\"shariff\" data-title=\"Neuer Blogname: Projekt Kirche\" data-info-url=\"http:\/\/ct.de\/-2467514\" data-backend-url=\"https:\/\/www.projekt-kirche.de\/wp-content\/plugins\/shariff-sharing\/backend\/index.php\" data-temp=\"\/tmp\" data-ttl=\"60\" data-service=\"gftr\" data-services='[\"googleplus\",\"facebook\",\"twitter\",\"reddit\",\"info\"]' data-image=\"\" data-url=\"https:\/\/www.projekt-kirche.de\/?p=1597\" data-lang=\"de\" data-theme=\"colored\" data-orientation=\"horizontal\"><\/div><p>Mittlerweile finde ich ist es Zeit f\u00fcr eine Namens\u00e4nderung meines Blogs. Deshalb hei\u00dft er nun statt <strong>&#8220;Stefan Schweizer&#8217;s WebLog&#8221;<\/strong> nur noch <strong>&#8220;Projekt Kirche&#8221;<\/strong>. Denn das ist eigentlich auch mein Hauptanliegen. N\u00e4mlich dazu beizutragen, dass es mit der &#8220;Kirche&#8221; vorangeht.<\/p>\n<p>Mit &#8220;Kirche&#8221; meine ich erstmal im \u00f6kumenischen Sinne die gesamte Christenheit, im Besonderen aber die (r\u00f6misch-) katholische Kirche, der ich seit letztem Jahr (wieder) angeh\u00f6re.<\/p>\n<p>Mit &#8220;Projekt&#8221; will ich einerseits das Gemeinschaftliche an dieser Arbeit betonen (denn die Kirche l\u00e4sst sich nur gemeinsam aufbauen) und andererseits deutlich machen, dass man in diesem Leben nie zum endg\u00fcltigen Ziel kommen wird (d.h. die Kirche bleibt immer irgendwie auch eine Baustelle, an und auf der gearbeitet werden muss).<\/p>\n<p>Den Namen &#8220;Projekt Kirche&#8221; habe ich zudem gew\u00e4hlt, da er das moderne Wort &#8220;Projekt&#8221; mit dem traditionellen Begriff &#8220;Kirche&#8221; verbindet. Denn ich denke, dass die Kirche heute sowohl modern (bzgl. ihres Erscheinungsbilds und ihrer &#8220;Methoden&#8221;, z.B. Menschen zu erreichen) als auch traditionell (bzgl. ihrer Lehre und Glaubenspraxis) sein muss.<\/p>\n<p>Die dazugeh\u00f6rige Website findet Ihr \u00fcbrigens (seit 2006) unter <a title=\"Projekt Kirche Website\" href=\"http:\/\/www.projekt-kirche.de\">www.projekt-kirche.de<\/a>.<\/p>\n","protected":false},"excerpt":{"rendered":"<p>Mittlerweile finde ich ist es Zeit f\u00fcr eine Namens\u00e4nderung meines Blogs. Deshalb hei\u00dft er nun statt &#8220;Stefan Schweizer&#8217;s WebLog&#8221; nur noch &#8220;Projekt Kirche&#8221;. Denn das ist eigentlich auch mein Hauptanliegen. N\u00e4mlich dazu beizutragen, dass es mit der &#8220;Kirche&#8221; vorangeht. Mit &#8220;Kirche&#8221; meine ich erstmal im \u00f6kumenischen Sinne die gesamte Christenheit, im Besonderen aber die (r\u00f6misch-) [&hellip;]<\/p>\n","protected":false},"author":1,"featured_media":0,"comment_status":"open","ping_status":"open","sticky":false,"template":"","format":"standard","meta":{"jetpack_post_was_ever_published":false,"_jetpack_newsletter_access":"","_jetpack_dont_email_post_to_subs":false,"_jetpack_newsletter_tier_id":0,"_jetpack_memberships_contains_paywalled_content":false,"_jetpack_memberships_contains_paid_content":false,"footnotes":""},"categories":[2],"tags":[247],"class_list":["post-1597","post","type-post","status-publish","format-standard","hentry","category-allgemein","tag-projekt-kirche-namensanderung"],"jetpack_featured_media_url":"","jetpack_shortlink":"https:\/\/wp.me\/p4Sdv6-pL","jetpack_sharing_enabled":true,"_links":{"self":[{"href":"https:\/\/www.projekt-kirche.de\/index.php?rest_route=\/wp\/v2\/posts\/1597","targetHints":{"allow":["GET"]}}],"collection":[{"href":"https:\/\/www.projekt-kirche.de\/index.php?rest_route=\/wp\/v2\/posts"}],"about":[{"href":"https:\/\/www.projekt-kirche.de\/index.php?rest_route=\/wp\/v2\/types\/post"}],"author":[{"embeddable":true,"href":"https:\/\/www.projekt-kirche.de\/index.php?rest_route=\/wp\/v2\/users\/1"}],"replies":[{"embeddable":true,"href":"https:\/\/www.projekt-kirche.de\/index.php?rest_route=%2Fwp%2Fv2%2Fcomments&post=1597"}],"version-history":[{"count":1,"href":"https:\/\/www.projekt-kirche.de\/index.php?rest_route=\/wp\/v2\/posts\/1597\/revisions"}],"predecessor-version":[{"id":6418,"href":"https:\/\/www.projekt-kirche.de\/index.php?rest_route=\/wp\/v2\/posts\/1597\/revisions\/6418"}],"wp:attachment":[{"href":"https:\/\/www.projekt-kirche.de\/index.php?rest_route=%2Fwp%2Fv2%2Fmedia&parent=1597"}],"wp:term":[{"taxonomy":"category","embeddable":true,"href":"https:\/\/www.projekt-kirche.de\/index.php?rest_route=%2Fwp%2Fv2%2Fcategories&post=1597"},{"taxonomy":"post_tag","embeddable":true,"href":"https:\/\/www.projekt-kirche.de\/index.php?rest_route=%2Fwp%2Fv2%2Ftags&post=1597"}],"curies":[{"name":"wp","href":"https:\/\/api.w.org\/{rel}","templated":true}]}}