{"id":1611,"date":"2010-02-05T13:26:11","date_gmt":"2010-02-05T12:26:11","guid":{"rendered":"http:\/\/sschweizer.wordpress.com\/?p=1611"},"modified":"2020-05-09T04:49:45","modified_gmt":"2020-05-09T02:49:45","slug":"ueber-entstehung-und-sinn-des-rosenkranzes","status":"publish","type":"post","link":"https:\/\/www.projekt-kirche.de\/?p=1611","title":{"rendered":"\u00dcber Entstehung und Sinn des Rosenkranzes"},"content":{"rendered":"<div class=\"shariff\" data-title=\"\u00dcber Entstehung und Sinn des Rosenkranzes\" data-info-url=\"http:\/\/ct.de\/-2467514\" data-backend-url=\"https:\/\/www.projekt-kirche.de\/wp-content\/plugins\/shariff-sharing\/backend\/index.php\" data-temp=\"\/tmp\" data-ttl=\"60\" data-service=\"gftr\" data-services='[\"googleplus\",\"facebook\",\"twitter\",\"reddit\",\"info\"]' data-image=\"\" data-url=\"https:\/\/www.projekt-kirche.de\/?p=1611\" data-lang=\"de\" data-theme=\"colored\" data-orientation=\"horizontal\"><\/div><p>Der Rosenkranz bzw. das Rosenkranzgebet gilt ja als typisch katholisch (wobei ich mir nicht sicher bin, ob Luther nicht auch den Rosenkranz betete, da er ja nachweislich ein gro\u00dfer Marienverehrer war).<\/p>\n<p>Ich selbst bin katholisch aufgewachsen, konnte aber mit dem Rosenkranzgebet nie wirklich etwas anfangen. Meist waren es ja &#8220;nur&#8221; alte Frauen, die zum Rosenkranz-Gebet in die Kirche gingen oder den Rosenkranz in einer Kapelle f\u00fcr sich alleine beteten. Das monotone Aufsagen des Rosenkranzgebetes schreckte mich aber eher ab als dass es mich inspirierte. Die Rosenkranzkette selbst mit dem Kreuz daran und den vielen Perlen fand ich als kleiner Junge jedoch interessant. Benutzt habe ich ihn aber meines Wissens nie (zumindest nicht zu dem Zweck, f\u00fcr den er eigentlich gemacht war).<\/p>\n<p>Als Neukatholik bin ich nun wieder mit diesem Thema konfrontiert und war ehrlich gesagt etwas erschreckt, dass (selbst) Scott Hahn, ein vom Calvinismus zum Katholizismus \u00fcbergetretener, ehemals protestantischer (jetzt katholischer) Theologe den Rosenkranz betet und ihm dass offenbar auch wirklich was gibt (siehe sein Buch &#8220;<a title=\"Amazon\" href=\"http:\/\/www.amazon.de\/Unser-Weg-nach-Scott-Hahn\/dp\/3717110691\/ref=sr_1_2?ie=UTF8&amp;s=books&amp;qid=1265370928&amp;sr=8-2\" target=\"_blank\" rel=\"noopener noreferrer\">Unser Weg nach Rom<\/a>&#8220;).<!--more--><\/p>\n<p>Ich war ja noch nie ein Fan von auswendig gelernten Gebeten (vielleicht mit Ausnahme des &#8220;Vater Unsers&#8221;) und somit war diese katholische Praxis wirklich Neuland f\u00fcr mich. Andererseits erinnere ich mich noch gut daran, wie viele andere Dinge in meiner freikirchlichen Zeit anf\u00e4nglich auch neu f\u00fcr mich waren (z.B. regelm\u00e4\u00dfiges Bibelstudium, Gebet, Evangelisation, etc.).<\/p>\n<p>Es gibt als Christ immer wieder Neues zu lernen und f\u00fcr viele Dinge braucht es eine Menge Mut und Glauben. D.h. nat\u00fcrlich nicht, dass man jetzt jeden &#8220;Unsinn&#8221; ungepr\u00fcft mitmachen sollte, aber dass man andererseits auch nicht alles Neue und Ungewohnte gleich von vornherein ablehnen sollte. Und das betrifft m.E. auch den Rosenkranz.<\/p>\n<p>Heute bin ich nun auf einen m.E. recht aufschlussreichen Artikel \u00fcber Herkunft und Sinn des Rosenkranzes von Michael Gurtner (Theologe aus Salzburg) gesto\u00dfen, den ich mal zum Selberlesen empfehlen m\u00f6chte: &#8220;<a title=\"Zur Vern\u00fcnftigkeit des Heiligen Rosenkranzes\" href=\"http:\/\/media2.kathtube.com\/document\/9034.pdf\" target=\"_blank\" rel=\"noopener noreferrer\">Zur Vern\u00fcnftigkeit des Heiligen Rosenkranzes &#8211; Gedanken zum Rosenkranzfest<\/a>&#8221; (sind nur vier Seiten \ud83d\ude09 )<\/p>\n","protected":false},"excerpt":{"rendered":"<p>Der Rosenkranz bzw. das Rosenkranzgebet gilt ja als typisch katholisch (wobei ich mir nicht sicher bin, ob Luther nicht auch den Rosenkranz betete, da er ja nachweislich ein gro\u00dfer Marienverehrer war). Ich selbst bin katholisch aufgewachsen, konnte aber mit dem Rosenkranzgebet nie wirklich etwas anfangen. Meist waren es ja &#8220;nur&#8221; alte Frauen, die zum Rosenkranz-Gebet [&hellip;]<\/p>\n","protected":false},"author":1,"featured_media":0,"comment_status":"open","ping_status":"open","sticky":false,"template":"","format":"standard","meta":{"jetpack_post_was_ever_published":false,"_jetpack_newsletter_access":"","_jetpack_dont_email_post_to_subs":false,"_jetpack_newsletter_tier_id":0,"_jetpack_memberships_contains_paywalled_content":false,"_jetpack_memberships_contains_paid_content":false,"footnotes":""},"categories":[2],"tags":[252],"class_list":["post-1611","post","type-post","status-publish","format-standard","hentry","category-allgemein","tag-rosenkranz"],"jetpack_featured_media_url":"","jetpack_shortlink":"https:\/\/wp.me\/p4Sdv6-pZ","jetpack_sharing_enabled":true,"_links":{"self":[{"href":"https:\/\/www.projekt-kirche.de\/index.php?rest_route=\/wp\/v2\/posts\/1611","targetHints":{"allow":["GET"]}}],"collection":[{"href":"https:\/\/www.projekt-kirche.de\/index.php?rest_route=\/wp\/v2\/posts"}],"about":[{"href":"https:\/\/www.projekt-kirche.de\/index.php?rest_route=\/wp\/v2\/types\/post"}],"author":[{"embeddable":true,"href":"https:\/\/www.projekt-kirche.de\/index.php?rest_route=\/wp\/v2\/users\/1"}],"replies":[{"embeddable":true,"href":"https:\/\/www.projekt-kirche.de\/index.php?rest_route=%2Fwp%2Fv2%2Fcomments&post=1611"}],"version-history":[{"count":2,"href":"https:\/\/www.projekt-kirche.de\/index.php?rest_route=\/wp\/v2\/posts\/1611\/revisions"}],"predecessor-version":[{"id":7782,"href":"https:\/\/www.projekt-kirche.de\/index.php?rest_route=\/wp\/v2\/posts\/1611\/revisions\/7782"}],"wp:attachment":[{"href":"https:\/\/www.projekt-kirche.de\/index.php?rest_route=%2Fwp%2Fv2%2Fmedia&parent=1611"}],"wp:term":[{"taxonomy":"category","embeddable":true,"href":"https:\/\/www.projekt-kirche.de\/index.php?rest_route=%2Fwp%2Fv2%2Fcategories&post=1611"},{"taxonomy":"post_tag","embeddable":true,"href":"https:\/\/www.projekt-kirche.de\/index.php?rest_route=%2Fwp%2Fv2%2Ftags&post=1611"}],"curies":[{"name":"wp","href":"https:\/\/api.w.org\/{rel}","templated":true}]}}