{"id":1626,"date":"2010-02-05T19:03:07","date_gmt":"2010-02-05T18:03:07","guid":{"rendered":"http:\/\/sschweizer.wordpress.com\/?p=1626"},"modified":"2020-05-08T17:13:10","modified_gmt":"2020-05-08T15:13:10","slug":"warum-gibt-es-leid-in-dieser-welt","status":"publish","type":"post","link":"https:\/\/www.projekt-kirche.de\/?p=1626","title":{"rendered":"Warum gibt es Leid in dieser Welt?"},"content":{"rendered":"<div class=\"shariff\" data-title=\"Warum gibt es Leid in dieser Welt?\" data-info-url=\"http:\/\/ct.de\/-2467514\" data-backend-url=\"https:\/\/www.projekt-kirche.de\/wp-content\/plugins\/shariff-sharing\/backend\/index.php\" data-temp=\"\/tmp\" data-ttl=\"60\" data-service=\"gftr\" data-services='[\"googleplus\",\"facebook\",\"twitter\",\"reddit\",\"info\"]' data-image=\"\" data-url=\"https:\/\/www.projekt-kirche.de\/?p=1626\" data-lang=\"de\" data-theme=\"colored\" data-orientation=\"horizontal\"><\/div><p>Es ist f\u00fcr uns alle offensichtlich, dass das Leben nicht nur sch\u00f6n, sondern auch sehr schlimm sein kann. Und selbst, wenn man nicht selbst Leid erf\u00e4hrt, dann ersch\u00fcttert einen doch immer wieder das Leid, das anderen widerf\u00e4hrt.<\/p>\n<p>Warum gibt es Leid \u00fcberhaupt in unserer Welt? Dass es von Menschen selbst verursachtes Leid gibt wie z.B. durch Kriege ist ja noch nachvollziehbar, aber warum m\u00fcssen auch unschuldige Menschen (wie z.B. Kinder) leiden? Warum gibt es Krankheit, Hunger und Naturkatastrophen (wie zuletzt in Haiti)? Ist Gott doch nicht gut? Oder ist Gott nicht allm\u00e4chtig? Warum l\u00e4sst Gott dann das Leid zu? Hat das irgendeinen Sinn?<\/p>\n<p>(Selbst) viele Christen wissen auf diese Fragen keine Antwort. Warum eigentlich? Steht dar\u00fcber tats\u00e4chlich nichts in der Bibel? Oder gibt es bei &#8220;wirklich gl\u00e4ubigen&#8221; Christen kein Leid mehr, so dass sich diese Frage f\u00fcr sie gar nicht mehr stellt? Sicherlich nicht.<!--more--><\/p>\n<p>Letztes Jahr habe ich einen Fernkurs in kath. Theologie begonnen. In einem der ersten Lehrbriefe wurde auch die Frage nach dem Leid gestellt. Im Begleitkurs wurde die Frage dann nochmals von einer Mitstudentin aufgegriffen. Aber weder der Lehrbrief, noch der Seminarleiter konnte eine wirkliche Antwort darauf geben. Das ist traurig, da ich denke, dass der christliche (und im Besonderen der katholische) Glaube sehr wohl eine Antwort darauf hat. Nur ist sie vielen Christen offenbar nicht bekannt.<\/p>\n<p>Umso mehr hat mich gefreut, dass der kath. Salzburger Theologe Michael Gurtner einen m.E. sehr guten und fundierten Kommentar zu diesem Thema geschrieben hat. Gurtner hat den Mut, genau das zu sagen, was in der Bibel \u00fcber Gott und das Leid in dieser Welt steht. Und das ist f\u00fcr den Menschen nicht nur angenehm zu h\u00f6ren. Aber die christliche Antwort auf Frage nach dem Leid gibt auch sehr viel (echten) Trost. Denn das Leid ist <em>nicht<\/em> sinnlos! Wir leiden &#8211; Gott sei Dank &#8211; nicht umsonst!<\/p>\n<p>Jetzt aber der Link auf den besagten Artikel, der heute auf <a title=\"KATH.NET\" href=\"http:\/\/www.kath.net\" target=\"_blank\" rel=\"noopener noreferrer\">KATH.NET<\/a> unter folgendem Titel erschienen ist: &#8220;<a title=\"KATH.NET\" href=\"http:\/\/www.kath.net\/detail.php?id=25497\" target=\"_blank\" rel=\"noopener noreferrer\">Wen der Herr liebt, den z\u00fcchtigt er<\/a>&#8220;.<\/p>\n","protected":false},"excerpt":{"rendered":"<p>Es ist f\u00fcr uns alle offensichtlich, dass das Leben nicht nur sch\u00f6n, sondern auch sehr schlimm sein kann. Und selbst, wenn man nicht selbst Leid erf\u00e4hrt, dann ersch\u00fcttert einen doch immer wieder das Leid, das anderen widerf\u00e4hrt. Warum gibt es Leid \u00fcberhaupt in unserer Welt? Dass es von Menschen selbst verursachtes Leid gibt wie z.B. [&hellip;]<\/p>\n","protected":false},"author":1,"featured_media":0,"comment_status":"open","ping_status":"open","sticky":false,"template":"","format":"standard","meta":{"jetpack_post_was_ever_published":false,"_jetpack_newsletter_access":"","_jetpack_dont_email_post_to_subs":false,"_jetpack_newsletter_tier_id":0,"_jetpack_memberships_contains_paywalled_content":false,"_jetpack_memberships_contains_paid_content":false,"footnotes":""},"categories":[2],"tags":[203,208],"class_list":["post-1626","post","type-post","status-publish","format-standard","hentry","category-allgemein","tag-krankheit","tag-leid"],"jetpack_featured_media_url":"","jetpack_shortlink":"https:\/\/wp.me\/p4Sdv6-qe","jetpack_sharing_enabled":true,"_links":{"self":[{"href":"https:\/\/www.projekt-kirche.de\/index.php?rest_route=\/wp\/v2\/posts\/1626","targetHints":{"allow":["GET"]}}],"collection":[{"href":"https:\/\/www.projekt-kirche.de\/index.php?rest_route=\/wp\/v2\/posts"}],"about":[{"href":"https:\/\/www.projekt-kirche.de\/index.php?rest_route=\/wp\/v2\/types\/post"}],"author":[{"embeddable":true,"href":"https:\/\/www.projekt-kirche.de\/index.php?rest_route=\/wp\/v2\/users\/1"}],"replies":[{"embeddable":true,"href":"https:\/\/www.projekt-kirche.de\/index.php?rest_route=%2Fwp%2Fv2%2Fcomments&post=1626"}],"version-history":[{"count":2,"href":"https:\/\/www.projekt-kirche.de\/index.php?rest_route=\/wp\/v2\/posts\/1626\/revisions"}],"predecessor-version":[{"id":7648,"href":"https:\/\/www.projekt-kirche.de\/index.php?rest_route=\/wp\/v2\/posts\/1626\/revisions\/7648"}],"wp:attachment":[{"href":"https:\/\/www.projekt-kirche.de\/index.php?rest_route=%2Fwp%2Fv2%2Fmedia&parent=1626"}],"wp:term":[{"taxonomy":"category","embeddable":true,"href":"https:\/\/www.projekt-kirche.de\/index.php?rest_route=%2Fwp%2Fv2%2Fcategories&post=1626"},{"taxonomy":"post_tag","embeddable":true,"href":"https:\/\/www.projekt-kirche.de\/index.php?rest_route=%2Fwp%2Fv2%2Ftags&post=1626"}],"curies":[{"name":"wp","href":"https:\/\/api.w.org\/{rel}","templated":true}]}}