{"id":163,"date":"2008-09-04T22:03:19","date_gmt":"2008-09-04T20:03:19","guid":{"rendered":"http:\/\/sschweizer.wordpress.com\/?p=163"},"modified":"2020-05-08T16:28:11","modified_gmt":"2020-05-08T14:28:11","slug":"uber-die-geduld","status":"publish","type":"post","link":"https:\/\/www.projekt-kirche.de\/?p=163","title":{"rendered":"\u00dcber die Geduld"},"content":{"rendered":"<div class=\"shariff\" data-title=\"\u00dcber die Geduld\" data-info-url=\"http:\/\/ct.de\/-2467514\" data-backend-url=\"https:\/\/www.projekt-kirche.de\/wp-content\/plugins\/shariff-sharing\/backend\/index.php\" data-temp=\"\/tmp\" data-ttl=\"60\" data-service=\"gftr\" data-services='[\"googleplus\",\"facebook\",\"twitter\",\"reddit\",\"info\"]' data-image=\"\" data-url=\"https:\/\/www.projekt-kirche.de\/?p=163\" data-lang=\"de\" data-theme=\"colored\" data-orientation=\"horizontal\"><\/div><p><a title=\"\u00dcber die Geduld\" href=\"http:\/\/www.unifr.ch\/bkv\/kapitel58.htm-geduld\" target=\"_blank\" rel=\"noopener noreferrer\">&#8220;\u00dcber die Geduld&#8221;<\/a> lautet der Titel einer Schrift von <a title=\"Tertullian\" href=\"http:\/\/de.wikipedia.org\/wiki\/Tertullian\" target=\"_blank\" rel=\"noopener noreferrer\">Tertullian<\/a>. Darin schreibt er, dass er selbst zugeben m\u00fcsse, dass er eigentlich gar nicht w\u00fcrdig\u00a0sei ein solches Thema zu\u00a0behandeln. Denn er bekennt ganz freim\u00fctig, dass er diese Tugend selbst nicht besonders gut beherrscht. Und das, obwohl sie &#8211; seiner Meinung nach &#8211; die Grundlage aller christlichen Tugenden sei.<\/p>\n<p><!--more--><\/p>\n<p>Ja, und an dieser Stelle muss auch ich bekennen, dass ich mit der S\u00fcnde &#8220;Ungeduld&#8221; und &#8220;Unbeherrschtheit&#8221; (statt Sanftmut) sehr zu k\u00e4mpfen habe. Und wenn ich gerade dabei bin: da h\u00e4tten wir noch Arroganz, Selbstbezogenheit (vor allem, wenn ich am Rechner sitze; fragt mal meine Frau \ud83d\ude41 ) etc etc.<\/p>\n<p>Dieses Jahr habe ich mir vorgenommen besonders an dieser Schw\u00e4che zu &#8220;arbeiten&#8221;. Ich m\u00f6chte in meiner Sanftmut und Geduld wachsen. Wie macht man das nun praktisch?<\/p>\n<p>Ok, ich k\u00f6nnte daf\u00fcr beten. Dann w\u00e4re sicherlich gut, wenn ich bei jeder Unbeherrschtheit und Lieblosigkeit mich entschuldige: bei den Betroffenen und nat\u00fcrlich bei Gott.<\/p>\n<p>Gl\u00fccklicherweise habe ich noch einen guten Freund und Bruder in Christus, der mir beim Thema Sanftmut ein echtes Vorbild ist. Leider treffen wir uns viel zu selten. Das sollte ich wohl auch noch \u00e4ndern.<\/p>\n<p>Was h\u00e4ttet ihr f\u00fcr mich noch f\u00fcr einen Rat?<\/p>\n","protected":false},"excerpt":{"rendered":"<p>&#8220;\u00dcber die Geduld&#8221; lautet der Titel einer Schrift von Tertullian. Darin schreibt er, dass er selbst zugeben m\u00fcsse, dass er eigentlich gar nicht w\u00fcrdig\u00a0sei ein solches Thema zu\u00a0behandeln. Denn er bekennt ganz freim\u00fctig, dass er diese Tugend selbst nicht besonders gut beherrscht. Und das, obwohl sie &#8211; seiner Meinung nach &#8211; die Grundlage aller christlichen [&hellip;]<\/p>\n","protected":false},"author":1,"featured_media":0,"comment_status":"open","ping_status":"open","sticky":false,"template":"","format":"standard","meta":{"jetpack_post_was_ever_published":false,"_jetpack_newsletter_access":"","_jetpack_dont_email_post_to_subs":false,"_jetpack_newsletter_tier_id":0,"_jetpack_memberships_contains_paywalled_content":false,"_jetpack_memberships_contains_paid_content":false,"footnotes":""},"categories":[2],"tags":[118,264],"class_list":["post-163","post","type-post","status-publish","format-standard","hentry","category-allgemein","tag-apostolische-vater","tag-tertullian"],"jetpack_featured_media_url":"","jetpack_shortlink":"https:\/\/wp.me\/p4Sdv6-2D","jetpack_sharing_enabled":true,"_links":{"self":[{"href":"https:\/\/www.projekt-kirche.de\/index.php?rest_route=\/wp\/v2\/posts\/163","targetHints":{"allow":["GET"]}}],"collection":[{"href":"https:\/\/www.projekt-kirche.de\/index.php?rest_route=\/wp\/v2\/posts"}],"about":[{"href":"https:\/\/www.projekt-kirche.de\/index.php?rest_route=\/wp\/v2\/types\/post"}],"author":[{"embeddable":true,"href":"https:\/\/www.projekt-kirche.de\/index.php?rest_route=\/wp\/v2\/users\/1"}],"replies":[{"embeddable":true,"href":"https:\/\/www.projekt-kirche.de\/index.php?rest_route=%2Fwp%2Fv2%2Fcomments&post=163"}],"version-history":[{"count":2,"href":"https:\/\/www.projekt-kirche.de\/index.php?rest_route=\/wp\/v2\/posts\/163\/revisions"}],"predecessor-version":[{"id":7569,"href":"https:\/\/www.projekt-kirche.de\/index.php?rest_route=\/wp\/v2\/posts\/163\/revisions\/7569"}],"wp:attachment":[{"href":"https:\/\/www.projekt-kirche.de\/index.php?rest_route=%2Fwp%2Fv2%2Fmedia&parent=163"}],"wp:term":[{"taxonomy":"category","embeddable":true,"href":"https:\/\/www.projekt-kirche.de\/index.php?rest_route=%2Fwp%2Fv2%2Fcategories&post=163"},{"taxonomy":"post_tag","embeddable":true,"href":"https:\/\/www.projekt-kirche.de\/index.php?rest_route=%2Fwp%2Fv2%2Ftags&post=163"}],"curies":[{"name":"wp","href":"https:\/\/api.w.org\/{rel}","templated":true}]}}