{"id":1707,"date":"2010-02-09T10:36:34","date_gmt":"2010-02-09T09:36:34","guid":{"rendered":"http:\/\/sschweizer.wordpress.com\/?p=1707"},"modified":"2020-05-08T16:01:24","modified_gmt":"2020-05-08T14:01:24","slug":"ein-herausforderndes-gebet-von-thomas-von-aquin","status":"publish","type":"post","link":"https:\/\/www.projekt-kirche.de\/?p=1707","title":{"rendered":"Ein herausforderndes Gebet von Thomas von Aquin"},"content":{"rendered":"<div class=\"shariff\" data-title=\"Ein herausforderndes Gebet von Thomas von Aquin\" data-info-url=\"http:\/\/ct.de\/-2467514\" data-backend-url=\"https:\/\/www.projekt-kirche.de\/wp-content\/plugins\/shariff-sharing\/backend\/index.php\" data-temp=\"\/tmp\" data-ttl=\"60\" data-service=\"gftr\" data-services='[\"googleplus\",\"facebook\",\"twitter\",\"reddit\",\"info\"]' data-image=\"\" data-url=\"https:\/\/www.projekt-kirche.de\/?p=1707\" data-lang=\"de\" data-theme=\"colored\" data-orientation=\"horizontal\"><\/div><p>Auf &#8220;<a title=\"Evangelium Tag f\u00fcr Tag\" href=\"http:\/\/www.evangeliumtagfuertag.org\" target=\"_blank\" rel=\"noopener noreferrer\">Evangelium Tag f\u00fcr Tag<\/a>&#8221; habe ich gerade den <a title=\"Evangelium Tag f\u00fcr Tag\" href=\"http:\/\/www.evangeliumtagfuertag.org\/main.php?language=DE&amp;module=commentary&amp;localdate=20100209\" target=\"_blank\" rel=\"noopener noreferrer\">Kommentar des heutigen Evangeliums<\/a> (bzgl. <a href=\"https:\/\/www.bibleserver.com\/NLB\/Markus7%2C1-13\" class=\"bibleserver extern\" target=\"_blank\" rel=\"noopener noreferrer\">Mk 7,1-13<\/a>) gelesen, der diesmal aus folgendem inspirierenden, aber auch herausfordernden Gebet von <a title=\"Wikipedia\" href=\"http:\/\/de.wikipedia.org\/wiki\/Aquin\" target=\"_blank\" rel=\"noopener noreferrer\">Thomas von Aquin<\/a> (1225 \u2013 1274 n.Chr., Dominikaner, Theologe und Kirchenlehrer) besteht:<\/p>\n<blockquote><p><strong>\u201eDieses Volk ehrt mich blo\u00df mit den Lippen, sein Herz aber h\u00e4lt es von mir fern\u201c<\/strong><\/p>\n<p>Dass ich doch nichts begehrte, was au\u00dferhalb deiner ist!&#8230; Gib mir, dass ich mein Herz oft zu dir erhebe; dass ich, wenn ich schwach werde, mit Schmerzen die Schwere meiner Schuld abw\u00e4ge und mit dem festen Vorsatz mich zu bessern. Gib mir, mein Herr und Gott, ein wachsames Herz, das kein wissensdurstiger Gedanke von dir wegziehen kann; ein edelgesinntes Herz, das keine verwerfliche Regung erniedrigt; ein aufrichtiges Herz, das keine zweideutige Absicht vom rechten Weg abbringt; ein festes Herz, das kein Missgeschick bricht; ein freies Herz, \u00fcber das keine ungest\u00fcme Leidenschaft herrschen kann.<\/p>\n<p>Schenke mir, mein Herr und Gott, einen Verstand, der dich erkennt; gro\u00dfen Eifer, der dich sucht; Weisheit, die dich findet; ein Leben, das dir gef\u00e4llt; Beharrlichkeit, die zuversichtlich dich erwartet; Zuversicht, die am Ende von dir Besitz ergreift. Gew\u00e4hre mir, dass ich in Bu\u00dffertigkeit von deinem Leiden tief betroffen werde; dass ich auf dem Weg zu dir in Gnade deine Wohltaten in Anspruch nehme; dass ich vor allem in der ewigen Heimat in Herrlichkeit mich deiner Freude erfreue. Du, der du Gott bist und lebst und herrschst von Ewigkeit zu Ewigkeit. Amen.<\/p><\/blockquote>\n<p>Wenn ich doch auch nur so beten k\u00f6nnte und w\u00fcrde&#8230;<\/p>\n","protected":false},"excerpt":{"rendered":"<p>Auf &#8220;Evangelium Tag f\u00fcr Tag&#8221; habe ich gerade den Kommentar des heutigen Evangeliums (bzgl. Mk 7,1-13) gelesen, der diesmal aus folgendem inspirierenden, aber auch herausfordernden Gebet von Thomas von Aquin (1225 \u2013 1274 n.Chr., Dominikaner, Theologe und Kirchenlehrer) besteht: \u201eDieses Volk ehrt mich blo\u00df mit den Lippen, sein Herz aber h\u00e4lt es von mir fern\u201c [&hellip;]<\/p>\n","protected":false},"author":1,"featured_media":0,"comment_status":"open","ping_status":"open","sticky":false,"template":"","format":"standard","meta":{"jetpack_post_was_ever_published":false,"_jetpack_newsletter_access":"","_jetpack_dont_email_post_to_subs":false,"_jetpack_newsletter_tier_id":0,"_jetpack_memberships_contains_paywalled_content":false,"_jetpack_memberships_contains_paid_content":false,"footnotes":""},"categories":[2],"tags":[156,267],"class_list":["post-1707","post","type-post","status-publish","format-standard","hentry","category-allgemein","tag-gebet","tag-thomas-von-aquin"],"jetpack_featured_media_url":"","jetpack_shortlink":"https:\/\/wp.me\/p4Sdv6-rx","jetpack_sharing_enabled":true,"_links":{"self":[{"href":"https:\/\/www.projekt-kirche.de\/index.php?rest_route=\/wp\/v2\/posts\/1707","targetHints":{"allow":["GET"]}}],"collection":[{"href":"https:\/\/www.projekt-kirche.de\/index.php?rest_route=\/wp\/v2\/posts"}],"about":[{"href":"https:\/\/www.projekt-kirche.de\/index.php?rest_route=\/wp\/v2\/types\/post"}],"author":[{"embeddable":true,"href":"https:\/\/www.projekt-kirche.de\/index.php?rest_route=\/wp\/v2\/users\/1"}],"replies":[{"embeddable":true,"href":"https:\/\/www.projekt-kirche.de\/index.php?rest_route=%2Fwp%2Fv2%2Fcomments&post=1707"}],"version-history":[{"count":4,"href":"https:\/\/www.projekt-kirche.de\/index.php?rest_route=\/wp\/v2\/posts\/1707\/revisions"}],"predecessor-version":[{"id":8422,"href":"https:\/\/www.projekt-kirche.de\/index.php?rest_route=\/wp\/v2\/posts\/1707\/revisions\/8422"}],"wp:attachment":[{"href":"https:\/\/www.projekt-kirche.de\/index.php?rest_route=%2Fwp%2Fv2%2Fmedia&parent=1707"}],"wp:term":[{"taxonomy":"category","embeddable":true,"href":"https:\/\/www.projekt-kirche.de\/index.php?rest_route=%2Fwp%2Fv2%2Fcategories&post=1707"},{"taxonomy":"post_tag","embeddable":true,"href":"https:\/\/www.projekt-kirche.de\/index.php?rest_route=%2Fwp%2Fv2%2Ftags&post=1707"}],"curies":[{"name":"wp","href":"https:\/\/api.w.org\/{rel}","templated":true}]}}