{"id":1721,"date":"2010-02-14T16:25:43","date_gmt":"2010-02-14T15:25:43","guid":{"rendered":"http:\/\/sschweizer.wordpress.com\/?p=1721"},"modified":"2020-05-08T18:47:11","modified_gmt":"2020-05-08T16:47:11","slug":"neue-diskussion-uber-die-taufe","status":"publish","type":"post","link":"https:\/\/www.projekt-kirche.de\/?p=1721","title":{"rendered":"Neue Diskussion \u00fcber die Taufe"},"content":{"rendered":"<div class=\"shariff\" data-title=\"Neue Diskussion \u00fcber die Taufe\" data-info-url=\"http:\/\/ct.de\/-2467514\" data-backend-url=\"https:\/\/www.projekt-kirche.de\/wp-content\/plugins\/shariff-sharing\/backend\/index.php\" data-temp=\"\/tmp\" data-ttl=\"60\" data-service=\"gftr\" data-services='[\"googleplus\",\"facebook\",\"twitter\",\"reddit\",\"info\"]' data-image=\"\" data-url=\"https:\/\/www.projekt-kirche.de\/?p=1721\" data-lang=\"de\" data-theme=\"colored\" data-orientation=\"horizontal\"><\/div><p>In den letzten Tagen ist auf den Blogs meiner gesch\u00e4tzten christlichen Bloggerkollegen <a title=\"Dirks Blog\" href=\"http:\/\/dikosss.wordpress.com\" target=\"_blank\" rel=\"noopener noreferrer\">Dirk <\/a>und <a title=\"Bentor Blog\" href=\"http:\/\/bento-bernd.blogspot.com\/\" target=\"_blank\" rel=\"noopener noreferrer\">Bento<\/a> wieder eine sehr rege Diskussion \u00fcber die Taufe aufgekommen (siehe &#8220;<a title=\"Dirks Blog\" href=\"http:\/\/dikosss.wordpress.com\/2010\/02\/08\/warum-nicht-mehr-in-der-landeskirche\/\" target=\"_blank\" rel=\"noopener noreferrer\">Warum nicht mehr in der Landeskirche?<\/a>&#8221; bzw. &#8220;<a title=\"Bentos Blog\" href=\"http:\/\/bento-bernd.blogspot.com\/2010\/02\/liebe-zum-wort.html\" target=\"_blank\" rel=\"noopener noreferrer\">Liebe zum Wort<\/a>&#8220;). Dort habe ich nochmals die aus meiner Sicht wichtigsten Argumente f\u00fcr die Heilsbedeutung der Taufe angef\u00fchrt bzw. kritische Gegenfragen gestellt.<\/p>\n<p>F\u00fcr mich pers\u00f6nlich ist die Tauffrage (Was bedeutet die Taufe bzw. ist die Taufe heilsnotwendig?) eine sehr wichtige und grundlegende Frage. Denn einerseits wird man nach meiner Ansicht erst durch die Taufe wirklich mit Jesus vereint und damit Christ (vgl. <a href=\"https:\/\/www.bibleserver.com\/NLB\/R%C3%B6mer6\" class=\"bibleserver extern\" target=\"_blank\" rel=\"noopener noreferrer\">R\u00f6m 6<\/a>) und andererseits haben unterschiedliche Lehrmeinungen zu wichtigen theologischen Fragen schon immer zu Kirchenspaltungen gef\u00fchrt (was nat\u00fcrlich das Einheitsgebot verletzt, vgl. <a title=\"www.bibleserver.com\" href=\"http:\/\/www.bibleserver.com\/act.php?text_ref=43017000\" target=\"_blank\" rel=\"noopener noreferrer\">Joh 17,20ff<\/a>).<\/p>\n<p>Nat\u00fcrlich ist die Taufe erst der Beginn des christlichen Lebens und ohne Glauben ist man (auch mit Taufe) geistlich tot. Aber ohne diese (einmalige) geistliche Wiedergeburt, kann man nach Jesu Worten eben nicht in das Reich Gottes gelangen (vgl. <a href=\"https:\/\/www.bibleserver.com\/NLB\/Johannes3%2C5\" class=\"bibleserver extern\" target=\"_blank\" rel=\"noopener noreferrer\">Joh 3,5<\/a>).<!--more--><\/p>\n<p>Ich m\u00f6chte an dieser Stelle jedoch nicht noch einmal das ganze Taufthema er\u00f6rtern, denn das habe ich (zumindest bzgl. der Kindertaufe) bereits in folgenden Blogartikeln getan (in umgekehrt chronologischer Reihenfolge):<\/p>\n<ul>\n<li><a title=\"\u00dcber Kindertaufe und Erbs\u00fcnde\" href=\"http:\/\/sschweizer.wordpress.com\/2009\/10\/25\/uber-kindertaufe-und-erbsunde\/\" target=\"_self\" rel=\"noopener noreferrer\">\u00dcber Kindertaufe und Erbs\u00fcnde<\/a><\/li>\n<li><a title=\"\u00dcber die Kindertaufe (Teil 1)\" href=\"http:\/\/sschweizer.wordpress.com\/2009\/05\/28\/ueber-die-kindertaufe-teil1\/\" target=\"_self\" rel=\"noopener noreferrer\">\u00dcber die Kindertaufe<\/a> (Teil 1-4)<\/li>\n<li><a title=\"Wieder katholisch\" href=\"http:\/\/sschweizer.wordpress.com\/2009\/04\/13\/wieder-katholisch\/\" target=\"_self\" rel=\"noopener noreferrer\">Wieder katholisch<\/a><\/li>\n<li><a title=\"Warum ich mich mit dem katholischen Glauben besch\u00e4ftige\" href=\"http:\/\/sschweizer.wordpress.com\/2008\/12\/25\/warum-ich-mich-mit-dem-katholischen-glauben-beschaftige-teil-1\/\" target=\"_self\" rel=\"noopener noreferrer\">Warum ich mich mit dem katholischen Glauben besch\u00e4ftige<\/a> (Teil 1+2)<\/li>\n<\/ul>\n<p>Ich habe \u00fcbrigens vor, sp\u00e4ter noch ein E-Book zum Thema &#8220;\u00dcber die Sakramente und die Bibel\u201c herauszugeben, in dem die Bedeutung der Taufe aus katholischer Sicht nochmals allgemein erl\u00e4utert wird.<\/p>\n<p>Was mir aber bei den Diskussionen \u00fcber die Taufe (oder auch anderen theologischen Themen) immer wieder auff\u00e4llt ist, dass das Christentum von vielen protestantischen Gl\u00e4ubigen (und vor allem von Freikirchlern) praktisch als reine Buchreligion angesehen wird. Die Bibel ist allein der Ma\u00dfstab des Glaubens und die historische Entwicklung bzw. Entfaltung des christlichen Glaubens im kirchlichen Leben spielt f\u00fcr sie kaum eine Rolle.<\/p>\n<p>Katholiken halten zwar die Heilige Schrift auch in besonderen Ehren, sie ist jedoch f\u00fcr sie nur eine von zwei &#8220;Quellen&#8221; der einen g\u00f6ttlichen Offenbarung. Neben der Bibel als unfehlbares Gottes Wort gilt in der kath. Kirche auch die apostolische \u00dcberlieferung als ma\u00dfgeblich f\u00fcr den Glauben. D.h. es spielt bei Katholiken eine eher untergeordnete Rolle, ob eine g\u00f6ttliche Wahrheit schriftlich durch die Bibel \u00fcberliefert wurde oder m\u00fcndlich, sofern der apostolische Ursprung sicher ist (d.h., dass sich die Lehre auf die Apostel zur\u00fcckf\u00fchren l\u00e4sst). Das macht m.E. schon deshalb Sinn, da es anf\u00e4nglich ja noch gar kein schriftliches Neues Testament gab. Denn damals wurde die christliche Lehre haupts\u00e4chlich m\u00fcndlich weitergegeben. Zuerst durch die Apostel und ihre Mitarbeiter, dann durch die Nachfolger der Apostel, den \u00c4ltesten bzw. den Bisch\u00f6fen.<\/p>\n<p>Ich pers\u00f6nlich w\u00fcrde mir w\u00fcnschen, dass auch die nicht-katholischen Christen mehr Wert darauf legen w\u00fcrden, zu pr\u00fcfen, ob eine Lehre apostolisch bzw. &#8220;katholisch&#8221; ist gem\u00e4\u00df der Definition von Katholizit\u00e4t von <a title=\"Vinzenz von L\u00e9rins\" href=\"http:\/\/de.wikipedia.org\/wiki\/Vinzenz_von_L%C3%A9rins\">Vinzenz von L\u00e9rins<\/a>:<\/p>\n<blockquote><p>\u201eDar\u00fcber hinaus m\u00fcssen wir in der katholischen Kirche selbst alle m\u00f6gliche Sorgfalt anwenden, dass wir uns an den Glauben halten, der \u00fcberall, immer, von allen geglaubt wurde.\u201c (Quelle: <a title=\"Wikipedia\" href=\"http:\/\/de.wikipedia.org\/wiki\/Katholisch\" target=\"_blank\" rel=\"noopener noreferrer\">Wikipedia<\/a>)<\/p><\/blockquote>\n","protected":false},"excerpt":{"rendered":"<p>In den letzten Tagen ist auf den Blogs meiner gesch\u00e4tzten christlichen Bloggerkollegen Dirk und Bento wieder eine sehr rege Diskussion \u00fcber die Taufe aufgekommen (siehe &#8220;Warum nicht mehr in der Landeskirche?&#8221; bzw. &#8220;Liebe zum Wort&#8220;). Dort habe ich nochmals die aus meiner Sicht wichtigsten Argumente f\u00fcr die Heilsbedeutung der Taufe angef\u00fchrt bzw. kritische Gegenfragen gestellt. [&hellip;]<\/p>\n","protected":false},"author":1,"featured_media":0,"comment_status":"open","ping_status":"open","sticky":false,"template":"","format":"standard","meta":{"jetpack_post_was_ever_published":false,"_jetpack_newsletter_access":"","_jetpack_dont_email_post_to_subs":false,"_jetpack_newsletter_tier_id":0,"_jetpack_memberships_contains_paywalled_content":false,"_jetpack_memberships_contains_paid_content":false,"footnotes":""},"categories":[2],"tags":[262],"class_list":["post-1721","post","type-post","status-publish","format-standard","hentry","category-allgemein","tag-taufe"],"jetpack_featured_media_url":"","jetpack_shortlink":"https:\/\/wp.me\/p4Sdv6-rL","jetpack_sharing_enabled":true,"_links":{"self":[{"href":"https:\/\/www.projekt-kirche.de\/index.php?rest_route=\/wp\/v2\/posts\/1721","targetHints":{"allow":["GET"]}}],"collection":[{"href":"https:\/\/www.projekt-kirche.de\/index.php?rest_route=\/wp\/v2\/posts"}],"about":[{"href":"https:\/\/www.projekt-kirche.de\/index.php?rest_route=\/wp\/v2\/types\/post"}],"author":[{"embeddable":true,"href":"https:\/\/www.projekt-kirche.de\/index.php?rest_route=\/wp\/v2\/users\/1"}],"replies":[{"embeddable":true,"href":"https:\/\/www.projekt-kirche.de\/index.php?rest_route=%2Fwp%2Fv2%2Fcomments&post=1721"}],"version-history":[{"count":4,"href":"https:\/\/www.projekt-kirche.de\/index.php?rest_route=\/wp\/v2\/posts\/1721\/revisions"}],"predecessor-version":[{"id":8481,"href":"https:\/\/www.projekt-kirche.de\/index.php?rest_route=\/wp\/v2\/posts\/1721\/revisions\/8481"}],"wp:attachment":[{"href":"https:\/\/www.projekt-kirche.de\/index.php?rest_route=%2Fwp%2Fv2%2Fmedia&parent=1721"}],"wp:term":[{"taxonomy":"category","embeddable":true,"href":"https:\/\/www.projekt-kirche.de\/index.php?rest_route=%2Fwp%2Fv2%2Fcategories&post=1721"},{"taxonomy":"post_tag","embeddable":true,"href":"https:\/\/www.projekt-kirche.de\/index.php?rest_route=%2Fwp%2Fv2%2Ftags&post=1721"}],"curies":[{"name":"wp","href":"https:\/\/api.w.org\/{rel}","templated":true}]}}