{"id":173,"date":"2008-09-05T21:48:23","date_gmt":"2008-09-05T19:48:23","guid":{"rendered":"http:\/\/sschweizer.wordpress.com\/?p=173"},"modified":"2020-05-09T02:24:22","modified_gmt":"2020-05-09T00:24:22","slug":"du-bist-soo-super","status":"publish","type":"post","link":"https:\/\/www.projekt-kirche.de\/?p=173","title":{"rendered":"Du bist soo super!"},"content":{"rendered":"<div class=\"shariff\" data-title=\"Du bist soo super!\" data-info-url=\"http:\/\/ct.de\/-2467514\" data-backend-url=\"https:\/\/www.projekt-kirche.de\/wp-content\/plugins\/shariff-sharing\/backend\/index.php\" data-temp=\"\/tmp\" data-ttl=\"60\" data-service=\"gftr\" data-services='[\"googleplus\",\"facebook\",\"twitter\",\"reddit\",\"info\"]' data-image=\"\" data-url=\"https:\/\/www.projekt-kirche.de\/?p=173\" data-lang=\"de\" data-theme=\"colored\" data-orientation=\"horizontal\"><\/div><p>Ja, das hat mir heute mein (3-j\u00e4hriger) Sohn Paul nach einem anstrengenden (Arbeits-)Tag gesagt. Wow!<\/p>\n<p>Genauer gesagt sagte er (und das zum ersten Mal!):<\/p>\n<p>&#8220;Papa, du bist soo super!&#8221;,<\/p>\n<p>zeigte dann aber auf meine Nase und erg\u00e4nzte:<\/p>\n<p>&#8220;&#8230; so Super-Nase!&#8221; \ud83d\ude41<\/p>\n<p>Ok, ich wei\u00df, dass ich eine gro\u00dfe Nase habe, aber h\u00e4tte er es nicht dabei bewenden lassen k\u00f6nnen?<\/p>\n<p>Nee, er zeigte weiter mit seinem kleinen Finger auf meine Nase und stellte fest:<\/p>\n<p>&#8220;Du hast ja ganz gro\u00dfe Nasenl\u00f6cher&#8230;&#8221; \ud83d\ude41 \ud83d\ude42<strong> <\/strong><\/p>\n","protected":false},"excerpt":{"rendered":"<p>Ja, das hat mir heute mein (3-j\u00e4hriger) Sohn Paul nach einem anstrengenden (Arbeits-)Tag gesagt. Wow! Genauer gesagt sagte er (und das zum ersten Mal!): &#8220;Papa, du bist soo super!&#8221;, zeigte dann aber auf meine Nase und erg\u00e4nzte: &#8220;&#8230; so Super-Nase!&#8221; \ud83d\ude41 Ok, ich wei\u00df, dass ich eine gro\u00dfe Nase habe, aber h\u00e4tte er es nicht [&hellip;]<\/p>\n","protected":false},"author":1,"featured_media":0,"comment_status":"open","ping_status":"open","sticky":false,"template":"","format":"standard","meta":{"jetpack_post_was_ever_published":false,"_jetpack_newsletter_access":"","_jetpack_dont_email_post_to_subs":false,"_jetpack_newsletter_tier_id":0,"_jetpack_memberships_contains_paywalled_content":false,"_jetpack_memberships_contains_paid_content":false,"footnotes":""},"categories":[2],"tags":[235],"class_list":["post-173","post","type-post","status-publish","format-standard","hentry","category-allgemein","tag-paul"],"jetpack_featured_media_url":"","jetpack_shortlink":"https:\/\/wp.me\/p4Sdv6-2N","jetpack_sharing_enabled":true,"_links":{"self":[{"href":"https:\/\/www.projekt-kirche.de\/index.php?rest_route=\/wp\/v2\/posts\/173","targetHints":{"allow":["GET"]}}],"collection":[{"href":"https:\/\/www.projekt-kirche.de\/index.php?rest_route=\/wp\/v2\/posts"}],"about":[{"href":"https:\/\/www.projekt-kirche.de\/index.php?rest_route=\/wp\/v2\/types\/post"}],"author":[{"embeddable":true,"href":"https:\/\/www.projekt-kirche.de\/index.php?rest_route=\/wp\/v2\/users\/1"}],"replies":[{"embeddable":true,"href":"https:\/\/www.projekt-kirche.de\/index.php?rest_route=%2Fwp%2Fv2%2Fcomments&post=173"}],"version-history":[{"count":1,"href":"https:\/\/www.projekt-kirche.de\/index.php?rest_route=\/wp\/v2\/posts\/173\/revisions"}],"predecessor-version":[{"id":6474,"href":"https:\/\/www.projekt-kirche.de\/index.php?rest_route=\/wp\/v2\/posts\/173\/revisions\/6474"}],"wp:attachment":[{"href":"https:\/\/www.projekt-kirche.de\/index.php?rest_route=%2Fwp%2Fv2%2Fmedia&parent=173"}],"wp:term":[{"taxonomy":"category","embeddable":true,"href":"https:\/\/www.projekt-kirche.de\/index.php?rest_route=%2Fwp%2Fv2%2Fcategories&post=173"},{"taxonomy":"post_tag","embeddable":true,"href":"https:\/\/www.projekt-kirche.de\/index.php?rest_route=%2Fwp%2Fv2%2Ftags&post=173"}],"curies":[{"name":"wp","href":"https:\/\/api.w.org\/{rel}","templated":true}]}}