{"id":1755,"date":"2010-02-16T19:47:42","date_gmt":"2010-02-16T18:47:42","guid":{"rendered":"http:\/\/sschweizer.wordpress.com\/?p=1755"},"modified":"2020-05-08T16:58:13","modified_gmt":"2020-05-08T14:58:13","slug":"jeder-von-gott-geliebter-mensch-muss-leiden","status":"publish","type":"post","link":"https:\/\/www.projekt-kirche.de\/?p=1755","title":{"rendered":"Jeder von Gott geliebter Mensch muss leiden!"},"content":{"rendered":"<div class=\"shariff\" data-title=\"Jeder von Gott geliebter Mensch muss leiden!\" data-info-url=\"http:\/\/ct.de\/-2467514\" data-backend-url=\"https:\/\/www.projekt-kirche.de\/wp-content\/plugins\/shariff-sharing\/backend\/index.php\" data-temp=\"\/tmp\" data-ttl=\"60\" data-service=\"gftr\" data-services='[\"googleplus\",\"facebook\",\"twitter\",\"reddit\",\"info\"]' data-image=\"\" data-url=\"https:\/\/www.projekt-kirche.de\/?p=1755\" data-lang=\"de\" data-theme=\"colored\" data-orientation=\"horizontal\"><\/div><p>Jeder von Gott geliebter, als Sohn angenommener Mensch m\u00fcsse leiden, sagt der Kirchenvater <a title=\"Wikipedia\" href=\"http:\/\/de.wikipedia.org\/wiki\/Johannes_Chrysostomos\" target=\"_blank\" rel=\"noopener noreferrer\">Johannes Chrysostomus<\/a>, aber nicht jeder, der Leid erf\u00e4hrt ist immer auch ein &#8220;Gerechter&#8221;. Denn schlie\u00dflich g\u00e4be es auch Leid zur Strafe (vgl. hierzu auch den Artikel &#8220;<a title=\"Warum gibt es Leid in dieser Welt?\" href=\"http:\/\/sschweizer.wordpress.com\/2010\/02\/05\/warum-gibt-es-leid-in-dieser-welt\/\" target=\"_self\" rel=\"noopener noreferrer\">Warum gibt es Leid in dieser Welt?<\/a>&#8220;).<\/p>\n<p>Diese Aussagen, die Johannes Chrysostomus zur folgender Bibelstelle in seiner &#8220;<a title=\"Bibliothek der Kirchenv\u00e4ter\" href=\"http:\/\/www.unifr.ch\/bkv\/kapitel3281.htm\" target=\"_blank\" rel=\"noopener noreferrer\">29. Homilie \u00fcber den Brief an die Hebr\u00e4er<\/a>&#8221; gemacht hat, haben mich innerlich stark ber\u00fchrt.<\/p>\n<blockquote><p>&#8220;Denn wen der Herr liebt, den z\u00fcchtigt er; er schl\u00e4gt mit der Rute jeden Sohn, den er gern hat. 7 Haltet aus, wenn ihr gez\u00fcchtigt werdet. Gott behandelt euch wie S\u00f6hne. Denn wo ist ein Sohn, den sein Vater nicht z\u00fcchtigt? 8 W\u00fcrdet ihr nicht gez\u00fcchtigt, wie es doch bisher allen ergangen ist, dann w\u00e4ret ihr nicht wirklich seine Kinder, ihr w\u00e4ret nicht seine S\u00f6hne.&#8221; (<a href=\"https:\/\/www.bibleserver.com\/NLB\/Hebr%C3%A4er12%2C6-8\" class=\"bibleserver extern\" target=\"_blank\" rel=\"noopener noreferrer\">Heb 12,6-8<\/a>\/E\u00dc)<\/p><\/blockquote>\n<p><!--more--><\/p>\n<p>Chrysostomus sagt weiter, dass es geradezu notwendig sei, dass &#8220;ein Gerechter durch Tr\u00fcbsal hindurchgehe. Denn es ist der Ausspruch Christi, da\u00df der breite und ebene Weg in\u2019s Verderben, der enge und schmale aber zum Leben f\u00fchrt.&#8221; [<a title=\"www.bibleserver.com\" href=\"http:\/\/www.bibleserver.com\/act.php?text_ref=40007000\" target=\"_blank\" rel=\"noopener noreferrer\">Mt 7,13f<\/a>]. D.h. also, dass &#8220;[w]enn er [d.h. Gott] z\u00fcchtiget, geschieht es also zur Besserung, nicht zur Strafe, noch auch aus Rache oder um \u00dcbles zuzuf\u00fcgen.&#8221; Daraus zieht er den Schluss, dass &#8220;wenn er jeden Sohn, den er liebt, z\u00fcchtigt, so ist der, welcher ohne Z\u00fcchtigung bleibt, wohl nicht sein Sohn.&#8221;<\/p>\n<p>Daraufhin stellt Chrysostomus die rhetorische Frage: &#8220;Haben denn die B\u00f6sen keine Leiden?&#8221;. Nat\u00fcrlich, meint Chrysostomus und erg\u00e4nzt: &#8220;denn diese b\u00fc\u00dfen ihre eigenen Frevelthaten und werden nicht wie S\u00f6hne gez\u00fcchtigt, sondern werden wie Verbrecher gestraft (&#8230;)&#8221;<\/p>\n<p>Diese Gedanken von Johannes Chrysostomus k\u00f6nnen m.E. f\u00fcr viele Christen ein gro\u00dfer Trost in ihrem Leid sein, auch wenn es immer auch gleichzeitig eine Mahnung ist, nicht zu denen zu geh\u00f6ren, die B\u00f6ses tun. Auf jeden Fall widerspricht es der g\u00e4ngigen Auffassung in christlich-charismatischen Kreisen, dass das Leid eigentlich keinen Platz oder Sinn im Leben eines Christen habe, da ja Jesus gekommen w\u00e4re, um alles Leid der Menschen (in diesem Leben) zu beseitigen. Das ist auf jeden Fall aber nicht katholische Lehre!<\/p>\n","protected":false},"excerpt":{"rendered":"<p>Jeder von Gott geliebter, als Sohn angenommener Mensch m\u00fcsse leiden, sagt der Kirchenvater Johannes Chrysostomus, aber nicht jeder, der Leid erf\u00e4hrt ist immer auch ein &#8220;Gerechter&#8221;. Denn schlie\u00dflich g\u00e4be es auch Leid zur Strafe (vgl. hierzu auch den Artikel &#8220;Warum gibt es Leid in dieser Welt?&#8220;). Diese Aussagen, die Johannes Chrysostomus zur folgender Bibelstelle in [&hellip;]<\/p>\n","protected":false},"author":1,"featured_media":0,"comment_status":"open","ping_status":"open","sticky":false,"template":"","format":"standard","meta":{"jetpack_post_was_ever_published":false,"_jetpack_newsletter_access":"","_jetpack_dont_email_post_to_subs":false,"_jetpack_newsletter_tier_id":0,"_jetpack_memberships_contains_paywalled_content":false,"_jetpack_memberships_contains_paid_content":false,"footnotes":""},"categories":[2],"tags":[208,256],"class_list":["post-1755","post","type-post","status-publish","format-standard","hentry","category-allgemein","tag-leid","tag-schmerz"],"jetpack_featured_media_url":"","jetpack_shortlink":"https:\/\/wp.me\/p4Sdv6-sj","jetpack_sharing_enabled":true,"_links":{"self":[{"href":"https:\/\/www.projekt-kirche.de\/index.php?rest_route=\/wp\/v2\/posts\/1755","targetHints":{"allow":["GET"]}}],"collection":[{"href":"https:\/\/www.projekt-kirche.de\/index.php?rest_route=\/wp\/v2\/posts"}],"about":[{"href":"https:\/\/www.projekt-kirche.de\/index.php?rest_route=\/wp\/v2\/types\/post"}],"author":[{"embeddable":true,"href":"https:\/\/www.projekt-kirche.de\/index.php?rest_route=\/wp\/v2\/users\/1"}],"replies":[{"embeddable":true,"href":"https:\/\/www.projekt-kirche.de\/index.php?rest_route=%2Fwp%2Fv2%2Fcomments&post=1755"}],"version-history":[{"count":4,"href":"https:\/\/www.projekt-kirche.de\/index.php?rest_route=\/wp\/v2\/posts\/1755\/revisions"}],"predecessor-version":[{"id":8444,"href":"https:\/\/www.projekt-kirche.de\/index.php?rest_route=\/wp\/v2\/posts\/1755\/revisions\/8444"}],"wp:attachment":[{"href":"https:\/\/www.projekt-kirche.de\/index.php?rest_route=%2Fwp%2Fv2%2Fmedia&parent=1755"}],"wp:term":[{"taxonomy":"category","embeddable":true,"href":"https:\/\/www.projekt-kirche.de\/index.php?rest_route=%2Fwp%2Fv2%2Fcategories&post=1755"},{"taxonomy":"post_tag","embeddable":true,"href":"https:\/\/www.projekt-kirche.de\/index.php?rest_route=%2Fwp%2Fv2%2Ftags&post=1755"}],"curies":[{"name":"wp","href":"https:\/\/api.w.org\/{rel}","templated":true}]}}