{"id":1791,"date":"2010-04-15T16:44:13","date_gmt":"2010-04-15T15:44:13","guid":{"rendered":"http:\/\/sschweizer.wordpress.com\/?p=1791"},"modified":"2020-05-08T15:22:17","modified_gmt":"2020-05-08T13:22:17","slug":"der-pfarrgemeinderat-als-weg-zur-erneuerung","status":"publish","type":"post","link":"https:\/\/www.projekt-kirche.de\/?p=1791","title":{"rendered":"Der Pfarrgemeinderat als Weg zur Erneuerung"},"content":{"rendered":"<div class=\"shariff\" data-title=\"Der Pfarrgemeinderat als Weg zur Erneuerung\" data-info-url=\"http:\/\/ct.de\/-2467514\" data-backend-url=\"https:\/\/www.projekt-kirche.de\/wp-content\/plugins\/shariff-sharing\/backend\/index.php\" data-temp=\"\/tmp\" data-ttl=\"60\" data-service=\"gftr\" data-services='[\"googleplus\",\"facebook\",\"twitter\",\"reddit\",\"info\"]' data-image=\"\" data-url=\"https:\/\/www.projekt-kirche.de\/?p=1791\" data-lang=\"de\" data-theme=\"colored\" data-orientation=\"horizontal\"><\/div><p>Mit diesem Beitrag m\u00f6chte ich mich nur mal kurz aus meiner &#8220;Blogfastenpause&#8221; zur\u00fcckmelden.<\/p>\n<p>Ich komme zur Zeit leider immer seltener dazu, an meinem Blog (und den vielen angefangenen und noch nicht abgeschlossenen Blogserien) zu arbeiten. Neben gesundheitlichen Problemen und meinem \u00fcblichen Berg von neu gekauften, aber noch nicht zu Ende gelesenen B\u00fcchern h\u00e4lt mich mittlerweile noch eine weitere T\u00e4tigkeit davon ab: ich wurde unl\u00e4ngst in meiner Wahlpfarrei <a title=\"Pfarrei Allerheiligen (M\u00fcnchen)\" href=\"http:\/\/www.pfarrei-allerheiligen.de\/\" target=\"_blank\" rel=\"noopener noreferrer\">Allerheiligen<\/a> in den neuen Pfarrgemeinderat gew\u00e4hlt. Endlich mal wieder mehr Gemeindepraxis und nicht &#8220;nur&#8221; Theorie auf meinen Blogs! \ud83d\ude42<\/p>\n<p>Noch dazu f\u00fchle ich mich im Pfarrgemeinderats-Team sehr wohl und die Bef\u00fcrchtung, dass in Pfarrgemeinder\u00e4ten nur &#8220;Pfarrb\u00fcrokraten&#8221; sitzen hat sich gl\u00fccklicherweise (zumindest in diesem Fall) nicht bewahrheitet. Ganz im Gegenteil, unser Pfarrgemeinderat ist m.E. eher unkonventionell und es liegt ihm ehrlich etwas daran, dass eine Pfarrgemeinde entsteht, wo der Glaube an Gott wirklich gelebt wird und man sich auch menschlich um einander k\u00fcmmert. Wir wollen damit unseren Beitrag zur Erneuerung der (kath.) Kirche leisten. Ich bin schon gespannt wie sich das alles noch entwickeln wird&#8230;<\/p>\n<p><!--more-->Noch eine Sache: ich war positiv \u00fcberrascht, dass die von den Erzdi\u00f6zesen herausgegebenen Arbeitshilfen f\u00fcr die Pfarrgemeinder\u00e4te wirklich zeitgem\u00e4\u00df, praxisnah, praktisch und durchaus auch geistlich tief gehend sind. Da kann man wirklich noch eine Menge lernen! Warum dennoch oft so wenig davon in den Pfarrgemeinden zu sehen und zu sp\u00fcren ist, liegt wohl daran, dass die Umsetzung doch nicht immer ganz so einfach ist. Erstmal braucht man m.E. einen relativ homogenen Pfarrgemeinderat bzgl. der angestrebten Ziele (gemeinsame Vision), was sicherlich oft nicht so gegeben bzw. erreichbar ist, und andererseits wirklich gl\u00e4ubige Katholiken, die &#8220;Ernst machen wollen&#8221; mit einer lebendigen Pfarrgemeinde. Und man muss sich selbst ehrlich die Frage stellen, wie viel man bereit ist, f\u00fcr diese &#8220;Sache&#8221; zu opfern &#8211; an Kraft, Zeit, Glaube und vor allem an Liebe.<\/p>\n<p>Wer sich \u00fcbrigens f\u00fcr dieses Thema (Pfarrgemeinderatsarbeit) interessiert, kann sich gerne mal auf folgenden Websites umsehen (das meiste Material ist kostenfrei bzw. online verf\u00fcgbar):<\/p>\n<ul>\n<li><a rel=\"nofollow\" href=\"http:\/\/www.erzbistum-muenchen.de\/Dioezesanrat\/Page002972.aspx\">Zeit zur Aussaat: mitwirken &#8211; gestalten &#8211; bewegen  (Arbeitshilfe f\u00fcr Pfarrgemeinder\u00e4te)<\/a><\/li>\n<li><a rel=\"nofollow\" href=\"http:\/\/www.erzbistum-freiburg.de\/dynamic\/bildgalerie\/grossbilder\/den_aufbruch_gestalten_pastorale_leitlinien_der_erzdioezese_seite_01.jpg\">Pastorale Leitlinien der Erzdi\u00f6zese Freiburg<\/a><\/li>\n<li><a rel=\"nofollow\" href=\"http:\/\/www.kirchenserver.net\/bwo\/dcms\/sites\/bistum\/pfarreien\/angebote_gemeinden\/pgr_aktion\/arbeitshilfen\/startmappe2006\/April_2006.pub.pdf\">Starthilfe f\u00fcr Pfarrgemeinder\u00e4te im Bistum W\u00fcrzburg<\/a><\/li>\n<li><a rel=\"nofollow\" href=\"http:\/\/www.pgr.at\/praxis\/FachbereichKoinonia.pdf\">Fachbereich   Koinonia<\/a><\/li>\n<li><a rel=\"nofollow\" href=\"http:\/\/www.erzbistum-muenchen.de\/media\/pfarreien\/media6866520.PDF\">Satzung  f\u00fcr Pfarrgemeinder\u00e4te der Erzdi\u00f6zese M\u00fcnchen und  Freising<\/a><\/li>\n<li><a rel=\"nofollow\" href=\"http:\/\/www.erzbistum-muenchen.de\/media\/pfarreien\/media1281420.PDF\">Ausf\u00fchrungs-Richtlinien  zu der Satzung f\u00fcr  Pfarrgemeinder\u00e4te der Erzdi\u00f6zese M\u00fcnchen und  Freising<\/a><\/li>\n<\/ul>\n","protected":false},"excerpt":{"rendered":"<p>Mit diesem Beitrag m\u00f6chte ich mich nur mal kurz aus meiner &#8220;Blogfastenpause&#8221; zur\u00fcckmelden. Ich komme zur Zeit leider immer seltener dazu, an meinem Blog (und den vielen angefangenen und noch nicht abgeschlossenen Blogserien) zu arbeiten. Neben gesundheitlichen Problemen und meinem \u00fcblichen Berg von neu gekauften, aber noch nicht zu Ende gelesenen B\u00fcchern h\u00e4lt mich mittlerweile [&hellip;]<\/p>\n","protected":false},"author":1,"featured_media":0,"comment_status":"open","ping_status":"open","sticky":false,"template":"","format":"standard","meta":{"jetpack_post_was_ever_published":false,"_jetpack_newsletter_access":"","_jetpack_dont_email_post_to_subs":false,"_jetpack_newsletter_tier_id":0,"_jetpack_memberships_contains_paywalled_content":false,"_jetpack_memberships_contains_paid_content":false,"footnotes":""},"categories":[2],"tags":[146,191,237],"class_list":["post-1791","post","type-post","status-publish","format-standard","hentry","category-allgemein","tag-erneuerung","tag-kath-kirche","tag-pfarrgemeinderat"],"jetpack_featured_media_url":"","jetpack_shortlink":"https:\/\/wp.me\/p4Sdv6-sT","jetpack_sharing_enabled":true,"_links":{"self":[{"href":"https:\/\/www.projekt-kirche.de\/index.php?rest_route=\/wp\/v2\/posts\/1791","targetHints":{"allow":["GET"]}}],"collection":[{"href":"https:\/\/www.projekt-kirche.de\/index.php?rest_route=\/wp\/v2\/posts"}],"about":[{"href":"https:\/\/www.projekt-kirche.de\/index.php?rest_route=\/wp\/v2\/types\/post"}],"author":[{"embeddable":true,"href":"https:\/\/www.projekt-kirche.de\/index.php?rest_route=\/wp\/v2\/users\/1"}],"replies":[{"embeddable":true,"href":"https:\/\/www.projekt-kirche.de\/index.php?rest_route=%2Fwp%2Fv2%2Fcomments&post=1791"}],"version-history":[{"count":2,"href":"https:\/\/www.projekt-kirche.de\/index.php?rest_route=\/wp\/v2\/posts\/1791\/revisions"}],"predecessor-version":[{"id":7633,"href":"https:\/\/www.projekt-kirche.de\/index.php?rest_route=\/wp\/v2\/posts\/1791\/revisions\/7633"}],"wp:attachment":[{"href":"https:\/\/www.projekt-kirche.de\/index.php?rest_route=%2Fwp%2Fv2%2Fmedia&parent=1791"}],"wp:term":[{"taxonomy":"category","embeddable":true,"href":"https:\/\/www.projekt-kirche.de\/index.php?rest_route=%2Fwp%2Fv2%2Fcategories&post=1791"},{"taxonomy":"post_tag","embeddable":true,"href":"https:\/\/www.projekt-kirche.de\/index.php?rest_route=%2Fwp%2Fv2%2Ftags&post=1791"}],"curies":[{"name":"wp","href":"https:\/\/api.w.org\/{rel}","templated":true}]}}