{"id":1953,"date":"2010-09-19T18:58:58","date_gmt":"2010-09-19T17:58:58","guid":{"rendered":"http:\/\/sschweizer.wordpress.com\/?p=1953"},"modified":"2020-05-08T15:42:22","modified_gmt":"2020-05-08T13:42:22","slug":"uber-kirche-okumene-love-parade-und-abtreibung","status":"publish","type":"post","link":"https:\/\/www.projekt-kirche.de\/?p=1953","title":{"rendered":"\u00dcber Kirche, \u00d6kumene, Love Parade und Abtreibung"},"content":{"rendered":"<div class=\"shariff\" data-title=\"\u00dcber Kirche, \u00d6kumene, Love Parade und Abtreibung\" data-info-url=\"http:\/\/ct.de\/-2467514\" data-backend-url=\"https:\/\/www.projekt-kirche.de\/wp-content\/plugins\/shariff-sharing\/backend\/index.php\" data-temp=\"\/tmp\" data-ttl=\"60\" data-service=\"gftr\" data-services='[\"googleplus\",\"facebook\",\"twitter\",\"reddit\",\"info\"]' data-image=\"\" data-url=\"https:\/\/www.projekt-kirche.de\/?p=1953\" data-lang=\"de\" data-theme=\"colored\" data-orientation=\"horizontal\"><\/div><p>Jetzt ist es schon eine ganze Weile her, dass ich einen Beitrag auf meinem Blog ver\u00f6ffentlicht habe. Das hat eine ganze Reihe von Gr\u00fcnden.<\/p>\n<p>Zuerst hatte ich Computerprobleme, die mich lange Zeit besch\u00e4ftigt haben (mittlerweile habe ich ein neues Notebook). Dann war ich ziemlich eingespannt mit meinem Engagement im Pfarrgemeinderat bzw. in der Pfarrgemeinde (was nat\u00fcrlich weiterhin der Fall ist). Dann musste ich auf meine m\u00fcndliche Abschluss-Pr\u00fcfung meines Theologie-Grundkurses lernen (jetzt fehlt nur noch meine Hausarbeit). Und dann ging es mir in letzter Zeit gesundheitlich auch nicht sehr gut (wie so h\u00e4ufig leider).<\/p>\n<p>Noch sind nicht alle Probleme \u00fcberwunden (wann ist das schon) und meine Zeit f\u00fcr diesen Blog ist weiterhin sehr knapp (ich habe schlie\u00dflich auch Familie). Dennoch wollte mich zwischendurch mit einem kurzen Beitrag wieder mal melden.<\/p>\n<p><!--more--><\/p>\n<p>Es gab ja in den letzten Wochen und Monaten eine ganze Reihe von Themen, \u00fcber die ich schreiben wollte (siehe den Titel dieses Blogbeitrags). Einige sind mittlerweile nicht mehr ganz aktuell. Dennoch m\u00f6chte ich wenigstens auf ein paar Artikel bzw. Websites hinweisen, auf die ich in letzter Zeit gesto\u00dfen bin und die ich sehr interessant fand.\u00a0Leider kann ich aus Zeitgr\u00fcnden hier nur die Links (mit kurzen thematischen Hinweisen versehen) angeben, w\u00fcrde mich aber freuen, wenn dennoch eine rege Diskussion \u00fcber die einzelnen Themen entstehen w\u00fcrde.<\/p>\n<p><strong>\u00dcber die (kath.) Kirche (inkl. der Missbrauchsvorf\u00e4lle):<\/strong><\/p>\n<ul>\n<li><a title=\"SZ-Magazin\" href=\"http:\/\/sz-magazin.sueddeutsche.de\/texte\/anzeigen\/33691\/1\/1\" target=\"_blank\" rel=\"noopener noreferrer\">\u201cEs w\u00e4re eine Katastrophe, wenn die Kirche ihre Grunds\u00e4tze \u00fcber Bord werfen w\u00fcrde\u201c (Schriftsteller Martin Mosebach im S\u00fcddeutsche Zeitung Magazin)<\/a><\/li>\n<li>\u00dcber die Deutschland-Pro-Papa-Kundgebungen in K\u00f6ln und M\u00fcnchen (siehe vor allem die Reden von Gabriele Kuby und Michael Hesemann; ich war \u00fcbrigens in M\u00fcnchen mit dabei):\u00a0<a title=\"RadioHorebFreunde\" href=\"http:\/\/radiohorebfreunde.blogspot.com\/2010\/07\/deutschland-pro-papa-in-koln-und.html\" target=\"_blank\" rel=\"noopener noreferrer\">&#8220;Deutschland pro Papa in K\u00f6ln und M\u00fcnchen&#8221; (RadioHorebFreunde<\/a>)<\/li>\n<\/ul>\n<p><strong>\u00dcber die \u00d6kumene bzw. den \u00d6kumenischen Kirchentag 2010:<\/strong><\/p>\n<ul>\n<li><a title=\"kath.net\" href=\"http:\/\/www.kath.net\/detail.php?id=26753\" target=\"_blank\" rel=\"noopener noreferrer\">\u201cEin skandal\u00f6ser Affront gegen die katholische Kirche\u201c (kath.net)<\/a><\/li>\n<li><a title=\"kath.net\" href=\"http:\/\/www.kath.net\/detail.php?id=26747\" target=\"_blank\" rel=\"noopener noreferrer\">\u201cVerzettelt\u201c (kath.net\/Tagespost)<\/a><\/li>\n<li><a title=\"idea.de\" href=\"http:\/\/www.idea.de\/nc\/nachrichten\/detailartikel\/artikel\/allianz-geteilte-meinung-zum-oekumenischen-kirchentag.html\" target=\"_blank\" rel=\"noopener noreferrer\">\u201cAllianz: Geteilte Meinung zum \u00d6kumenischen Kirchentag\u201c (idea.de)<\/a><\/li>\n<li><a title=\"kath.net\" href=\"http:\/\/www.kath.net\/detail.php?id=26741\" target=\"_blank\" rel=\"noopener noreferrer\">\u201c\u00d6kumene als Einbahnstrasse oder das Schnurren von Bischof Marx\u201c (Peter Seewald auf kath.net)<\/a><\/li>\n<li><a href=\"http:\/\/kathnews.de\/cms\/cms\/front_content.php?idart=271&amp;client=1&amp;lang=1\" target=\"_blank\" rel=\"noopener noreferrer\">\u201eInterkommunion bleibt kirchenrechtlich verboten\u201c (kathnews.de)<\/a><\/li>\n<\/ul>\n<p><strong>\u00dcber die Love Parade:<\/strong><\/p>\n<ul>\n<li><a href=\"http:\/\/www.kath.net\/detail.php?id=27660\">\u201cDie S\u00fcnde und die Strafe Gottes\u201c (Weihbischof Laun auf kath.net)<\/a><\/li>\n<li><a title=\"kath.net\" href=\"http:\/\/www.kath.net\/detail.php?id=27670\" target=\"_blank\" rel=\"noopener noreferrer\">&#8220;Klarstellung der Klarstellung&#8221; (Weihbischof Laun auf kath.net)<\/a><\/li>\n<\/ul>\n<p><strong>\u00dcber Abtreibung:<\/strong><\/p>\n<ul>\n<li><a title=\"Aktion Leben e.V.\" href=\"http:\/\/www.aktion-leben.de\/Zeitdokumente\/PDF\/zeitdo01.pdf\" target=\"_blank\" rel=\"noopener noreferrer\">&#8220;\u00dcber die Taktiken der Abtreibungsbef\u00fcrworter&#8221; (Dr. Bernard Nathanson auf Aktion Leben e.V.)<\/a><\/li>\n<li><a href=\"http:\/\/www.embryonenoffensive.de\/\">Embryonenoffensive (siehe auch die Videoclips)<\/a><\/li>\n<\/ul>\n<p>Und zum Schluss noch ein Hinweis auf die freie christliche Gemeinde <a title=\"International Christian Fellowship - M\u00fcnchen\" href=\"http:\/\/www.icf-muenchen.de\/\" target=\"_blank\" rel=\"noopener noreferrer\">ICF in M\u00fcnchen<\/a>, die ich sehr interessant und inspirierend finde, da sie (recht erfolgreich wie ich meine) versucht, die christliche Botschaft zeitgem\u00e4\u00df (zumindest f\u00fcr j\u00fcngere Leute)\u00a0zu vermitteln.\u00a0Sie hat bezeichnenderweise den Slogan &#8220;Kirche neu erleben!&#8221; gew\u00e4hlt und man kann sich die w\u00f6chentlichen Predigten bzw. &#8220;Messages&#8221; auch <a title=\"ICF Podcats\" href=\"http:\/\/www.icf-muenchen.de\/podcast\/podcast.html\" target=\"_blank\" rel=\"noopener noreferrer\">im Audio- bzw. Videopodcast<\/a> anh\u00f6ren bzw. ansehen.<\/p>\n<p>Mal sehen, wann wir sowas auch in der katholischen Kirche hinbekommen (wir arbeiten daran) \ud83d\ude09<\/p>\n<p><strong>Nachtrag:<\/strong><\/p>\n<p>Es tut sich in letzter Zeit aber auch einiges in der kath. Kirche. Ich bin vor allem sehr angetan vom (kath.) <a title=\"www.pfarrzellen.de\" href=\"http:\/\/www.pfarrzellen.de\/\" target=\"_blank\" rel=\"noopener noreferrer\">Pfarrzellsystem<\/a>, das ich f\u00fcr eines der besten und wirksamsten Mittel zur (Neu-)Evangelisation und Erneuerung der kath. Kirche halte. F\u00fcr alle Interessierten gibt es vom 17.-21. November 2010 ein <a title=\"Info-Seminar Sanary-sur-Mer\" href=\"http:\/\/www.pfarrzellen.de\/html\/sanary_2010.html\" target=\"_blank\" rel=\"noopener noreferrer\">internationales\u00a0Informationsseminar in Sanary-sur-Mer<\/a> (S\u00fcdfrankreich).<\/p>\n","protected":false},"excerpt":{"rendered":"<p>Jetzt ist es schon eine ganze Weile her, dass ich einen Beitrag auf meinem Blog ver\u00f6ffentlicht habe. Das hat eine ganze Reihe von Gr\u00fcnden. Zuerst hatte ich Computerprobleme, die mich lange Zeit besch\u00e4ftigt haben (mittlerweile habe ich ein neues Notebook). Dann war ich ziemlich eingespannt mit meinem Engagement im Pfarrgemeinderat bzw. in der Pfarrgemeinde (was [&hellip;]<\/p>\n","protected":false},"author":1,"featured_media":0,"comment_status":"open","ping_status":"open","sticky":false,"template":"","format":"standard","meta":{"jetpack_post_was_ever_published":false,"_jetpack_newsletter_access":"","_jetpack_dont_email_post_to_subs":false,"_jetpack_newsletter_tier_id":0,"_jetpack_memberships_contains_paywalled_content":false,"_jetpack_memberships_contains_paid_content":false,"footnotes":""},"categories":[2],"tags":[115,194,217,221,123,124,240],"class_list":["post-1953","post","type-post","status-publish","format-standard","hentry","category-allgemein","tag-abtreibung","tag-katholische-kirche","tag-love-parade","tag-missbrauch","tag-okumene","tag-okumenischer-kirchentag","tag-pfarrzellsystem"],"jetpack_featured_media_url":"","jetpack_shortlink":"https:\/\/wp.me\/p4Sdv6-vv","jetpack_sharing_enabled":true,"_links":{"self":[{"href":"https:\/\/www.projekt-kirche.de\/index.php?rest_route=\/wp\/v2\/posts\/1953","targetHints":{"allow":["GET"]}}],"collection":[{"href":"https:\/\/www.projekt-kirche.de\/index.php?rest_route=\/wp\/v2\/posts"}],"about":[{"href":"https:\/\/www.projekt-kirche.de\/index.php?rest_route=\/wp\/v2\/types\/post"}],"author":[{"embeddable":true,"href":"https:\/\/www.projekt-kirche.de\/index.php?rest_route=\/wp\/v2\/users\/1"}],"replies":[{"embeddable":true,"href":"https:\/\/www.projekt-kirche.de\/index.php?rest_route=%2Fwp%2Fv2%2Fcomments&post=1953"}],"version-history":[{"count":2,"href":"https:\/\/www.projekt-kirche.de\/index.php?rest_route=\/wp\/v2\/posts\/1953\/revisions"}],"predecessor-version":[{"id":7556,"href":"https:\/\/www.projekt-kirche.de\/index.php?rest_route=\/wp\/v2\/posts\/1953\/revisions\/7556"}],"wp:attachment":[{"href":"https:\/\/www.projekt-kirche.de\/index.php?rest_route=%2Fwp%2Fv2%2Fmedia&parent=1953"}],"wp:term":[{"taxonomy":"category","embeddable":true,"href":"https:\/\/www.projekt-kirche.de\/index.php?rest_route=%2Fwp%2Fv2%2Fcategories&post=1953"},{"taxonomy":"post_tag","embeddable":true,"href":"https:\/\/www.projekt-kirche.de\/index.php?rest_route=%2Fwp%2Fv2%2Ftags&post=1953"}],"curies":[{"name":"wp","href":"https:\/\/api.w.org\/{rel}","templated":true}]}}