{"id":2105,"date":"2013-06-26T17:20:42","date_gmt":"2013-06-26T16:20:42","guid":{"rendered":"https:\/\/sschweizer.wordpress.com\/?p=2105"},"modified":"2020-05-08T17:07:45","modified_gmt":"2020-05-08T15:07:45","slug":"buchtipps","status":"publish","type":"post","link":"https:\/\/www.projekt-kirche.de\/?p=2105","title":{"rendered":"Buchtipps zur Vertiefung des Glaubens"},"content":{"rendered":"<div class=\"shariff\" data-title=\"Buchtipps zur Vertiefung des Glaubens\" data-info-url=\"http:\/\/ct.de\/-2467514\" data-backend-url=\"https:\/\/www.projekt-kirche.de\/wp-content\/plugins\/shariff-sharing\/backend\/index.php\" data-temp=\"\/tmp\" data-ttl=\"60\" data-service=\"gftr\" data-services='[\"googleplus\",\"facebook\",\"twitter\",\"reddit\",\"info\"]' data-image=\"\" data-url=\"https:\/\/www.projekt-kirche.de\/?p=2105\" data-lang=\"de\" data-theme=\"colored\" data-orientation=\"horizontal\"><\/div><p>Zur Zeit lese ich das Buch &#8220;Damit unser Leben gelingt&#8221; von Georg Popp (Hrsg.) und bin begeistert!<br \/>\nEs ist absolut inspirierend, \u00fcber die Lebensgeschichten der verschiedensten Christen (wie z.B. Ignatius von Loyola) zu lesen, die alle eine besonders tiefe Beziehung zu Gott hatten. Die Autoren schaffen es, die f\u00fcr das eigene geistliche Leben wesentlichen Aspekte aus dem Leben dieser Heiligen herauszuarbeiten. Leider gibt es das Buch nur noch antiquarisch.<br \/>\n<!--more--><br \/>\nEin \u00e4hnlich hervorragendes Buch f\u00fcr das geistliche Wachstum und zur Motivation den Glauben weiter zu vertiefen ist das Buch &#8220;Die Kirchenv\u00e4ter&#8221; von Papst Benedikt XVI.. Er hat die besondere F\u00e4higkeit, das Wesentliche \u00fcber die einzelnen Kirchenv\u00e4ter in kurzen Katechesen darzulegen. Auf jeden Fall ist das Buch alles andere als langweilig und dazu noch sehr lehrreich.<\/p>\n","protected":false},"excerpt":{"rendered":"<p>Zur Zeit lese ich das Buch &#8220;Damit unser Leben gelingt&#8221; von Georg Popp (Hrsg.) und bin begeistert! Es ist absolut inspirierend, \u00fcber die Lebensgeschichten der verschiedensten Christen (wie z.B. Ignatius von Loyola) zu lesen, die alle eine besonders tiefe Beziehung zu Gott hatten. Die Autoren schaffen es, die f\u00fcr das eigene geistliche Leben wesentlichen Aspekte [&hellip;]<\/p>\n","protected":false},"author":1,"featured_media":0,"comment_status":"open","ping_status":"open","sticky":false,"template":"","format":"standard","meta":{"jetpack_post_was_ever_published":false,"_jetpack_newsletter_access":"","_jetpack_dont_email_post_to_subs":false,"_jetpack_newsletter_tier_id":0,"_jetpack_memberships_contains_paywalled_content":false,"_jetpack_memberships_contains_paid_content":false,"footnotes":""},"categories":[2],"tags":[],"class_list":["post-2105","post","type-post","status-publish","format-standard","hentry","category-allgemein"],"jetpack_featured_media_url":"","jetpack_shortlink":"https:\/\/wp.me\/p4Sdv6-xX","jetpack_sharing_enabled":true,"_links":{"self":[{"href":"https:\/\/www.projekt-kirche.de\/index.php?rest_route=\/wp\/v2\/posts\/2105","targetHints":{"allow":["GET"]}}],"collection":[{"href":"https:\/\/www.projekt-kirche.de\/index.php?rest_route=\/wp\/v2\/posts"}],"about":[{"href":"https:\/\/www.projekt-kirche.de\/index.php?rest_route=\/wp\/v2\/types\/post"}],"author":[{"embeddable":true,"href":"https:\/\/www.projekt-kirche.de\/index.php?rest_route=\/wp\/v2\/users\/1"}],"replies":[{"embeddable":true,"href":"https:\/\/www.projekt-kirche.de\/index.php?rest_route=%2Fwp%2Fv2%2Fcomments&post=2105"}],"version-history":[{"count":1,"href":"https:\/\/www.projekt-kirche.de\/index.php?rest_route=\/wp\/v2\/posts\/2105\/revisions"}],"predecessor-version":[{"id":6400,"href":"https:\/\/www.projekt-kirche.de\/index.php?rest_route=\/wp\/v2\/posts\/2105\/revisions\/6400"}],"wp:attachment":[{"href":"https:\/\/www.projekt-kirche.de\/index.php?rest_route=%2Fwp%2Fv2%2Fmedia&parent=2105"}],"wp:term":[{"taxonomy":"category","embeddable":true,"href":"https:\/\/www.projekt-kirche.de\/index.php?rest_route=%2Fwp%2Fv2%2Fcategories&post=2105"},{"taxonomy":"post_tag","embeddable":true,"href":"https:\/\/www.projekt-kirche.de\/index.php?rest_route=%2Fwp%2Fv2%2Ftags&post=2105"}],"curies":[{"name":"wp","href":"https:\/\/api.w.org\/{rel}","templated":true}]}}