{"id":2109,"date":"2013-07-07T08:51:32","date_gmt":"2013-07-07T07:51:32","guid":{"rendered":"https:\/\/sschweizer.wordpress.com\/?p=2109"},"modified":"2020-05-10T20:05:28","modified_gmt":"2020-05-10T18:05:28","slug":"predigt-das-evangelium","status":"publish","type":"post","link":"https:\/\/www.projekt-kirche.de\/?p=2109","title":{"rendered":"Predigt das Evangelium!"},"content":{"rendered":"<div class=\"shariff\" data-title=\"Predigt das Evangelium!\" data-info-url=\"http:\/\/ct.de\/-2467514\" data-backend-url=\"https:\/\/www.projekt-kirche.de\/wp-content\/plugins\/shariff-sharing\/backend\/index.php\" data-temp=\"\/tmp\" data-ttl=\"60\" data-service=\"gftr\" data-services='[\"googleplus\",\"facebook\",\"twitter\",\"reddit\",\"info\"]' data-image=\"\" data-url=\"https:\/\/www.projekt-kirche.de\/?p=2109\" data-lang=\"de\" data-theme=\"colored\" data-orientation=\"horizontal\"><\/div><p>Das Evangelium zu predigen ist der Auftrag von uns Christen. Die Art und Weise mag sich je nach Lebensumstand unterscheiden. Aber jeder Christ ist dazu von Jesus selbst aufgerufen. Die Bisch\u00f6fe und Priester sollen das im besonderen Ma\u00dfe tun, da sie einen expliziten Lehrauftrag haben. Wir &#8220;Laien&#8221;, d. h.\u00a0 nicht Geweihten d\u00fcrfen und sollen dies auch tun. Aber i.d.R. nicht durch Predigten, sondern durch unser Leben im Glauben.<br \/>\n<!--more--><br \/>\nNachdem aber leider die Predigten vieler Bisch\u00f6fe und Priester regelm\u00e4\u00dfig am Evangelium vorbeigehen und sich in Nebens\u00e4chlichkeiten verlieren, sollten wir Laien es m. E. halten wie der Hl. Franziskus:<br \/>\n\u201eGeliebte Br\u00fcder, verstehen wir doch, wozu wir berufen sind: In seinem Erbarmen hat Gott uns nicht nur zu unserem eigenen Nutzen gerufen, sondern auch zum Dienst und sogar zum Heil vieler anderer Menschen. Gehen wir deshalb in die Welt; ermahnen wir also und zeigen den M\u00e4nnern und Frauen durch unser Wort und Beispiel, wie sie f\u00fcr ihre S\u00fcnden Bu\u00dfe tun und sich wieder an die Gebote Gottes erinnern k\u00f6nnen, die sie so lange vergessen hatten.\u201c Dann f\u00fcgte er hinzu: \u201eF\u00fcrchte dich nicht, du kleine Herde (<a href=\"https:\/\/www.bibleserver.com\/NLB\/Lukas12%2C32\" class=\"bibleserver extern\" target=\"_blank\" rel=\"noopener noreferrer\">Lk 12,32<\/a>), sondern vertraue auf den Herrn. Fragt einander nicht: \u201eUnd wie sollen wir predigen, unwissend und ungebildet wie wir sind?\u201c Erinnert euch vielmehr an die Worte des Herrn an seine J\u00fcnger: \u201eNicht ihr werdet dann reden, sondern der Geist eures Vaters wird durch euch reden\u201c (<a href=\"https:\/\/www.bibleserver.com\/NLB\/Matth%C3%A4us10%2C20\" class=\"bibleserver extern\" target=\"_blank\" rel=\"noopener noreferrer\">Mt 10,20<\/a>).\u201c Der Herr selbst ist es also, der euch seinen Geist und seine Weisheit schenkt um zu ermahnen und den M\u00e4nnern und Frauen den Weg und die Erf\u00fcllung seiner Gebote zu predigen.\u201c (aus: Leben des Hl. Franziskus von Assisi, genannt &#8220;Anonymus Perusinus&#8221; (13. Jahrh.), \u00a7 18; zitiert aus <a href=\"http:\/\/www.evangeliumtagfuertag.org\">Evangelium Tag f\u00fcr Tag <\/a>).<\/p>\n","protected":false},"excerpt":{"rendered":"<p>Das Evangelium zu predigen ist der Auftrag von uns Christen. Die Art und Weise mag sich je nach Lebensumstand unterscheiden. Aber jeder Christ ist dazu von Jesus selbst aufgerufen. Die Bisch\u00f6fe und Priester sollen das im besonderen Ma\u00dfe tun, da sie einen expliziten Lehrauftrag haben. Wir &#8220;Laien&#8221;, d. h.\u00a0 nicht Geweihten d\u00fcrfen und sollen dies [&hellip;]<\/p>\n","protected":false},"author":1,"featured_media":0,"comment_status":"open","ping_status":"open","sticky":false,"template":"","format":"standard","meta":{"jetpack_post_was_ever_published":false,"_jetpack_newsletter_access":"","_jetpack_dont_email_post_to_subs":false,"_jetpack_newsletter_tier_id":0,"_jetpack_memberships_contains_paywalled_content":false,"_jetpack_memberships_contains_paid_content":false,"footnotes":""},"categories":[2],"tags":[],"class_list":["post-2109","post","type-post","status-publish","format-standard","hentry","category-allgemein"],"jetpack_featured_media_url":"","jetpack_shortlink":"https:\/\/wp.me\/p4Sdv6-y1","jetpack_sharing_enabled":true,"_links":{"self":[{"href":"https:\/\/www.projekt-kirche.de\/index.php?rest_route=\/wp\/v2\/posts\/2109","targetHints":{"allow":["GET"]}}],"collection":[{"href":"https:\/\/www.projekt-kirche.de\/index.php?rest_route=\/wp\/v2\/posts"}],"about":[{"href":"https:\/\/www.projekt-kirche.de\/index.php?rest_route=\/wp\/v2\/types\/post"}],"author":[{"embeddable":true,"href":"https:\/\/www.projekt-kirche.de\/index.php?rest_route=\/wp\/v2\/users\/1"}],"replies":[{"embeddable":true,"href":"https:\/\/www.projekt-kirche.de\/index.php?rest_route=%2Fwp%2Fv2%2Fcomments&post=2109"}],"version-history":[{"count":8,"href":"https:\/\/www.projekt-kirche.de\/index.php?rest_route=\/wp\/v2\/posts\/2109\/revisions"}],"predecessor-version":[{"id":8639,"href":"https:\/\/www.projekt-kirche.de\/index.php?rest_route=\/wp\/v2\/posts\/2109\/revisions\/8639"}],"wp:attachment":[{"href":"https:\/\/www.projekt-kirche.de\/index.php?rest_route=%2Fwp%2Fv2%2Fmedia&parent=2109"}],"wp:term":[{"taxonomy":"category","embeddable":true,"href":"https:\/\/www.projekt-kirche.de\/index.php?rest_route=%2Fwp%2Fv2%2Fcategories&post=2109"},{"taxonomy":"post_tag","embeddable":true,"href":"https:\/\/www.projekt-kirche.de\/index.php?rest_route=%2Fwp%2Fv2%2Ftags&post=2109"}],"curies":[{"name":"wp","href":"https:\/\/api.w.org\/{rel}","templated":true}]}}