{"id":2270,"date":"2013-07-16T06:39:20","date_gmt":"2013-07-16T05:39:20","guid":{"rendered":"https:\/\/sschweizer.wordpress.com\/?p=2270"},"modified":"2020-05-08T19:34:31","modified_gmt":"2020-05-08T17:34:31","slug":"lieben-und-sich-lieben-lassen","status":"publish","type":"post","link":"https:\/\/www.projekt-kirche.de\/?p=2270","title":{"rendered":"Lieben und sich lieben lassen"},"content":{"rendered":"<div class=\"shariff\" data-title=\"Lieben und sich lieben lassen\" data-info-url=\"http:\/\/ct.de\/-2467514\" data-backend-url=\"https:\/\/www.projekt-kirche.de\/wp-content\/plugins\/shariff-sharing\/backend\/index.php\" data-temp=\"\/tmp\" data-ttl=\"60\" data-service=\"gftr\" data-services='[\"googleplus\",\"facebook\",\"twitter\",\"reddit\",\"info\"]' data-image=\"\" data-url=\"https:\/\/www.projekt-kirche.de\/?p=2270\" data-lang=\"de\" data-theme=\"colored\" data-orientation=\"horizontal\"><\/div><p>Um was geht es im Leben? Mutter Teresa von Kalkutta (1910-1997) bringt es auf den Punkt, wenn sie sagt (&#8220;A Simple Path&#8221;, zitiert aus <a href=\"http:\/\/www.evangeliumtagfuertag.org\">Evangelium Tag f\u00fcr Tag <\/a>):<\/p>\n<p><!--more--><\/p>\n<blockquote><p>\u00a0Wir sind aufgerufen uns daf\u00fcr zu entscheiden, zu lieben und geliebt zu werden Wir sind nicht schlecht geboren: alle Menschen habe etwas Gutes in sich. Die einen verbergen es, die anderen gehen nachl\u00e4ssig damit um, aber das Gute ist da. Gott hat uns geschaffen, damit wir lieben und geliebt werden. Gott stellt uns auf eine Art Pr\u00fcfstand, ob wir den einen oder den anderen Weg einschlagen wollen. Wenn wir es vers\u00e4umen zu lieben, kann es so weit kommen, dass wir zum B\u00f6sen unser \u201eJa\u201c sagen \u2013und dann wird es uns nicht bewusst, wohin uns das f\u00fchren kann&#8230; Wir sind gl\u00fccklicherweise in der Lage, alles durch das Gebet zu \u00fcberwinden. Wenn wir uns Gott zuwenden, verstr\u00f6men wir Freude und Liebe \u00fcber alle Menschen in unserer Umgebung. Wenn sich dagegen das B\u00f6se eines Menschen bem\u00e4chtigt, kann dieser Mensch das B\u00f6se um sich herum verbreiten. Wenn wir mit einem solchen Menschen in Kontakt stehen, m\u00fcssen wir alles tun, um ihm zu helfen und ihm zu zeigen, dass Gott um ihn besorgt ist. Lasst uns intensiv darum beten, dass er das Gebet wiederentdeckt, dass er Gott wieder in sich selbst wahrnimmt und ihn wieder in den Anderen findet&#8230; Wir sind alle von der gleichen, liebenden Hand geschaffen. Die Liebe Christi ist in der Welt immer st\u00e4rker als das B\u00f6se. Wir m\u00fcssen also lieben und geliebt werden. So einfach ist es, und dahin zu gelangen d\u00fcrfte es auch keinen allzu gro\u00dfen Kampf kosten.<\/p><\/blockquote>\n","protected":false},"excerpt":{"rendered":"<p>Um was geht es im Leben? Mutter Teresa von Kalkutta (1910-1997) bringt es auf den Punkt, wenn sie sagt (&#8220;A Simple Path&#8221;, zitiert aus Evangelium Tag f\u00fcr Tag ):<\/p>\n","protected":false},"author":1,"featured_media":0,"comment_status":"open","ping_status":"open","sticky":false,"template":"","format":"standard","meta":{"jetpack_post_was_ever_published":false,"_jetpack_newsletter_access":"","_jetpack_dont_email_post_to_subs":false,"_jetpack_newsletter_tier_id":0,"_jetpack_memberships_contains_paywalled_content":false,"_jetpack_memberships_contains_paid_content":false,"footnotes":""},"categories":[2],"tags":[],"class_list":["post-2270","post","type-post","status-publish","format-standard","hentry","category-allgemein"],"jetpack_featured_media_url":"","jetpack_shortlink":"https:\/\/wp.me\/p4Sdv6-AC","jetpack_sharing_enabled":true,"_links":{"self":[{"href":"https:\/\/www.projekt-kirche.de\/index.php?rest_route=\/wp\/v2\/posts\/2270","targetHints":{"allow":["GET"]}}],"collection":[{"href":"https:\/\/www.projekt-kirche.de\/index.php?rest_route=\/wp\/v2\/posts"}],"about":[{"href":"https:\/\/www.projekt-kirche.de\/index.php?rest_route=\/wp\/v2\/types\/post"}],"author":[{"embeddable":true,"href":"https:\/\/www.projekt-kirche.de\/index.php?rest_route=\/wp\/v2\/users\/1"}],"replies":[{"embeddable":true,"href":"https:\/\/www.projekt-kirche.de\/index.php?rest_route=%2Fwp%2Fv2%2Fcomments&post=2270"}],"version-history":[{"count":1,"href":"https:\/\/www.projekt-kirche.de\/index.php?rest_route=\/wp\/v2\/posts\/2270\/revisions"}],"predecessor-version":[{"id":6362,"href":"https:\/\/www.projekt-kirche.de\/index.php?rest_route=\/wp\/v2\/posts\/2270\/revisions\/6362"}],"wp:attachment":[{"href":"https:\/\/www.projekt-kirche.de\/index.php?rest_route=%2Fwp%2Fv2%2Fmedia&parent=2270"}],"wp:term":[{"taxonomy":"category","embeddable":true,"href":"https:\/\/www.projekt-kirche.de\/index.php?rest_route=%2Fwp%2Fv2%2Fcategories&post=2270"},{"taxonomy":"post_tag","embeddable":true,"href":"https:\/\/www.projekt-kirche.de\/index.php?rest_route=%2Fwp%2Fv2%2Ftags&post=2270"}],"curies":[{"name":"wp","href":"https:\/\/api.w.org\/{rel}","templated":true}]}}