{"id":2282,"date":"2013-07-30T07:10:35","date_gmt":"2013-07-30T06:10:35","guid":{"rendered":"https:\/\/sschweizer.wordpress.com\/?p=2282"},"modified":"2020-05-08T19:34:30","modified_gmt":"2020-05-08T17:34:30","slug":"die-kirche-ist-das-ziel-aller-dinge","status":"publish","type":"post","link":"https:\/\/www.projekt-kirche.de\/?p=2282","title":{"rendered":"Die Kirche ist das Ziel aller Dinge&#8230;"},"content":{"rendered":"<div class=\"shariff\" data-title=\"Die Kirche ist das Ziel aller Dinge&#8230;\" data-info-url=\"http:\/\/ct.de\/-2467514\" data-backend-url=\"https:\/\/www.projekt-kirche.de\/wp-content\/plugins\/shariff-sharing\/backend\/index.php\" data-temp=\"\/tmp\" data-ttl=\"60\" data-service=\"gftr\" data-services='[\"googleplus\",\"facebook\",\"twitter\",\"reddit\",\"info\"]' data-image=\"\" data-url=\"https:\/\/www.projekt-kirche.de\/?p=2282\" data-lang=\"de\" data-theme=\"colored\" data-orientation=\"horizontal\"><\/div><p>&#8220;Die Kirche ist das Ziel aller Dinge&#8221; und das &#8220;im Mysterium bereits gegenw\u00e4rtige Reich Christi&#8221;. Das ist katholischer Glaube (auch wenn das heute leider viele katholische Theologen bestreiten).<br \/>\n<!--more--><br \/>\nIm Katechismus der Katholischen Kirche \u00a7 760-769 (\u00a9 Liberia Editrice Vaticana) steht dazu (zitiert aus <a href=\"http:\/\/www.evangeliumtagfuertag.org\">Evangelium Tag f\u00fcr Tag <\/a>:<br \/>\n\u201eDann werden die Gerechten im Reich ihres Vaters wie die Sonne leuchten\u201c \u201eDie Welt wurde auf die Kirche hin erschaffen&#8221;, sagten die Christen der ersten Zeiten (Hermas, vis. 2,4,1) [Vgl. Aristides, apol. 16,6; Justin, apol. 2,7]. Gott hat die Welt auf die Teilnahme an seinem g\u00f6ttlichen Leben hin erschaffen. Diese Teilhabe kommt dadurch zustande, da\u00df die Menschen in Christus versammelt werden, und diese \u201eVersammlung&#8221; ist die Kirche. Die Kirche ist das Ziel aller Dinge [Vgl. Epiphanius, her. 1,1,5]. Selbst die schmerzlichen Ereignisse wie der Fall der Engel und die S\u00fcnde des Menschen wurden von Gott nur zugelassen als Anla\u00df und Mittel, um die ganze Kraft seines Armes zu entfalten und der Welt das Vollma\u00df seiner Liebe zu schenken: \u201eWie Gottes Wille ein Werk ist und Welt hei\u00dft, so ist seine Absicht das Heil der Menschen, und diese hei\u00dft Kirche&#8221; (Clemens v. Alexandrien, pd. 1,6,27).Die Sammlung des Gottesvolkes beginnt in dem Augenblick, als die S\u00fcnde die Gemeinschaft der Menschen mit Gott und mit den Mitmenschen zerst\u00f6rt. Die Sammlung der Kirche ist gewisserma\u00dfen die Reaktion Gottes auf das durch die S\u00fcnde hervorgerufene Chaos. Diese Wiedervereinigung geschieht insgeheim in allen V\u00f6lkern: Gott, unserem Vater, ist \u201ein jedem Volk willkommen &#8230; wer ihn f\u00fcrchtet und tut, was recht ist&#8221; (<a href=\"https:\/\/www.bibleserver.com\/NLB\/Apostelgeschichte10%2C35\" class=\"bibleserver extern\" target=\"_blank\" rel=\"noopener noreferrer\">Apg 10,35<\/a>). Die entfernte Vorbereitung der Sammlung des Gottesvolkes beginnt mit der Berufung Abrahams, dem Gott verhei\u00dft, er werde der Stammvater eines gro\u00dfen Volkes werden [Vgl. <a href=\"https:\/\/www.bibleserver.com\/NLB\/1.Mose12%2C2\" class=\"bibleserver extern\" target=\"_blank\" rel=\"noopener noreferrer\">Gen 12,2<\/a>; <a href=\"https:\/\/www.bibleserver.com\/text\/SLT\/1.Mose15%2C5-6\" class=\"bibleserver extern\" target=\"_blank\" rel=\"noopener noreferrer\">15,5-6<\/a>]. Die unmittelbare Vorbereitung beginnt mit der Erw\u00e4hlung Israels zum Gottesvolk [Vgl. <a href=\"https:\/\/www.bibleserver.com\/NLB\/2.Mose19%2C5-6\" class=\"bibleserver extern\" target=\"_blank\" rel=\"noopener noreferrer\">Ex 19,5-6<\/a>; <a href=\"https:\/\/www.bibleserver.com\/NLB\/5.Mose7%2C6\" class=\"bibleserver extern\" target=\"_blank\" rel=\"noopener noreferrer\">Dtn 7,6<\/a>]. Israel wird erw\u00e4hlt, um das Zeichen der k\u00fcnftigen Sammlung aller Nationen zu sein [Vgl. Je,2,2-5; <a href=\"https:\/\/www.bibleserver.com\/NLB\/Micha4%2C1-4\" class=\"bibleserver extern\" target=\"_blank\" rel=\"noopener noreferrer\">Mi 4,1-4<\/a>]&#8230;Aufgabe des Sohnes und Grund seiner Sendung ist es, in der F\u00fclle der Zeiten den Heilsratschlu\u00df seines Vaters zu verwirklichen&#8230; \u201eUm den Willen des Vaters zu erf\u00fcllen, gr\u00fcndete Christus auf Erden das Himmelreich. Die Kirche ist \u201edas im Mysterium schon gegenw\u00e4rtige Reich Christi&#8221; (LG 3)&#8230; \u201eDie Kirche &#8230; wird erst in der himmlischen Herrlichkeit vollendet werden&#8221; (LG 48), bei der Wiederkunft Christi in Herrlichkeit&#8230; [Sie] sehnt sich nach dem vollendeten Reich&#8230; Zur Vollendung der Kirche und durch sie zur Vollendung der Welt in Herrlichkeit wird es nicht ohne gro\u00dfe Pr\u00fcfungen kommen. Erst dann werden \u201ealle Gerechten von Adam an, \u201avon dem gerechten Abel bis zum letzten Erw\u00e4hlten&#8217;, in der allumfassenden Kirche beim Vater versammelt werden&#8221; (LG 2).<\/p>\n","protected":false},"excerpt":{"rendered":"<p>&#8220;Die Kirche ist das Ziel aller Dinge&#8221; und das &#8220;im Mysterium bereits gegenw\u00e4rtige Reich Christi&#8221;. Das ist katholischer Glaube (auch wenn das heute leider viele katholische Theologen bestreiten).<\/p>\n","protected":false},"author":1,"featured_media":0,"comment_status":"open","ping_status":"open","sticky":false,"template":"","format":"standard","meta":{"jetpack_post_was_ever_published":false,"_jetpack_newsletter_access":"","_jetpack_dont_email_post_to_subs":false,"_jetpack_newsletter_tier_id":0,"_jetpack_memberships_contains_paywalled_content":false,"_jetpack_memberships_contains_paid_content":false,"footnotes":""},"categories":[2],"tags":[],"class_list":["post-2282","post","type-post","status-publish","format-standard","hentry","category-allgemein"],"jetpack_featured_media_url":"","jetpack_shortlink":"https:\/\/wp.me\/p4Sdv6-AO","jetpack_sharing_enabled":true,"_links":{"self":[{"href":"https:\/\/www.projekt-kirche.de\/index.php?rest_route=\/wp\/v2\/posts\/2282","targetHints":{"allow":["GET"]}}],"collection":[{"href":"https:\/\/www.projekt-kirche.de\/index.php?rest_route=\/wp\/v2\/posts"}],"about":[{"href":"https:\/\/www.projekt-kirche.de\/index.php?rest_route=\/wp\/v2\/types\/post"}],"author":[{"embeddable":true,"href":"https:\/\/www.projekt-kirche.de\/index.php?rest_route=\/wp\/v2\/users\/1"}],"replies":[{"embeddable":true,"href":"https:\/\/www.projekt-kirche.de\/index.php?rest_route=%2Fwp%2Fv2%2Fcomments&post=2282"}],"version-history":[{"count":4,"href":"https:\/\/www.projekt-kirche.de\/index.php?rest_route=\/wp\/v2\/posts\/2282\/revisions"}],"predecessor-version":[{"id":8491,"href":"https:\/\/www.projekt-kirche.de\/index.php?rest_route=\/wp\/v2\/posts\/2282\/revisions\/8491"}],"wp:attachment":[{"href":"https:\/\/www.projekt-kirche.de\/index.php?rest_route=%2Fwp%2Fv2%2Fmedia&parent=2282"}],"wp:term":[{"taxonomy":"category","embeddable":true,"href":"https:\/\/www.projekt-kirche.de\/index.php?rest_route=%2Fwp%2Fv2%2Fcategories&post=2282"},{"taxonomy":"post_tag","embeddable":true,"href":"https:\/\/www.projekt-kirche.de\/index.php?rest_route=%2Fwp%2Fv2%2Ftags&post=2282"}],"curies":[{"name":"wp","href":"https:\/\/api.w.org\/{rel}","templated":true}]}}