{"id":2290,"date":"2013-09-06T06:41:16","date_gmt":"2013-09-06T05:41:16","guid":{"rendered":"https:\/\/sschweizer.wordpress.com\/?p=2290"},"modified":"2020-05-08T15:49:29","modified_gmt":"2020-05-08T13:49:29","slug":"gott-ist-gut","status":"publish","type":"post","link":"https:\/\/www.projekt-kirche.de\/?p=2290","title":{"rendered":"Gott ist gut"},"content":{"rendered":"<div class=\"shariff\" data-title=\"Gott ist gut\" data-info-url=\"http:\/\/ct.de\/-2467514\" data-backend-url=\"https:\/\/www.projekt-kirche.de\/wp-content\/plugins\/shariff-sharing\/backend\/index.php\" data-temp=\"\/tmp\" data-ttl=\"60\" data-service=\"gftr\" data-services='[\"googleplus\",\"facebook\",\"twitter\",\"reddit\",\"info\"]' data-image=\"\" data-url=\"https:\/\/www.projekt-kirche.de\/?p=2290\" data-lang=\"de\" data-theme=\"colored\" data-orientation=\"horizontal\"><\/div><p>Gott ist gut und meint es gut mit uns, auch wenn unsere Leben anders oder viel schwieriger oder schmerzhafter verl\u00e4uft als wir uns das w\u00fcnschen. Das habe ich oft selbst so erlebt. Vieles kann aber auch ich nicht wirklich verstehen und muss in diesen F\u00e4llen (Gott) einfach glauben.<br \/>\n<!--more--><br \/>\nDer Katechismus der Katholischen Kirche schreibt dazu in \u00a7 313-314:<br \/>\n&#8220;\u201eDer Br\u00e4utigam [ist] bei ihnen\u201c \u201eWir wissen, da\u00df Gott bei denen, die ihn lieben, alles zum Guten f\u00fchrt&#8221; (<a href=\"https:\/\/www.bibleserver.com\/NLB\/R%C3%B6mer8%2C28\" class=\"bibleserver extern\" target=\"_blank\" rel=\"noopener noreferrer\">R\u00f6m 8,28<\/a>). Das bezeugen die Heiligen immer wieder: Die hl. Katharina von Siena sagt deshalb \u201ezu denen, die an dem, was ihnen zust\u00f6\u00dft, \u00c4rgernis nehmen und sich dagegen auflehnen: \u201eDies geht aus Liebe hervor, alles ist auf das Heil des Menschen hingeordnet. Gott tut nichts au\u00dfer mit diesem Ziel&#8221; (dial. 4,138). Der hl. Thomas Morus tr\u00f6stet kurz vor seinem Martyrium seine Tochter: \u201eEs kann nichts geschehen, was Gott nicht will. Was immer er aber will, so schlimm es auch scheinen mag, es ist f\u00fcr uns dennoch wahrhaft das Beste&#8221; (Brief). Und Juliana von Norwich sagt: \u201eDurch die Gnade Gottes wurde ich inne, da\u00df ich mich fest an den Glauben halten und nicht weniger fest sehen mu\u00df, da\u00df alles, wie es auch sein mag, gut sein wird. &#8230; Und du wirst sehen, da\u00df alles, alles gut sein wird&#8221; (rev. 32). Wir glauben fest, da\u00df Gott der Herr der Welt und der Geschichte ist. Die Wege seiner Vorsehung sind uns jedoch oft unbekannt. Erst am Schlu\u00df, wenn unsere Teilerkenntnis zu Ende ist und wir Gott \u201evon Angesicht zu Angesicht&#8221; schauen werden (<a href=\"https:\/\/www.bibleserver.com\/NLB\/1.Korinther13%2C12\" class=\"bibleserver extern\" target=\"_blank\" rel=\"noopener noreferrer\">1 Kor 13,12<\/a>), werden wir voll und ganz die Wege erkennen, auf denen Gott sogar durch das Drama des B\u00f6sen und der S\u00fcnde hindurch seine Sch\u00f6pfung zur endg\u00fcltigen Sabbatruhe [Vgl. <a href=\"https:\/\/www.bibleserver.com\/NLB\/1.Mose2%2C2\" class=\"bibleserver extern\" target=\"_blank\" rel=\"noopener noreferrer\">Gen 2,2<\/a>.] f\u00fchrt, auf die hin er Himmel und Erde erschaffen hat.&#8221;<\/p>\n","protected":false},"excerpt":{"rendered":"<p>Gott ist gut und meint es gut mit uns, auch wenn unsere Leben anders oder viel schwieriger oder schmerzhafter verl\u00e4uft als wir uns das w\u00fcnschen. Das habe ich oft selbst so erlebt. Vieles kann aber auch ich nicht wirklich verstehen und muss in diesen F\u00e4llen (Gott) einfach glauben.<\/p>\n","protected":false},"author":1,"featured_media":0,"comment_status":"open","ping_status":"open","sticky":false,"template":"","format":"standard","meta":{"jetpack_post_was_ever_published":false,"_jetpack_newsletter_access":"","_jetpack_dont_email_post_to_subs":false,"_jetpack_newsletter_tier_id":0,"_jetpack_memberships_contains_paywalled_content":false,"_jetpack_memberships_contains_paid_content":false,"footnotes":""},"categories":[2],"tags":[172],"class_list":["post-2290","post","type-post","status-publish","format-standard","hentry","category-allgemein","tag-gott"],"jetpack_featured_media_url":"","jetpack_shortlink":"https:\/\/wp.me\/p4Sdv6-AW","jetpack_sharing_enabled":true,"_links":{"self":[{"href":"https:\/\/www.projekt-kirche.de\/index.php?rest_route=\/wp\/v2\/posts\/2290","targetHints":{"allow":["GET"]}}],"collection":[{"href":"https:\/\/www.projekt-kirche.de\/index.php?rest_route=\/wp\/v2\/posts"}],"about":[{"href":"https:\/\/www.projekt-kirche.de\/index.php?rest_route=\/wp\/v2\/types\/post"}],"author":[{"embeddable":true,"href":"https:\/\/www.projekt-kirche.de\/index.php?rest_route=\/wp\/v2\/users\/1"}],"replies":[{"embeddable":true,"href":"https:\/\/www.projekt-kirche.de\/index.php?rest_route=%2Fwp%2Fv2%2Fcomments&post=2290"}],"version-history":[{"count":4,"href":"https:\/\/www.projekt-kirche.de\/index.php?rest_route=\/wp\/v2\/posts\/2290\/revisions"}],"predecessor-version":[{"id":8418,"href":"https:\/\/www.projekt-kirche.de\/index.php?rest_route=\/wp\/v2\/posts\/2290\/revisions\/8418"}],"wp:attachment":[{"href":"https:\/\/www.projekt-kirche.de\/index.php?rest_route=%2Fwp%2Fv2%2Fmedia&parent=2290"}],"wp:term":[{"taxonomy":"category","embeddable":true,"href":"https:\/\/www.projekt-kirche.de\/index.php?rest_route=%2Fwp%2Fv2%2Fcategories&post=2290"},{"taxonomy":"post_tag","embeddable":true,"href":"https:\/\/www.projekt-kirche.de\/index.php?rest_route=%2Fwp%2Fv2%2Ftags&post=2290"}],"curies":[{"name":"wp","href":"https:\/\/api.w.org\/{rel}","templated":true}]}}