{"id":2316,"date":"2013-10-30T07:30:51","date_gmt":"2013-10-30T06:30:51","guid":{"rendered":"https:\/\/sschweizer.wordpress.com\/?p=2316"},"modified":"2020-05-09T03:08:08","modified_gmt":"2020-05-09T01:08:08","slug":"jeder-wird-gebraucht","status":"publish","type":"post","link":"https:\/\/www.projekt-kirche.de\/?p=2316","title":{"rendered":"Jeder wird gebraucht!"},"content":{"rendered":"<div class=\"shariff\" data-title=\"Jeder wird gebraucht!\" data-info-url=\"http:\/\/ct.de\/-2467514\" data-backend-url=\"https:\/\/www.projekt-kirche.de\/wp-content\/plugins\/shariff-sharing\/backend\/index.php\" data-temp=\"\/tmp\" data-ttl=\"60\" data-service=\"gftr\" data-services='[\"googleplus\",\"facebook\",\"twitter\",\"reddit\",\"info\"]' data-image=\"\" data-url=\"https:\/\/www.projekt-kirche.de\/?p=2316\" data-lang=\"de\" data-theme=\"colored\" data-orientation=\"horizontal\"><\/div><p>Jeder Mensch kann seinem Mitmenschen irgendwie n\u00fctzen oder helfen. Jeder wird gebraucht!<br \/>\nWir haben alle irgendwelche Talente, F\u00e4higkeiten, G\u00fcter oder einfach nur Zeit, die wir f\u00fcr andere einsetzen k\u00f6nnen. Vor allem wir Christen d\u00fcrfen da keine Ausreden haben oder eine falsche Bescheidenheit vorschieben. Jeder kann und muss helfen, unsere Welt, unsere Stadt und unsere (Pfarr-) Gemeinde lebenswerter zu machen und die Liebe Gottes zu verbreiten.<br \/>\n<!--more--><br \/>\nDazu findet Johannes Chrysostomos (ca. 345 -407), Priester in Antiochia und sp\u00e4ter Bischof von Konstantinopel sehr deutliche Worte:<br \/>\n&#8220;Gibt es etwas L\u00e4cherlicheres als einen Christen, der sich nicht um die Anderen k\u00fcmmert? Nimm nicht deine Armut zum Vorwand: Die Witwe, die zwei kleine M\u00fcnzen in den Opferkasten des Tempels warf (<a href=\"https:\/\/www.bibleserver.com\/NLB\/Markus12%2C42\" class=\"bibleserver extern\" target=\"_blank\" rel=\"noopener noreferrer\">Mk 12,42<\/a>), w\u00fcrde gegen dich aufstehen; ebenso Petrus, der zu dem Gel\u00e4hmten sagte: \u201eSilber und Gold besitze ich nicht\u201c (<a href=\"https:\/\/www.bibleserver.com\/NLB\/Apostelgeschichte3%2C6\" class=\"bibleserver extern\" target=\"_blank\" rel=\"noopener noreferrer\">Apg 3,6<\/a>), und auch Paulus, der so arm war, dass er oft hungerte. F\u00fchre auch nicht deine Herkunft ins Feld, denn auch die Apostel waren einfache, kleine Leute. Sprich auch nicht von deiner Unwissenheit, denn sie hatten keine h\u00f6here Bildung. Selbst wenn du ein Sklave oder Fl\u00fcchtling w\u00e4rest, k\u00f6nntest du immer noch das tun, was in dir steckt. So war es mit Onesimus, den Paulus lobend erw\u00e4hnt (<a href=\"https:\/\/www.bibleserver.com\/NLB\/Philemon11\" class=\"bibleserver extern\" target=\"_blank\" rel=\"noopener noreferrer\">Phlm 11<\/a>; <a href=\"https:\/\/www.bibleserver.com\/NLB\/Kolosser4%2C9\" class=\"bibleserver extern\" target=\"_blank\" rel=\"noopener noreferrer\">Kol 4,9<\/a>). Bist du von schwacher Gesundheit? Timotheus war es auch. Wer wir auch sind, jeder von uns kann seinem N\u00e4chsten n\u00fctzen, wenn er wirklich tun will, wozu er im Stande ist.<br \/>\nSiehst du, wie kr\u00e4ftig, sch\u00f6n und hochgewachsen die B\u00e4ume des Waldes sind? Und doch m\u00f6gen wir in unseren G\u00e4rten lieber Obst-oder Olivenb\u00e4ume, die voller Fr\u00fcchte sind. Sch\u00f6ne, unfruchtbare B\u00e4ume\u2026, so sind die Menschen, die nur ihre eigenen Interessen im Kopf haben\u2026 Wenn der Sauerteig den Teig nicht aufgehen l\u00e4sst, ist er kein richtiges Ferment. Wenn ein Parfum die Nase der N\u00e4herkommenden nicht mit Wohlgeruch erf\u00fcllt, ist es dann noch ein Parfum? Sag ja nicht, es sei unm\u00f6glich, einen guten Einfluss auf Andere auszu\u00fcben; denn wenn du wirklich ein Christ bist, ist es unm\u00f6glich, dass dein Tun ohne Folgen bleibt: das geh\u00f6rt wesentlich zu einem Christen\u2026 Zu sagen, ein Christ k\u00f6nne seinem N\u00e4chsten nicht n\u00fctzlich sein, w\u00e4re ebenso widerspr\u00fcchlich wie die Behauptung, die Sonne habe nicht die F\u00e4higkeit, Licht und W\u00e4rme zu erzeugen.&#8221; (aus Homilien zur Apostelgeschichte, Nr. 20, zitiert aus <a href=\"http:\/\/www.evangeliumtagfuertag.org\">Evangelium Tag f\u00fcr Tag <\/a>)<\/p>\n","protected":false},"excerpt":{"rendered":"<p>Jeder Mensch kann seinem Mitmenschen irgendwie n\u00fctzen oder helfen. Jeder wird gebraucht! Wir haben alle irgendwelche Talente, F\u00e4higkeiten, G\u00fcter oder einfach nur Zeit, die wir f\u00fcr andere einsetzen k\u00f6nnen. Vor allem wir Christen d\u00fcrfen da keine Ausreden haben oder eine falsche Bescheidenheit vorschieben. Jeder kann und muss helfen, unsere Welt, unsere Stadt und unsere (Pfarr-) [&hellip;]<\/p>\n","protected":false},"author":1,"featured_media":0,"comment_status":"open","ping_status":"open","sticky":false,"template":"","format":"standard","meta":{"jetpack_post_was_ever_published":false,"_jetpack_newsletter_access":"","_jetpack_dont_email_post_to_subs":false,"_jetpack_newsletter_tier_id":0,"_jetpack_memberships_contains_paywalled_content":false,"_jetpack_memberships_contains_paid_content":false,"footnotes":""},"categories":[2],"tags":[],"class_list":["post-2316","post","type-post","status-publish","format-standard","hentry","category-allgemein"],"jetpack_featured_media_url":"","jetpack_shortlink":"https:\/\/wp.me\/p4Sdv6-Bm","jetpack_sharing_enabled":true,"_links":{"self":[{"href":"https:\/\/www.projekt-kirche.de\/index.php?rest_route=\/wp\/v2\/posts\/2316","targetHints":{"allow":["GET"]}}],"collection":[{"href":"https:\/\/www.projekt-kirche.de\/index.php?rest_route=\/wp\/v2\/posts"}],"about":[{"href":"https:\/\/www.projekt-kirche.de\/index.php?rest_route=\/wp\/v2\/types\/post"}],"author":[{"embeddable":true,"href":"https:\/\/www.projekt-kirche.de\/index.php?rest_route=\/wp\/v2\/users\/1"}],"replies":[{"embeddable":true,"href":"https:\/\/www.projekt-kirche.de\/index.php?rest_route=%2Fwp%2Fv2%2Fcomments&post=2316"}],"version-history":[{"count":4,"href":"https:\/\/www.projekt-kirche.de\/index.php?rest_route=\/wp\/v2\/posts\/2316\/revisions"}],"predecessor-version":[{"id":8557,"href":"https:\/\/www.projekt-kirche.de\/index.php?rest_route=\/wp\/v2\/posts\/2316\/revisions\/8557"}],"wp:attachment":[{"href":"https:\/\/www.projekt-kirche.de\/index.php?rest_route=%2Fwp%2Fv2%2Fmedia&parent=2316"}],"wp:term":[{"taxonomy":"category","embeddable":true,"href":"https:\/\/www.projekt-kirche.de\/index.php?rest_route=%2Fwp%2Fv2%2Fcategories&post=2316"},{"taxonomy":"post_tag","embeddable":true,"href":"https:\/\/www.projekt-kirche.de\/index.php?rest_route=%2Fwp%2Fv2%2Ftags&post=2316"}],"curies":[{"name":"wp","href":"https:\/\/api.w.org\/{rel}","templated":true}]}}