{"id":2366,"date":"2014-02-04T08:19:29","date_gmt":"2014-02-04T07:19:29","guid":{"rendered":"https:\/\/sschweizer.wordpress.com\/?p=2366"},"modified":"2020-05-10T20:16:24","modified_gmt":"2020-05-10T18:16:24","slug":"die-kirche-braucht-keine-reform-sondern-erneuerung","status":"publish","type":"post","link":"https:\/\/www.projekt-kirche.de\/?p=2366","title":{"rendered":"Die Kirche braucht keine Reform, sondern Erneuerung!"},"content":{"rendered":"<div class=\"shariff\" data-title=\"Die Kirche braucht keine Reform, sondern Erneuerung!\" data-info-url=\"http:\/\/ct.de\/-2467514\" data-backend-url=\"https:\/\/www.projekt-kirche.de\/wp-content\/plugins\/shariff-sharing\/backend\/index.php\" data-temp=\"\/tmp\" data-ttl=\"60\" data-service=\"gftr\" data-services='[\"googleplus\",\"facebook\",\"twitter\",\"reddit\",\"info\"]' data-image=\"\" data-url=\"https:\/\/www.projekt-kirche.de\/?p=2366\" data-lang=\"de\" data-theme=\"colored\" data-orientation=\"horizontal\"><\/div><p>Viel wird dar\u00fcber geredet, wie die (kath.) Kirche reformiert werden m\u00fcsste: Abschaffung des Z\u00f6libats, Zulassung Wiederverheiratete zur Kommunion, Frauen als Priester etc. Ich denke, dass selbst, wenn das alles richtig w\u00e4re, sich die Kirche nicht wirklich zum Besseren ver\u00e4ndern w\u00fcrde.<br \/>\nMeines Erachtens braucht die Kirche keine Reform, d. h. eine Ver\u00e4nderung des Glaubensguts oder der Kirchenregeln, sondern eine Erneuerung! <!--more--><br \/>\nWas meine ich mit Erneuerung? Ich meine, dass wir das, was die Kirche ist und bereits hat mit Leben f\u00fcllen m\u00fcssen. Es bedeutet, dass sich die Kirche, und das sind letztendlich alle Christen (und nicht nur die Leitung) neu und ernsthaft auf Gott ausrichten muss. Wir alle m\u00fcssen umdenken und uns neu zu Gott bekehren.<br \/>\nWas hei\u00dft das praktisch?<br \/>\nWir m\u00fcssen Gott neu bzw. besser kennen und lieben lernen. Das ist schlie\u00dflich das erste Gebot.<br \/>\nKenne ich Gott wirklich? Wei\u00df ich wie sehr Er mich liebt, was Er mir Gutes will, was Er f\u00fcr mich geopfert hat?<br \/>\nIst mir klar, dass Gott mich heilen und beschenken will? Kenne ich Gottes Plan f\u00fcr mein Leben? Lebe ich danach? Ist mir Gott \u00fcberhaupt wichtig? Liebe ich Ihn?<br \/>\nEine Menge Fragen und es gibt noch mehr. Ich denke, dass wir mit der Kirche und auch oft mit uns selbst deshalb ungl\u00fccklich sind, weil wir Gott\u00a0nicht gut genug kennen und lieben. Es fehlt uns an Glauben!<br \/>\nUnd leider ist daran auch &#8220;die Kirche&#8221; selbst schuld. Viele der Menschen, die beauftragt sind die Kirchenmitglieder zu lehren und sich um ihren Glauben zu k\u00fcmmern tun das mangelhaft oder gar nicht. Das ist tats\u00e4chlich eine Schande f\u00fcr die Kirche! Das m\u00fcssen wir \u00e4ndern! Statt sich aber nur zu beklagen, sollten wir t\u00e4glich f\u00fcr diese Menschen beten. Dass sie selbst im Glauben wachsen und eine Liebe und Eifer f\u00fcr ihre anvertrauten Menschen entwickeln. Und \u00fcbrigens sind hier nicht nur Bisch\u00f6fe und Priester gemeint, sondern auch die Eltern, die den Auftrag haben, ihre Kinder im christlichen Glauben zu erziehen.<br \/>\nAlso lasst uns neu anfangen, zu Gott zu beten, Ihm f\u00fcr alles Gute zu danken, Ihn um Seinen Segen zu bitten! Und lasst uns die Heilige Schrift studieren, die unseren Glauben aufbauen und uns Gott besser verstehen l\u00e4sst. Hierf\u00fcr kann ich \u00fcbrigens den <a title=\"www.booklooker.de\" href=\"http:\/\/www.booklooker.de\/app\/result.php?page=1&amp;recPerPage=30&amp;setMediaType=0&amp;titel=PRAKTISCHER+KOMMENTAR+ZUR+BIBLISCHEN+GESCHICHTE&amp;&amp;sortOrder=default\" target=\"_blank\" rel=\"noopener noreferrer\">&#8220;Praktischen Kommentar zur biblischen Geschichten&#8221; von Justus Knecht<\/a> sehr empfehlen (siehe z. B. meinen <a title=\"Bibelkommentar - Die Bibel erkl\u00e4rt\" href=\"http:\/\/bibelkommentar.wordpress.com\/\">Bibelkommentar-Blog<\/a>).<\/p>\n","protected":false},"excerpt":{"rendered":"<p>Viel wird dar\u00fcber geredet, wie die (kath.) Kirche reformiert werden m\u00fcsste: Abschaffung des Z\u00f6libats, Zulassung Wiederverheiratete zur Kommunion, Frauen als Priester etc. Ich denke, dass selbst, wenn das alles richtig w\u00e4re, sich die Kirche nicht wirklich zum Besseren ver\u00e4ndern w\u00fcrde. Meines Erachtens braucht die Kirche keine Reform, d. h. eine Ver\u00e4nderung des Glaubensguts oder der [&hellip;]<\/p>\n","protected":false},"author":1,"featured_media":0,"comment_status":"open","ping_status":"open","sticky":false,"template":"","format":"standard","meta":{"jetpack_post_was_ever_published":false,"_jetpack_newsletter_access":"","_jetpack_dont_email_post_to_subs":false,"_jetpack_newsletter_tier_id":0,"_jetpack_memberships_contains_paywalled_content":false,"_jetpack_memberships_contains_paid_content":false,"footnotes":""},"categories":[2],"tags":[],"class_list":["post-2366","post","type-post","status-publish","format-standard","hentry","category-allgemein"],"jetpack_featured_media_url":"","jetpack_shortlink":"https:\/\/wp.me\/p4Sdv6-Ca","jetpack_sharing_enabled":true,"_links":{"self":[{"href":"https:\/\/www.projekt-kirche.de\/index.php?rest_route=\/wp\/v2\/posts\/2366","targetHints":{"allow":["GET"]}}],"collection":[{"href":"https:\/\/www.projekt-kirche.de\/index.php?rest_route=\/wp\/v2\/posts"}],"about":[{"href":"https:\/\/www.projekt-kirche.de\/index.php?rest_route=\/wp\/v2\/types\/post"}],"author":[{"embeddable":true,"href":"https:\/\/www.projekt-kirche.de\/index.php?rest_route=\/wp\/v2\/users\/1"}],"replies":[{"embeddable":true,"href":"https:\/\/www.projekt-kirche.de\/index.php?rest_route=%2Fwp%2Fv2%2Fcomments&post=2366"}],"version-history":[{"count":3,"href":"https:\/\/www.projekt-kirche.de\/index.php?rest_route=\/wp\/v2\/posts\/2366\/revisions"}],"predecessor-version":[{"id":7678,"href":"https:\/\/www.projekt-kirche.de\/index.php?rest_route=\/wp\/v2\/posts\/2366\/revisions\/7678"}],"wp:attachment":[{"href":"https:\/\/www.projekt-kirche.de\/index.php?rest_route=%2Fwp%2Fv2%2Fmedia&parent=2366"}],"wp:term":[{"taxonomy":"category","embeddable":true,"href":"https:\/\/www.projekt-kirche.de\/index.php?rest_route=%2Fwp%2Fv2%2Fcategories&post=2366"},{"taxonomy":"post_tag","embeddable":true,"href":"https:\/\/www.projekt-kirche.de\/index.php?rest_route=%2Fwp%2Fv2%2Ftags&post=2366"}],"curies":[{"name":"wp","href":"https:\/\/api.w.org\/{rel}","templated":true}]}}