{"id":2370,"date":"2014-03-13T08:13:00","date_gmt":"2014-03-13T07:13:00","guid":{"rendered":"http:\/\/sschweizer.wordpress.com\/?p=2370"},"modified":"2020-05-08T15:49:28","modified_gmt":"2020-05-08T13:49:28","slug":"sehnsucht-nach-gott","status":"publish","type":"post","link":"https:\/\/www.projekt-kirche.de\/?p=2370","title":{"rendered":"Sehnsucht nach Gott"},"content":{"rendered":"<div class=\"shariff\" data-title=\"Sehnsucht nach Gott\" data-info-url=\"http:\/\/ct.de\/-2467514\" data-backend-url=\"https:\/\/www.projekt-kirche.de\/wp-content\/plugins\/shariff-sharing\/backend\/index.php\" data-temp=\"\/tmp\" data-ttl=\"60\" data-service=\"gftr\" data-services='[\"googleplus\",\"facebook\",\"twitter\",\"reddit\",\"info\"]' data-image=\"\" data-url=\"https:\/\/www.projekt-kirche.de\/?p=2370\" data-lang=\"de\" data-theme=\"colored\" data-orientation=\"horizontal\"><\/div><p>Der Hl. Augustinus (354 &#8211; 430), Bischof von Hippo (Nordafrika) und Kirchenlehrer dr\u00fcckt die Sehnsucht nach Gott als &#8220;Beten ohne Unterlass&#8221;\u00a0 in seiner &#8220;Abhandlung \u00fcber die Psalmen, <a href=\"https:\/\/www.bibleserver.com\/NLB\/Psalm38\" class=\"bibleserver extern\" target=\"_blank\" rel=\"noopener noreferrer\">Ps 38<\/a>&#8221; sehr sch\u00f6n wie ich finde aus:<!--more--> <\/p>\n<blockquote><p>Der Psalmist sagt: \u201eAll mein Sehnen, Herr, liegt offen vor dir\u201c (<a href=\"https:\/\/www.bibleserver.com\/NLB\/Psalm38%2C10\" class=\"bibleserver extern\" target=\"_blank\" rel=\"noopener noreferrer\">Ps 38,10<\/a>). Nicht etwa vor den Menschen, die ja nicht ins Herz schauen k\u00f6nnen. Wenn all dein Sehnen offen vor dem Vater liegt, wird er, \u201eder auch das Verborgene sieht, es dir vergelten\u201c (<a href=\"https:\/\/www.bibleserver.com\/NLB\/Matth%C3%A4us6%2C6\" class=\"bibleserver extern\" target=\"_blank\" rel=\"noopener noreferrer\">Mt 6,6<\/a>). Denn was du ersehnst, ist in dein Gebet gefasst; wenn die Sehnsucht weiter besteht, geht auch das Beten weiter. der Apostel Paulus hat nicht umsonst gesagt: \u201eBetet ohne Unterlass\u201c (<a href=\"https:\/\/www.bibleserver.com\/NLB\/1.Thessalonicher5%2C17\" class=\"bibleserver extern\" target=\"_blank\" rel=\"noopener noreferrer\">1 Thess 5,17<\/a>). Kann er das sagen, weil wir ohne Unterlass die Knie beugen, uns ihm zu F\u00fc\u00dfen werfen oder die H\u00e4nde erheben? Wenn wir sagen, dass unser Beten so aussieht, so glaube ich nicht, dass wir es ohne Unterlass verrichten k\u00f6nnen.<br \/>\nEs gibt ein anderes Gebet, das innere Gebet, das ohne Unterlass gebetet werden kann: das Gebet der Sehnsucht. Womit auch immer du besch\u00e4ftigt bist \u2013 wenn du nach der Sabbatruhe verlangst, h\u00f6rst du nicht auf zu beten. Und wenn du nicht aufh\u00f6ren willst zu beten, so h\u00f6re nicht auf, dich danach zu sehnen\u2026 Du verstummst nur dann, wenn du aufh\u00f6rst zu lieben. Was sind das f\u00fcr Menschen, die verstummt sind? Es sind Menschen, denen das Wort gilt: \u201eWeil die Missachtung von Gottes Gesetz \u00fcberhand nimmt, wird die Liebe bei vielen erkalten&#8221; (<a href=\"https:\/\/www.bibleserver.com\/NLB\/Matth%C3%A4us24%2C12\" class=\"bibleserver extern\" target=\"_blank\" rel=\"noopener noreferrer\">Mt 24,12<\/a>). Wenn die Liebe erkaltet, schweigt das Herz; wo die Liebe am Brennen ist, schreit das Herz. Wenn die Liebe \u201eniemals aufh\u00f6rt\u201c (<a href=\"https:\/\/www.bibleserver.com\/NLB\/1.Korinther13%2C8\" class=\"bibleserver extern\" target=\"_blank\" rel=\"noopener noreferrer\">1 Kor 13,8<\/a>), verstummt dein Ruf nicht; wenn du unaufh\u00f6rlich rufst, hast du unaufh\u00f6rlich Sehnsucht; wenn du Sehnsucht hast, gilt dein Denken der Ruhe in Gott.<br \/>\n\u201eAll mein Sehnen, Herr, liegt offen vor dir\u2026, und mein Seufzen ist dir nicht verborgen\u201c\u2026 Wo Sehnsucht ist, da ist auch Seufzen; es gelangt nicht immer an die Ohren der Menschen; es erreicht aber immer das Ohr Gottes. (zitiert aus <a href=\"http:\/\/www.evangelizo.org\">Evangelium Tag f\u00fcr Tag<\/a>) <\/p>\n<\/blockquote>\n","protected":false},"excerpt":{"rendered":"<p>Der Hl. Augustinus (354 &#8211; 430), Bischof von Hippo (Nordafrika) und Kirchenlehrer dr\u00fcckt die Sehnsucht nach Gott als &#8220;Beten ohne Unterlass&#8221;\u00a0 in seiner &#8220;Abhandlung \u00fcber die Psalmen, Ps 38&#8221; sehr sch\u00f6n wie ich finde aus:<\/p>\n","protected":false},"author":1,"featured_media":0,"comment_status":"open","ping_status":"open","sticky":false,"template":"","format":"standard","meta":{"jetpack_post_was_ever_published":false,"_jetpack_newsletter_access":"","_jetpack_dont_email_post_to_subs":false,"_jetpack_newsletter_tier_id":0,"_jetpack_memberships_contains_paywalled_content":false,"_jetpack_memberships_contains_paid_content":false,"footnotes":""},"categories":[2],"tags":[121,156,172,200,257],"class_list":["post-2370","post","type-post","status-publish","format-standard","hentry","category-allgemein","tag-augustinus","tag-gebet","tag-gott","tag-kirchenvater","tag-sehnsucht"],"jetpack_featured_media_url":"","jetpack_shortlink":"https:\/\/wp.me\/p4Sdv6-Ce","jetpack_sharing_enabled":true,"_links":{"self":[{"href":"https:\/\/www.projekt-kirche.de\/index.php?rest_route=\/wp\/v2\/posts\/2370","targetHints":{"allow":["GET"]}}],"collection":[{"href":"https:\/\/www.projekt-kirche.de\/index.php?rest_route=\/wp\/v2\/posts"}],"about":[{"href":"https:\/\/www.projekt-kirche.de\/index.php?rest_route=\/wp\/v2\/types\/post"}],"author":[{"embeddable":true,"href":"https:\/\/www.projekt-kirche.de\/index.php?rest_route=\/wp\/v2\/users\/1"}],"replies":[{"embeddable":true,"href":"https:\/\/www.projekt-kirche.de\/index.php?rest_route=%2Fwp%2Fv2%2Fcomments&post=2370"}],"version-history":[{"count":5,"href":"https:\/\/www.projekt-kirche.de\/index.php?rest_route=\/wp\/v2\/posts\/2370\/revisions"}],"predecessor-version":[{"id":8417,"href":"https:\/\/www.projekt-kirche.de\/index.php?rest_route=\/wp\/v2\/posts\/2370\/revisions\/8417"}],"wp:attachment":[{"href":"https:\/\/www.projekt-kirche.de\/index.php?rest_route=%2Fwp%2Fv2%2Fmedia&parent=2370"}],"wp:term":[{"taxonomy":"category","embeddable":true,"href":"https:\/\/www.projekt-kirche.de\/index.php?rest_route=%2Fwp%2Fv2%2Fcategories&post=2370"},{"taxonomy":"post_tag","embeddable":true,"href":"https:\/\/www.projekt-kirche.de\/index.php?rest_route=%2Fwp%2Fv2%2Ftags&post=2370"}],"curies":[{"name":"wp","href":"https:\/\/api.w.org\/{rel}","templated":true}]}}