{"id":2372,"date":"2014-03-14T08:10:12","date_gmt":"2014-03-14T07:10:12","guid":{"rendered":"http:\/\/sschweizer.wordpress.com\/?p=2372"},"modified":"2020-05-08T16:42:57","modified_gmt":"2020-05-08T14:42:57","slug":"streite-nicht-sondern-suche-die-versohnung","status":"publish","type":"post","link":"https:\/\/www.projekt-kirche.de\/?p=2372","title":{"rendered":"Streite nicht, sondern suche die Vers\u00f6hnung&#8230;"},"content":{"rendered":"<div class=\"shariff\" data-title=\"Streite nicht, sondern suche die Vers\u00f6hnung&#8230;\" data-info-url=\"http:\/\/ct.de\/-2467514\" data-backend-url=\"https:\/\/www.projekt-kirche.de\/wp-content\/plugins\/shariff-sharing\/backend\/index.php\" data-temp=\"\/tmp\" data-ttl=\"60\" data-service=\"gftr\" data-services='[\"googleplus\",\"facebook\",\"twitter\",\"reddit\",\"info\"]' data-image=\"\" data-url=\"https:\/\/www.projekt-kirche.de\/?p=2372\" data-lang=\"de\" data-theme=\"colored\" data-orientation=\"horizontal\"><\/div><p>.\u00a0.. das sagt sinngem\u00e4\u00df Jesus in der Bergpredigt (<a href=\"https:\/\/www.bibleserver.com\/NLB\/Matth%C3%A4us5%2C20-26\" class=\"bibleserver extern\" target=\"_blank\" rel=\"noopener noreferrer\">Mt 5,20-26<\/a>).<br \/>\nDer Kirchenvater Eusebius hat dazu ein sehr sch\u00f6nes Gebet seinen Mitchristen empfohlen:<!--more--> <\/p>\n<blockquote><p>May I be no man&#8217;s enemy, and may I be the friend of that which is eternal and abides. May I never quarrel with those nearest me: and if I do, may I be reconciled quickly. May I love, seek, and attain only that which is good. May I wish for all men&#8217;s happiness and envy none. May I never rejoice in the ill-fortune of one who has wronged me. When I have done or said what is wrong, may I never wait for the rebuke of others, but always rebuke myself until I make amends. May I win no victory that harms either me or my opponent. May I reconcile friends who are angry with one another. May I never fail a friend who is in danger. When visiting those in grief may I be able by gentle and healing words to soften their pain. May I respect myself. May I always keep tame that which rages within me. May I accustom myself to be gentle, and never be angry with people because of circumstances. May I never discuss who is wicked and what wicked things he has done, but know good men and follow in theirfootsteps.<\/p>\n<\/blockquote>\n<blockquote>\n<\/blockquote>\n<p>(zitiert aus <a href=\"http:\/\/www.us2.list-manage.com\/track\/click?u=4d6daff1d97a08fb85eddb385&amp;id=9d720d5049&amp;e=1a24fc2fdf\">Daily Meditations by Don Schwager<\/a>)<\/p>\n","protected":false},"excerpt":{"rendered":"<p>.\u00a0.. das sagt sinngem\u00e4\u00df Jesus in der Bergpredigt (Mt 5,20-26). Der Kirchenvater Eusebius hat dazu ein sehr sch\u00f6nes Gebet seinen Mitchristen empfohlen:<\/p>\n","protected":false},"author":1,"featured_media":0,"comment_status":"open","ping_status":"open","sticky":false,"template":"","format":"standard","meta":{"jetpack_post_was_ever_published":false,"_jetpack_newsletter_access":"","_jetpack_dont_email_post_to_subs":false,"_jetpack_newsletter_tier_id":0,"_jetpack_memberships_contains_paywalled_content":false,"_jetpack_memberships_contains_paid_content":false,"footnotes":""},"categories":[2],"tags":[122,274],"class_list":["post-2372","post","type-post","status-publish","format-standard","hentry","category-allgemein","tag-arger","tag-versohnung"],"jetpack_featured_media_url":"","jetpack_shortlink":"https:\/\/wp.me\/p4Sdv6-Cg","jetpack_sharing_enabled":true,"_links":{"self":[{"href":"https:\/\/www.projekt-kirche.de\/index.php?rest_route=\/wp\/v2\/posts\/2372","targetHints":{"allow":["GET"]}}],"collection":[{"href":"https:\/\/www.projekt-kirche.de\/index.php?rest_route=\/wp\/v2\/posts"}],"about":[{"href":"https:\/\/www.projekt-kirche.de\/index.php?rest_route=\/wp\/v2\/types\/post"}],"author":[{"embeddable":true,"href":"https:\/\/www.projekt-kirche.de\/index.php?rest_route=\/wp\/v2\/users\/1"}],"replies":[{"embeddable":true,"href":"https:\/\/www.projekt-kirche.de\/index.php?rest_route=%2Fwp%2Fv2%2Fcomments&post=2372"}],"version-history":[{"count":4,"href":"https:\/\/www.projekt-kirche.de\/index.php?rest_route=\/wp\/v2\/posts\/2372\/revisions"}],"predecessor-version":[{"id":8441,"href":"https:\/\/www.projekt-kirche.de\/index.php?rest_route=\/wp\/v2\/posts\/2372\/revisions\/8441"}],"wp:attachment":[{"href":"https:\/\/www.projekt-kirche.de\/index.php?rest_route=%2Fwp%2Fv2%2Fmedia&parent=2372"}],"wp:term":[{"taxonomy":"category","embeddable":true,"href":"https:\/\/www.projekt-kirche.de\/index.php?rest_route=%2Fwp%2Fv2%2Fcategories&post=2372"},{"taxonomy":"post_tag","embeddable":true,"href":"https:\/\/www.projekt-kirche.de\/index.php?rest_route=%2Fwp%2Fv2%2Ftags&post=2372"}],"curies":[{"name":"wp","href":"https:\/\/api.w.org\/{rel}","templated":true}]}}