{"id":2389,"date":"2014-05-05T06:35:58","date_gmt":"2014-05-05T05:35:58","guid":{"rendered":"http:\/\/sschweizer.wordpress.com\/?p=2389"},"modified":"2020-05-08T19:34:46","modified_gmt":"2020-05-08T17:34:46","slug":"wenn-ich-nur-so-glauben-konnte","status":"publish","type":"post","link":"https:\/\/www.projekt-kirche.de\/?p=2389","title":{"rendered":"Wenn ich nur so glauben k\u00f6nnte&#8230;"},"content":{"rendered":"<div class=\"shariff\" data-title=\"Wenn ich nur so glauben k\u00f6nnte&#8230;\" data-info-url=\"http:\/\/ct.de\/-2467514\" data-backend-url=\"https:\/\/www.projekt-kirche.de\/wp-content\/plugins\/shariff-sharing\/backend\/index.php\" data-temp=\"\/tmp\" data-ttl=\"60\" data-service=\"gftr\" data-services='[\"googleplus\",\"facebook\",\"twitter\",\"reddit\",\"info\"]' data-image=\"\" data-url=\"https:\/\/www.projekt-kirche.de\/?p=2389\" data-lang=\"de\" data-theme=\"colored\" data-orientation=\"horizontal\"><\/div><p>&#8230; wie Charles Charles de Foucauld (1858 &#8211; 1916), Eremit und Missionar in der Sahara:<br \/>\n&#8220;Die Sinne sind neugierig: Der Glaube dagegen will nichts erleben, er (&#8230;) w\u00fcrde am liebsten sein Leben lang regungslos vor dem Tabernakel verbringen. Die Sinne sch\u00e4tzen Reichtum und Ehre; der Glaube versp\u00fcrt heftigen Widerwillen gegen beides&#8230; \u201eSelig die Armen\u201c (<a href=\"https:\/\/www.bibleserver.com\/NLB\/Matth%C3%A4us5%2C3\" class=\"bibleserver extern\" target=\"_blank\" rel=\"noopener noreferrer\">Mt 5,3<\/a>). Der Glaube verehrt die Armut und die Erniedrigung, mit denen Jesus sich sein Leben lang wie mit einem Kleidungsst\u00fcck bekleidet hat, das untrennbar zu ihm geh\u00f6rt&#8230; die Sinne erschrecken vor dem, was sie Gefahren nennen, was Schmerzen oder Tod mit sich bringt; der Glaube erschrickt vor nichts, er wei\u00df, dass nichts ihm widerfahren wird, was Gott nicht will \u2013 \u201eBei euch aber sind sogar die Haare auf dem Kopf alle gez\u00e4hlt\u201c (<a href=\"https:\/\/www.bibleserver.com\/NLB\/Matth%C3%A4us10%2C30\" class=\"bibleserver extern\" target=\"_blank\" rel=\"noopener noreferrer\">Mt 10,30<\/a>), \u2013 und dass das, was Gott will, immer gut f\u00fcr ihn sein wird \u2013 \u201eWir wissen, dass Gott bei denen, die ihn lieben, alles zum Guten f\u00fchrt\u201c (<a href=\"https:\/\/www.bibleserver.com\/NLB\/R%C3%B6mer8%2C28\" class=\"bibleserver extern\" target=\"_blank\" rel=\"noopener noreferrer\">R\u00f6m 8,28<\/a>). Somit ist er, was auch immer ihm widerf\u00e4hrt, (ob) Schmerz oder Freude, (ob) Gesundheit oder Krankheit, (ob) Leben oder Tod, von vornherein wohlgemut und f\u00fcrchtet sich vor nichts&#8230; Die Sinne sorgen sich um das Morgen, fragen sich, wie man am n\u00e4chsten Tag leben wird; der Glaube lebt ohne die geringste Sorge&#8230;<!--more--><br \/>\nDer Glaube erleuchtet alles mit einem neuen Licht, einem anderen Licht als dem der Sinne, strahlender oder andersartiger. So hat der aus dem Glauben Lebende v\u00f6llig neue Gedanken, neue Freuden, neue Urteilsma\u00dfst\u00e4be; vor ihm er\u00f6ffnen sich v\u00f6llig neue Horizonte, herrliche, von einem himmlischen Licht erleuchtete Horizonte, von g\u00f6ttlicher Sch\u00f6nheit gepr\u00e4gt. In diese ganz und gar neuartigen Wahrheiten eingeh\u00fcllt, von denen die Welt nichts ahnt, beginnt er zwangsl\u00e4ufig ein ganz neues, der Welt entgegengesetztes Leben, sodass seine Handlungen der Welt als Irrsinn erscheinen. Die Welt befindet sich in Dunkelheit, in einer tiefen Nacht. Der glaubende Mensch befindet sich im vollen Licht, doch der licht\u00fcberflutete Weg auf dem er vorw\u00e4rtsgeht, ist den Augen der Menschen verborgen; ihnen scheint er im Nichts wandeln zu wollen, wie ein Irrer.&#8221; (aus &#8220;Geistliche Notizen&#8221;, Nazareth, Nov.1897, siehe <a href=\"http:\/\/www.evangelizo.org\">Evangelium Tag f\u00fcr Tag<\/a>)<\/p>\n","protected":false},"excerpt":{"rendered":"<p>&#8230; wie Charles Charles de Foucauld (1858 &#8211; 1916), Eremit und Missionar in der Sahara: &#8220;Die Sinne sind neugierig: Der Glaube dagegen will nichts erleben, er (&#8230;) w\u00fcrde am liebsten sein Leben lang regungslos vor dem Tabernakel verbringen. Die Sinne sch\u00e4tzen Reichtum und Ehre; der Glaube versp\u00fcrt heftigen Widerwillen gegen beides&#8230; \u201eSelig die Armen\u201c (Mt [&hellip;]<\/p>\n","protected":false},"author":1,"featured_media":0,"comment_status":"open","ping_status":"open","sticky":false,"template":"","format":"standard","meta":{"jetpack_post_was_ever_published":false,"_jetpack_newsletter_access":"","_jetpack_dont_email_post_to_subs":false,"_jetpack_newsletter_tier_id":0,"_jetpack_memberships_contains_paywalled_content":false,"_jetpack_memberships_contains_paid_content":false,"footnotes":""},"categories":[2],"tags":[],"class_list":["post-2389","post","type-post","status-publish","format-standard","hentry","category-allgemein"],"jetpack_featured_media_url":"","jetpack_shortlink":"https:\/\/wp.me\/p4Sdv6-Cx","jetpack_sharing_enabled":true,"_links":{"self":[{"href":"https:\/\/www.projekt-kirche.de\/index.php?rest_route=\/wp\/v2\/posts\/2389","targetHints":{"allow":["GET"]}}],"collection":[{"href":"https:\/\/www.projekt-kirche.de\/index.php?rest_route=\/wp\/v2\/posts"}],"about":[{"href":"https:\/\/www.projekt-kirche.de\/index.php?rest_route=\/wp\/v2\/types\/post"}],"author":[{"embeddable":true,"href":"https:\/\/www.projekt-kirche.de\/index.php?rest_route=\/wp\/v2\/users\/1"}],"replies":[{"embeddable":true,"href":"https:\/\/www.projekt-kirche.de\/index.php?rest_route=%2Fwp%2Fv2%2Fcomments&post=2389"}],"version-history":[{"count":4,"href":"https:\/\/www.projekt-kirche.de\/index.php?rest_route=\/wp\/v2\/posts\/2389\/revisions"}],"predecessor-version":[{"id":8495,"href":"https:\/\/www.projekt-kirche.de\/index.php?rest_route=\/wp\/v2\/posts\/2389\/revisions\/8495"}],"wp:attachment":[{"href":"https:\/\/www.projekt-kirche.de\/index.php?rest_route=%2Fwp%2Fv2%2Fmedia&parent=2389"}],"wp:term":[{"taxonomy":"category","embeddable":true,"href":"https:\/\/www.projekt-kirche.de\/index.php?rest_route=%2Fwp%2Fv2%2Fcategories&post=2389"},{"taxonomy":"post_tag","embeddable":true,"href":"https:\/\/www.projekt-kirche.de\/index.php?rest_route=%2Fwp%2Fv2%2Ftags&post=2389"}],"curies":[{"name":"wp","href":"https:\/\/api.w.org\/{rel}","templated":true}]}}