{"id":24,"date":"2008-06-22T21:52:14","date_gmt":"2008-06-22T19:52:14","guid":{"rendered":"http:\/\/sschweizer.wordpress.com\/?p=24"},"modified":"2020-05-10T08:09:02","modified_gmt":"2020-05-10T06:09:02","slug":"open-heaven","status":"publish","type":"post","link":"https:\/\/www.projekt-kirche.de\/?p=24","title":{"rendered":"Open Heaven ?"},"content":{"rendered":"<div class=\"shariff\" data-title=\"Open Heaven ?\" data-info-url=\"http:\/\/ct.de\/-2467514\" data-backend-url=\"https:\/\/www.projekt-kirche.de\/wp-content\/plugins\/shariff-sharing\/backend\/index.php\" data-temp=\"\/tmp\" data-ttl=\"60\" data-service=\"gftr\" data-services='[\"googleplus\",\"facebook\",\"twitter\",\"reddit\",\"info\"]' data-image=\"\" data-url=\"https:\/\/www.projekt-kirche.de\/?p=24\" data-lang=\"de\" data-theme=\"colored\" data-orientation=\"horizontal\"><\/div><p>Heute habe ich zum zweiten Male die &#8220;Open Heaven&#8221;-Veranstaltung der Evangelischen Allianz M\u00fcnchen im Olympiapark besucht. Und zum zweiten Male war ich leider sehr entt\u00e4uscht. Mit ziemlich gro\u00dfem Aufwand wurde da wieder ein gemeinsamer Open-Air-Gottesdienst einer ganzen Reihe christlicher Gemeinden veranstaltet und doch war in meinen Augen das Ziel verfehlt worden.<\/p>\n<p><!--more--><\/p>\n<p>Bevor ich weiter darauf eingehe, m\u00f6chte ich zun\u00e4chst aber das Engagement der Evangelischen Allianz M\u00fcnchen loben. Sie versucht den Auftrag Christi ernst zu nehmen, n\u00e4mlich sowohl die Einheit der Christen zu f\u00f6rdern als auch Menschen f\u00fcr Gott zu gewinnen. Es muss hierbei nat\u00fcrlich allen klar sein, dass es bei einer solche Gemeinschaftsaktion von zum Teil sehr verschiedenen Gemeinden immer etwas von irgendjemand auszusetzen geben wird.<\/p>\n<p>Darum geht es mir aber nicht. Mir geht es nicht um &#8220;Kleinigkeiten&#8221; wie z.B. der Auswahl und Art der Lieder (auch wenn man da sicherlich noch ausgewogener werden k\u00f6nnte) oder darum, dass der Gottesdienst eher einen Charakter eines Open-Air-Konzertes hatte (nichts gegen moderne Musik in lockerer Atmosph\u00e4re, dennoch frage ich mich was hier wirklich &#8220;den Unterschied&#8221; zur &#8220;Welt&#8221; ausgemacht hat bis auf die christlichen Texte).<\/p>\n<p>Es geht mir um die Frage, ob die Menschen bei dieser Veranstaltung wirklich etwas von Gott erfahren haben. Vor allem diejenigen, die Gott noch nicht oder nur wenig kennen.<\/p>\n<p>Es geht mir um die Frage, ob die Menschen den Glauben der anwesenden Christen gesehen haben.<\/p>\n<p>Es geht mir um die Frage, ob etwas von der Anwesenheit Gottes, seinem Heiligen Geist sp\u00fcrbar war.<\/p>\n<p>Wurde der &#8220;Welt&#8221; gezeigt&#8221;, dass es uns Christen nicht nur um nette Lieder und Parolen wie &#8220;wir m\u00fcssen uns mehr um die Armen k\u00fcmmern&#8221; geht, sondern dass wir wirklich eine tiefe Liebe zu Gott haben? Eine Liebe, die uns im positiven Sinne anders als die &#8220;Welt&#8221; macht.<\/p>\n<p>Und ob wir uns tats\u00e4chlich um die &#8220;Armen&#8221; k\u00fcmmern?<\/p>\n<p>Konnten wir der &#8220;Welt&#8221; zeigen, was uns wirklich wichtig ist? Z.B. einander zu dienen, statt sich bedienen zu lassen.<\/p>\n<p>Haben wir die &#8220;G\u00e4ste&#8221; wirklich so herzlich aufgenommen, dass sie sich nicht nur von uns, sondern auch durch uns von Gott geliebt gef\u00fchlt haben?<\/p>\n<p>Waren wir authentisch?<\/p>\n<p>Haben wir auch erkl\u00e4rt, dass Gott ein gerechter Gott ist, der von uns eine Abkehr von den b\u00f6sen Werken erwartet? Bzw. haben wir \u00fcberhaupt davon gesprochen, dass wir Menschen in Gottes Augen b\u00f6se sind, Er uns aber dennoch unermesslich liebt, so dass Er sogar Seinen einzigen Sohn f\u00fcr uns am Kreuz sterben lie\u00df?<\/p>\n<p>Aus meiner Sicht muss man all diese Fragen im Gro\u00dfen und Ganzen leider verneinen.<\/p>\n<p>F\u00fcr mich war das Ganze sehr oberfl\u00e4chlich und Vieles f\u00fcr Au\u00dfenstehende unverst\u00e4ndlich bzw. unkonkret. Wir leben zwar in einer &#8220;christlichen&#8221; Gesellschaft, das hei\u00dft aber lange noch nicht, dass der Durchschnittsmensch wirklich wei\u00df, was Christentum bedeutet. Das muss man ihm doch erstmal in einfachen leichtverst\u00e4ndlichen Worten erkl\u00e4ren!<\/p>\n<p>Ich hatte in der U-Bahn vor dem Open-Heaven-Gottesdienst noch in dem Predigt-Kommentar von Johannes Chrysostomus \u00fcber den R\u00f6merbrief gelesen (<a title=\"16. Homilie des Kommentars zum R\u00f6merbrief von Johannes Chrysostomus\" href=\"http:\/\/www.unifr.ch\/bkv\/kapitel2702.htm\" target=\"_blank\" rel=\"noopener noreferrer\">siehe 16. Homilie<\/a>). Und als ich dann diese Predigt heute im Vergleich zu der Predigt von Chrysostomus h\u00f6rte, konnte ich nicht anders, als mittendrin zu gehen. Diesen Kontrast dieser beiden Predigten, n\u00e4mlich der extreme Tiefgang von Johannes Chrysostomus, der mein Herz aufr\u00fcttelte und dann diese oberfl\u00e4chlichen und unkonkreten Parolen der Predigt, die sich wie eine politische Grundsatzrede anh\u00f6rten, konnte ich dann doch nicht l\u00e4nger ertragen.<\/p>\n<p>Ich denke wir brauchen mehr Prediger wie Johannes Chrysostomus, deren Herz f\u00fcr Gott und die Menschen brennt, die ein tiefes Verst\u00e4ndnis f\u00fcr die Bibel haben und deren Leben zur eigenen Predigt passt. Ganz einfach: authentische Christen, die erf\u00fcllt vom Heiligen Geist, uns tr\u00e4ge und geistlich halbtote Menschen wieder zum Leben erwecken. Ich hoffe es finden sich noch welche&#8230;<\/p>\n","protected":false},"excerpt":{"rendered":"<p>Heute habe ich zum zweiten Male die &#8220;Open Heaven&#8221;-Veranstaltung der Evangelischen Allianz M\u00fcnchen im Olympiapark besucht. Und zum zweiten Male war ich leider sehr entt\u00e4uscht. Mit ziemlich gro\u00dfem Aufwand wurde da wieder ein gemeinsamer Open-Air-Gottesdienst einer ganzen Reihe christlicher Gemeinden veranstaltet und doch war in meinen Augen das Ziel verfehlt worden.<\/p>\n","protected":false},"author":1,"featured_media":0,"comment_status":"open","ping_status":"open","sticky":false,"template":"","format":"standard","meta":{"jetpack_post_was_ever_published":false,"_jetpack_newsletter_access":"","_jetpack_dont_email_post_to_subs":false,"_jetpack_newsletter_tier_id":0,"_jetpack_memberships_contains_paywalled_content":false,"_jetpack_memberships_contains_paid_content":false,"footnotes":""},"categories":[2],"tags":[],"class_list":["post-24","post","type-post","status-publish","format-standard","hentry","category-allgemein"],"jetpack_featured_media_url":"","jetpack_shortlink":"https:\/\/wp.me\/p4Sdv6-o","jetpack_sharing_enabled":true,"_links":{"self":[{"href":"https:\/\/www.projekt-kirche.de\/index.php?rest_route=\/wp\/v2\/posts\/24","targetHints":{"allow":["GET"]}}],"collection":[{"href":"https:\/\/www.projekt-kirche.de\/index.php?rest_route=\/wp\/v2\/posts"}],"about":[{"href":"https:\/\/www.projekt-kirche.de\/index.php?rest_route=\/wp\/v2\/types\/post"}],"author":[{"embeddable":true,"href":"https:\/\/www.projekt-kirche.de\/index.php?rest_route=\/wp\/v2\/users\/1"}],"replies":[{"embeddable":true,"href":"https:\/\/www.projekt-kirche.de\/index.php?rest_route=%2Fwp%2Fv2%2Fcomments&post=24"}],"version-history":[{"count":2,"href":"https:\/\/www.projekt-kirche.de\/index.php?rest_route=\/wp\/v2\/posts\/24\/revisions"}],"predecessor-version":[{"id":7662,"href":"https:\/\/www.projekt-kirche.de\/index.php?rest_route=\/wp\/v2\/posts\/24\/revisions\/7662"}],"wp:attachment":[{"href":"https:\/\/www.projekt-kirche.de\/index.php?rest_route=%2Fwp%2Fv2%2Fmedia&parent=24"}],"wp:term":[{"taxonomy":"category","embeddable":true,"href":"https:\/\/www.projekt-kirche.de\/index.php?rest_route=%2Fwp%2Fv2%2Fcategories&post=24"},{"taxonomy":"post_tag","embeddable":true,"href":"https:\/\/www.projekt-kirche.de\/index.php?rest_route=%2Fwp%2Fv2%2Ftags&post=24"}],"curies":[{"name":"wp","href":"https:\/\/api.w.org\/{rel}","templated":true}]}}