{"id":2427,"date":"2007-09-14T08:19:00","date_gmt":"2007-09-14T06:19:00","guid":{"rendered":"http:\/\/sschweizer.wordpress.com\/2007\/09\/14\/uberarbeitung-der-projekt-kirche-website\/"},"modified":"2020-05-08T22:16:40","modified_gmt":"2020-05-08T20:16:40","slug":"uberarbeitung-der-projekt-kirche-website","status":"publish","type":"post","link":"https:\/\/www.projekt-kirche.de\/?p=2427","title":{"rendered":"\u00dcberarbeitung der Projekt-Kirche-Website"},"content":{"rendered":"<div class=\"shariff\" data-title=\"\u00dcberarbeitung der Projekt-Kirche-Website\" data-info-url=\"http:\/\/ct.de\/-2467514\" data-backend-url=\"https:\/\/www.projekt-kirche.de\/wp-content\/plugins\/shariff-sharing\/backend\/index.php\" data-temp=\"\/tmp\" data-ttl=\"60\" data-service=\"gftr\" data-services='[\"googleplus\",\"facebook\",\"twitter\",\"reddit\",\"info\"]' data-image=\"\" data-url=\"https:\/\/www.projekt-kirche.de\/?p=2427\" data-lang=\"de\" data-theme=\"colored\" data-orientation=\"horizontal\"><\/div><p>Endlich bin ich mit meiner Projekt-Kirche-Website ein gutes St\u00fcck vorangekommen. Viele Seiten habe ich \u00fcberarbeiten bzw. erg\u00e4nzen k\u00f6nnen.<\/p>\n<p>So ist die Seite \u00fcber &#8220;Lehre&#8221; jetzt auf einem Stand, mit dem man schon was anfangen kann. Auch wenn immer noch viel fehlt. Aber ich bin froh, dass ich zumindest schon mal aufzeigen konnte, wohin ich mit dem &#8220;Projekt Kirche&#8221; gehen will.<\/p>\n<p>Jetzt hoffe ich nat\u00fcrlich noch auch auf viele hilfreiche Kommentare und konstruktiver Kritik.<\/p>\n<p>Sch\u00f6n w\u00e4re nat\u00fcrlich auch noch aktive Mitarbeiter zu haben. Schlie\u00dflich war das &#8220;Projekt Kirche&#8221; noch nie dazu gedacht, lediglich &#8220;mein Ding&#8221; zu sein, sondern eine Plattform zum Austausch und Nutzen f\u00fcr viele ernsthafte Christen bzw. ernsthaft am Glauben Interessierte.<\/p>\n","protected":false},"excerpt":{"rendered":"<p>Endlich bin ich mit meiner Projekt-Kirche-Website ein gutes St\u00fcck vorangekommen. Viele Seiten habe ich \u00fcberarbeiten bzw. erg\u00e4nzen k\u00f6nnen. So ist die Seite \u00fcber &#8220;Lehre&#8221; jetzt auf einem Stand, mit dem man schon was anfangen kann. Auch wenn immer noch viel fehlt. Aber ich bin froh, dass ich zumindest schon mal aufzeigen konnte, wohin ich mit [&hellip;]<\/p>\n","protected":false},"author":1,"featured_media":0,"comment_status":"open","ping_status":"open","sticky":false,"template":"","format":"standard","meta":{"jetpack_post_was_ever_published":false,"_jetpack_newsletter_access":"","_jetpack_dont_email_post_to_subs":false,"_jetpack_newsletter_tier_id":0,"_jetpack_memberships_contains_paywalled_content":false,"_jetpack_memberships_contains_paid_content":false,"footnotes":""},"categories":[2],"tags":[],"class_list":["post-2427","post","type-post","status-publish","format-standard","hentry","category-allgemein"],"jetpack_featured_media_url":"","jetpack_shortlink":"https:\/\/wp.me\/p4Sdv6-D9","jetpack_sharing_enabled":true,"_links":{"self":[{"href":"https:\/\/www.projekt-kirche.de\/index.php?rest_route=\/wp\/v2\/posts\/2427","targetHints":{"allow":["GET"]}}],"collection":[{"href":"https:\/\/www.projekt-kirche.de\/index.php?rest_route=\/wp\/v2\/posts"}],"about":[{"href":"https:\/\/www.projekt-kirche.de\/index.php?rest_route=\/wp\/v2\/types\/post"}],"author":[{"embeddable":true,"href":"https:\/\/www.projekt-kirche.de\/index.php?rest_route=\/wp\/v2\/users\/1"}],"replies":[{"embeddable":true,"href":"https:\/\/www.projekt-kirche.de\/index.php?rest_route=%2Fwp%2Fv2%2Fcomments&post=2427"}],"version-history":[{"count":1,"href":"https:\/\/www.projekt-kirche.de\/index.php?rest_route=\/wp\/v2\/posts\/2427\/revisions"}],"predecessor-version":[{"id":6408,"href":"https:\/\/www.projekt-kirche.de\/index.php?rest_route=\/wp\/v2\/posts\/2427\/revisions\/6408"}],"wp:attachment":[{"href":"https:\/\/www.projekt-kirche.de\/index.php?rest_route=%2Fwp%2Fv2%2Fmedia&parent=2427"}],"wp:term":[{"taxonomy":"category","embeddable":true,"href":"https:\/\/www.projekt-kirche.de\/index.php?rest_route=%2Fwp%2Fv2%2Fcategories&post=2427"},{"taxonomy":"post_tag","embeddable":true,"href":"https:\/\/www.projekt-kirche.de\/index.php?rest_route=%2Fwp%2Fv2%2Ftags&post=2427"}],"curies":[{"name":"wp","href":"https:\/\/api.w.org\/{rel}","templated":true}]}}