{"id":2530,"date":"2014-08-10T15:55:44","date_gmt":"2014-08-10T13:55:44","guid":{"rendered":"http:\/\/blog.projekt-kirche.de\/?p=2530"},"modified":"2020-05-08T16:15:24","modified_gmt":"2020-05-08T14:15:24","slug":"erster-kigo-petrus-geht-auf-dem-wasser-mt-1422-33","status":"publish","type":"post","link":"https:\/\/www.projekt-kirche.de\/?p=2530","title":{"rendered":"Erster KiGo &#8220;Petrus geht auf dem Wasser&#8221; (Mt 14,22-33)"},"content":{"rendered":"<div class=\"shariff\" data-title=\"Erster KiGo &#8220;Petrus geht auf dem Wasser&#8221; (Mt 14,22-33)\" data-info-url=\"http:\/\/ct.de\/-2467514\" data-backend-url=\"https:\/\/www.projekt-kirche.de\/wp-content\/plugins\/shariff-sharing\/backend\/index.php\" data-temp=\"\/tmp\" data-ttl=\"60\" data-service=\"gftr\" data-services='[\"googleplus\",\"facebook\",\"twitter\",\"reddit\",\"info\"]' data-image=\"\" data-url=\"https:\/\/www.projekt-kirche.de\/?p=2530\" data-lang=\"de\" data-theme=\"colored\" data-orientation=\"horizontal\"><\/div><p>Der erste KiGo mit dem Thema &#8220;Petrus geht auf dem Wasser&#8221; ist vorbei!<\/p>\n<p>Trotz Ferien waren wir immerhin 6 Kinder mit Eltern (zum Vergleich: normalerweise gibt es im Gottesdienst 2 Kinder, n\u00e4mlich unser Paul und unser Lenni \ud83d\ude09 ).<\/p>\n<p>Der Ablauf war \u00e4hnlich sehr \u00e4hnlich zu unseres KiGos in M\u00fcnchen:<\/p>\n<ul>\n<li>Gemeinsamer Beginn in der Kirche<\/li>\n<li>Auszug\u00a0 zum Gemeindezentrum (ein Kind durfte die KiGo-Kerze vom Altar nehmen und vorneweg tragen)<\/li>\n<li>Begr\u00fc\u00dfung im Gemeindezentrum und Kreuzzeichen<\/li>\n<li>Bewegungslied &#8220;Hast du den Mann aus Nazareth gesehen?&#8221;<\/li>\n<li>Vorlesung der Bibelgeschichte (<a href=\"https:\/\/www.bibleserver.com\/NLB\/Matth%C3%A4us14%2C22-33\" class=\"bibleserver extern\" target=\"_blank\" rel=\"noopener noreferrer\">Mt 14,22-33<\/a>)<\/li>\n<li>Bibelgespr\u00e4ch mit den Kindern<\/li>\n<li>Kurzes Gebet mit den Kindern<\/li>\n<li>Nochmals das Lied<\/li>\n<li>Kleines Spiel (&#8220;Montagsmaler&#8221;) zum Abschluss<\/li>\n<li>Zur\u00fcck in die Kirche w\u00e4hrend der Gabenbereitung<\/li>\n<li>Die Kinder durften zum Vater Unser zum Altar vor<\/li>\n<\/ul>\n<p>Anschlie\u00dfend gab es noch Hefezopf, Nussstriezel und Kaffee bzw. Saft zum Ausklang im Gemeindezenrum.<\/p>\n<p>Ich habe es sogargeschafft einen Cappuccino mit Milchschaum dem der Kaffeemaschine hinzubekommen \ud83d\ude09<\/p>\n<p><!--more--><\/p>\n<p>Hier ein paar Fotos von den Vorbereitungen:<\/p>\n<div id=\"attachment_2534\" style=\"width: 310px\" class=\"wp-caption alignnone\"><a href=\"https:\/\/i0.wp.com\/blog.projekt-kirche.de\/wp-content\/uploads\/2014\/08\/IMG_20140810_150833_k.jpg\"><img data-recalc-dims=\"1\" loading=\"lazy\" decoding=\"async\" aria-describedby=\"caption-attachment-2534\" class=\"size-medium wp-image-2534\" src=\"https:\/\/i0.wp.com\/blog.projekt-kirche.de\/wp-content\/uploads\/2014\/08\/IMG_20140810_150833_k-300x212.jpg?resize=300%2C212\" alt=\"Jesus rettet Petrus aus dem Wasser\" width=\"300\" height=\"212\" \/><\/a><p id=\"caption-attachment-2534\" class=\"wp-caption-text\">Jesus rettet Petrus aus dem Wasser<\/p><\/div>\n<div id=\"attachment_2532\" style=\"width: 310px\" class=\"wp-caption alignnone\"><a href=\"https:\/\/i0.wp.com\/blog.projekt-kirche.de\/wp-content\/uploads\/2014\/08\/IMG_7688.jpg\"><img data-recalc-dims=\"1\" loading=\"lazy\" decoding=\"async\" aria-describedby=\"caption-attachment-2532\" class=\"size-medium wp-image-2532\" src=\"https:\/\/i0.wp.com\/blog.projekt-kirche.de\/wp-content\/uploads\/2014\/08\/IMG_7688-300x225.jpg?resize=300%2C225\" alt=\"&quot;KiGo-Altar&quot; mit Landkarte\" width=\"300\" height=\"225\" \/><\/a><p id=\"caption-attachment-2532\" class=\"wp-caption-text\">&#8220;KiGo-Altar&#8221; mit Landkarte<\/p><\/div>\n<div id=\"attachment_2531\" style=\"width: 310px\" class=\"wp-caption alignnone\"><a href=\"https:\/\/i0.wp.com\/blog.projekt-kirche.de\/wp-content\/uploads\/2014\/08\/IMG_7684_k.jpg\"><img data-recalc-dims=\"1\" loading=\"lazy\" decoding=\"async\" aria-describedby=\"caption-attachment-2531\" class=\"size-medium wp-image-2531\" src=\"https:\/\/i0.wp.com\/blog.projekt-kirche.de\/wp-content\/uploads\/2014\/08\/IMG_7684_k-300x225.jpg?resize=300%2C225\" alt=\"Jetzt fehlen nur noch die Kinder ;-)\" width=\"300\" height=\"225\" \/><\/a><p id=\"caption-attachment-2531\" class=\"wp-caption-text\">Jetzt fehlen nur noch die Kinder \ud83d\ude09<\/p><\/div>\n<div id=\"attachment_2533\" style=\"width: 310px\" class=\"wp-caption alignnone\"><a href=\"https:\/\/i0.wp.com\/blog.projekt-kirche.de\/wp-content\/uploads\/2014\/08\/IMG_20140810_143604.jpg\"><img data-recalc-dims=\"1\" loading=\"lazy\" decoding=\"async\" aria-describedby=\"caption-attachment-2533\" class=\"wp-image-2533 size-medium\" src=\"https:\/\/i0.wp.com\/blog.projekt-kirche.de\/wp-content\/uploads\/2014\/08\/IMG_20140810_143604-e1407677627189-300x225.jpg?resize=300%2C225\" alt=\"Tisch-Deko f\u00fcr's Pfarrcaf\u00e9\" width=\"300\" height=\"225\" \/><\/a><p id=\"caption-attachment-2533\" class=\"wp-caption-text\">Tisch-Deko f\u00fcr&#8217;s Pfarrcaf\u00e9<\/p><\/div>\n<p>Passend zum Thema gibt es \u00fcbrigens noch ein Impuls, den ich bereits vor einigen Tagen gepostet hatte: <a title=\"Bist du bereit auf dem Wasser zu gehen?\" href=\"http:\/\/blog.projekt-kirche.de\/?p=2457\" target=\"_blank\" rel=\"noopener noreferrer\" data-wplink-edit=\"true\">Bist du bereit auf dem Wasser zu gehen? (<\/a><a href=\"https:\/\/www.bibleserver.com\/NLB\/Matth%C3%A4us14%2C22-36\" class=\"bibleserver extern\" target=\"_blank\" rel=\"noopener noreferrer\">Mt 14,22-36<\/a><a title=\"Bist du bereit auf dem Wasser zu gehen?\" href=\"http:\/\/blog.projekt-kirche.de\/?p=2457\" target=\"_blank\" rel=\"noopener noreferrer\">)<\/a><\/p>\n","protected":false},"excerpt":{"rendered":"<p>Der erste KiGo mit dem Thema &#8220;Petrus geht auf dem Wasser&#8221; ist vorbei! Trotz Ferien waren wir immerhin 6 Kinder mit Eltern (zum Vergleich: normalerweise gibt es im Gottesdienst 2 Kinder, n\u00e4mlich unser Paul und unser Lenni \ud83d\ude09 ). Der Ablauf war \u00e4hnlich sehr \u00e4hnlich zu unseres KiGos in M\u00fcnchen: Gemeinsamer Beginn in der Kirche [&hellip;]<\/p>\n","protected":false},"author":1,"featured_media":0,"comment_status":"open","ping_status":"open","sticky":false,"template":"","format":"standard","meta":{"jetpack_post_was_ever_published":false,"_jetpack_newsletter_access":"","_jetpack_dont_email_post_to_subs":false,"_jetpack_newsletter_tier_id":0,"_jetpack_memberships_contains_paywalled_content":false,"_jetpack_memberships_contains_paid_content":false,"footnotes":""},"categories":[2],"tags":[],"class_list":["post-2530","post","type-post","status-publish","format-standard","hentry","category-allgemein"],"jetpack_featured_media_url":"","jetpack_shortlink":"https:\/\/wp.me\/p4Sdv6-EO","jetpack_sharing_enabled":true,"_links":{"self":[{"href":"https:\/\/www.projekt-kirche.de\/index.php?rest_route=\/wp\/v2\/posts\/2530","targetHints":{"allow":["GET"]}}],"collection":[{"href":"https:\/\/www.projekt-kirche.de\/index.php?rest_route=\/wp\/v2\/posts"}],"about":[{"href":"https:\/\/www.projekt-kirche.de\/index.php?rest_route=\/wp\/v2\/types\/post"}],"author":[{"embeddable":true,"href":"https:\/\/www.projekt-kirche.de\/index.php?rest_route=\/wp\/v2\/users\/1"}],"replies":[{"embeddable":true,"href":"https:\/\/www.projekt-kirche.de\/index.php?rest_route=%2Fwp%2Fv2%2Fcomments&post=2530"}],"version-history":[{"count":7,"href":"https:\/\/www.projekt-kirche.de\/index.php?rest_route=\/wp\/v2\/posts\/2530\/revisions"}],"predecessor-version":[{"id":8431,"href":"https:\/\/www.projekt-kirche.de\/index.php?rest_route=\/wp\/v2\/posts\/2530\/revisions\/8431"}],"wp:attachment":[{"href":"https:\/\/www.projekt-kirche.de\/index.php?rest_route=%2Fwp%2Fv2%2Fmedia&parent=2530"}],"wp:term":[{"taxonomy":"category","embeddable":true,"href":"https:\/\/www.projekt-kirche.de\/index.php?rest_route=%2Fwp%2Fv2%2Fcategories&post=2530"},{"taxonomy":"post_tag","embeddable":true,"href":"https:\/\/www.projekt-kirche.de\/index.php?rest_route=%2Fwp%2Fv2%2Ftags&post=2530"}],"curies":[{"name":"wp","href":"https:\/\/api.w.org\/{rel}","templated":true}]}}