{"id":2622,"date":"2014-08-26T09:49:00","date_gmt":"2014-08-26T07:49:00","guid":{"rendered":"http:\/\/blog.projekt-kirche.de\/?p=2622"},"modified":"2020-05-09T08:51:59","modified_gmt":"2020-05-09T06:51:59","slug":"wir-sind-nicht-heilig-weil-wir-nicht-wollen","status":"publish","type":"post","link":"https:\/\/www.projekt-kirche.de\/?p=2622","title":{"rendered":"Wir sind nicht heilig, weil wir nicht wollen&#8230;"},"content":{"rendered":"<div class=\"shariff\" data-title=\"Wir sind nicht heilig, weil wir nicht wollen&#8230;\" data-info-url=\"http:\/\/ct.de\/-2467514\" data-backend-url=\"https:\/\/www.projekt-kirche.de\/wp-content\/plugins\/shariff-sharing\/backend\/index.php\" data-temp=\"\/tmp\" data-ttl=\"60\" data-service=\"gftr\" data-services='[\"googleplus\",\"facebook\",\"twitter\",\"reddit\",\"info\"]' data-image=\"\" data-url=\"https:\/\/www.projekt-kirche.de\/?p=2622\" data-lang=\"de\" data-theme=\"colored\" data-orientation=\"horizontal\"><\/div><p>&#8230; meint der Hl. Rafael Arn\u00e1iz Bar\u00f3n (1911\u20131938), spanischer Zisterzienser in seinen &#8220;Geistliche Schriften&#8221;  (25.01.1937):<br \/>\n<!--more--><\/p>\n<blockquote><p>Wir besitzen keine Tugend, und das nicht, weil sie schwer zu \u00fcben w\u00e4re, sondern weil wir nicht wollen. Wir haben keine Geduld, weil wir nicht wollen&#8230; Wir \u00fcben keine M\u00e4\u00dfigkeit, weil wir nicht wollen &#8230; Wir sind nicht keusch aus demselben Grund. Wenn wir wollten, k\u00f6nnten wir heilig sein; es ist viel schwieriger, Ingenieur zu werden, als heilig zu sein. Wenn wir nur Glauben h\u00e4tten!&#8230;<br \/>\nInnerliches Leben, Leben des Geistes, Leben des Gebetes: Mein Gott, muss das schwer sein! Aber das stimmt nicht. Nimm heraus aus deinem Herzen, was st\u00f6rt, und du wirst Gott in ihm finden, und schon ist alles getan. Oftmals suchen wir, was es nicht gibt, und gehen an einem kostbaren Schatz vor\u00fcber, ohne ihn wahrzunehmen. Das passiert uns mit Gott, den wir suchen \u2026 in einem Wirrwarr von Dingen, die uns umso geeigneter erscheinen, je komplizierter sie sind. Und doch, Gott lebt in uns und dort suchen wir Ihn nicht. Zieh dich in dein Inneres zur\u00fcck, schau auf dein Nichts, schau auf das Nichts der Welt, knie dich vor ein Kreuz, und wenn du einfach bist, wirst du Gott wahrnehmen&#8230;<br \/>\nWenn Gott nicht in unserer Seele ist, dann deshalb, weil wir nicht wollen. Wir haben eine solche Unmenge von Besch\u00e4ftigungen, Zerstreuungen, Zuneigungen, eitlen W\u00fcnschen, Anma\u00dfungen; wir haben so viel Welt in uns, dass Gott sich zur\u00fcckzieht. Aber sobald wir auch nur den Wunsch haben, erf\u00fcllt er die Seele auf eine Weise, dass man blind sein muss, um es nicht zu sehen. M\u00f6chte eine Seele im Sinne Gottes leben? Dann nehme sie alles weg, was nicht er ist, und schon ist alles getan. Es ist verh\u00e4ltnism\u00e4\u00dfig einfach. Wenn wir wollten und es ganz schlicht von Gott erb\u00e4ten, w\u00fcrden wir gro\u00dfe Fortschritte im geistlichen Leben machen. Wenn wir wollten, w\u00e4ren wir heilig. Aber wir sind so t\u00f6richt, dass wir nicht wollen. Wir ziehen es vor, die Zeit mit dummen Eitelkeiten zu verlieren.<\/p><\/blockquote>\n<p> (\u00a9 <a href=\"http:\/\/evangelizo.org\">Evangelizo.org<\/a> 2001-2013)<\/p>\n","protected":false},"excerpt":{"rendered":"<p>&#8230; meint der Hl. Rafael Arn\u00e1iz Bar\u00f3n (1911\u20131938), spanischer Zisterzienser in seinen &#8220;Geistliche Schriften&#8221; (25.01.1937):<\/p>\n","protected":false},"author":1,"featured_media":0,"comment_status":"open","ping_status":"open","sticky":false,"template":"","format":"standard","meta":{"jetpack_post_was_ever_published":false,"_jetpack_newsletter_access":"","_jetpack_dont_email_post_to_subs":false,"_jetpack_newsletter_tier_id":0,"_jetpack_memberships_contains_paywalled_content":false,"_jetpack_memberships_contains_paid_content":false,"footnotes":""},"categories":[2],"tags":[],"class_list":["post-2622","post","type-post","status-publish","format-standard","hentry","category-allgemein"],"jetpack_featured_media_url":"","jetpack_shortlink":"https:\/\/wp.me\/p4Sdv6-Gi","jetpack_sharing_enabled":true,"_links":{"self":[{"href":"https:\/\/www.projekt-kirche.de\/index.php?rest_route=\/wp\/v2\/posts\/2622","targetHints":{"allow":["GET"]}}],"collection":[{"href":"https:\/\/www.projekt-kirche.de\/index.php?rest_route=\/wp\/v2\/posts"}],"about":[{"href":"https:\/\/www.projekt-kirche.de\/index.php?rest_route=\/wp\/v2\/types\/post"}],"author":[{"embeddable":true,"href":"https:\/\/www.projekt-kirche.de\/index.php?rest_route=\/wp\/v2\/users\/1"}],"replies":[{"embeddable":true,"href":"https:\/\/www.projekt-kirche.de\/index.php?rest_route=%2Fwp%2Fv2%2Fcomments&post=2622"}],"version-history":[{"count":2,"href":"https:\/\/www.projekt-kirche.de\/index.php?rest_route=\/wp\/v2\/posts\/2622\/revisions"}],"predecessor-version":[{"id":6441,"href":"https:\/\/www.projekt-kirche.de\/index.php?rest_route=\/wp\/v2\/posts\/2622\/revisions\/6441"}],"wp:attachment":[{"href":"https:\/\/www.projekt-kirche.de\/index.php?rest_route=%2Fwp%2Fv2%2Fmedia&parent=2622"}],"wp:term":[{"taxonomy":"category","embeddable":true,"href":"https:\/\/www.projekt-kirche.de\/index.php?rest_route=%2Fwp%2Fv2%2Fcategories&post=2622"},{"taxonomy":"post_tag","embeddable":true,"href":"https:\/\/www.projekt-kirche.de\/index.php?rest_route=%2Fwp%2Fv2%2Ftags&post=2622"}],"curies":[{"name":"wp","href":"https:\/\/api.w.org\/{rel}","templated":true}]}}