{"id":272,"date":"2008-09-13T16:42:39","date_gmt":"2008-09-13T14:42:39","guid":{"rendered":"http:\/\/sschweizer.wordpress.com\/?p=272"},"modified":"2020-05-08T18:25:25","modified_gmt":"2020-05-08T16:25:25","slug":"warum-kirchengeschichte-fur-uns-wichtig-ist","status":"publish","type":"post","link":"https:\/\/www.projekt-kirche.de\/?p=272","title":{"rendered":"Warum Kirchengeschichte f\u00fcr uns wichtig ist&#8230;"},"content":{"rendered":"<div class=\"shariff\" data-title=\"Warum Kirchengeschichte f\u00fcr uns wichtig ist&#8230;\" data-info-url=\"http:\/\/ct.de\/-2467514\" data-backend-url=\"https:\/\/www.projekt-kirche.de\/wp-content\/plugins\/shariff-sharing\/backend\/index.php\" data-temp=\"\/tmp\" data-ttl=\"60\" data-service=\"gftr\" data-services='[\"googleplus\",\"facebook\",\"twitter\",\"reddit\",\"info\"]' data-image=\"\" data-url=\"https:\/\/www.projekt-kirche.de\/?p=272\" data-lang=\"de\" data-theme=\"colored\" data-orientation=\"horizontal\"><\/div><p>Gerade im evangelikalen Christentum (aber nicht nur da) kann man \u00f6fters den Eindruck gewinnen, dass die Kirchengeschichte lediglich als abschreckendes Beispiel dienen kann. Das stimmt sicherlich, wenn man sich die Grausamkeiten, die im Namen der Kirche ver\u00fcbt wurden (wie z.B. die Verfolgung und Folterung von Andersgl\u00e4ubigen) vor Augen h\u00e4lt.<\/p>\n<p>Dennoch d\u00fcrfen wir m.E. nicht den Fehler machen, diese Geschichte einfach (nur) der katholischen Kirche anzulasten, sondern sie auch als Geschichte ALLER Christen anzunehmen.<\/p>\n<p><!--more--><\/p>\n<p class=\"mceTemp\" style=\"text-align:left\">Es ist zwar im ersten Moment einfacher zu sagen, dass man mit der Kirchengeschichte nichts zu tun habe (und haben will) und man seinen Glauben sowieso nur auf die Bibel und keinen (kirchlichen) Traditionen st\u00fctze, jedoch kann eine solchen Einstellung unter Umst\u00e4nden mehr schaden als n\u00fctzen.<\/p>\n<p class=\"mceTemp\" style=\"text-align:left\">Aus folgenden Gr\u00fcnden:<\/p>\n<ol>\n<li>Der christliche Glaube wurde von (gl\u00e4ubigen) Menschen m\u00fcndlich und schriftlich \u00fcberliefert. Damit hat das Christentum JEDER Konfession oder Freikirche eine (gemeinsame) Geschichte (wenn auch nicht in allen Teilen). Auch die Bibel &#8220;fiel nicht vom Himmel&#8221;, sondern wurde von &#8220;unseren V\u00e4tern&#8221; an uns weitergegeben.<\/li>\n<li>Wir h\u00e4ngen &#8211; ob wir wollen oder nicht &#8211; vom Glauben unserer Vorfahren ab. Der Kanon (Umfang der anerkannten Schriften) des Neuen Testaments ist z.B. nicht von einem Engel Gottes oder so, sondern von den Kirchenv\u00e4tern festgelegt worden (ca. 4Jh. n.Chr.). So lebten die Christen der ersten Jahrhunderte ohne einheitliches Neues Testament!<\/li>\n<li>Die Kirchengeschichte enth\u00e4lt nicht nur negative Beispiele, sondern auch positive. Zudem kann sie uns eine Menge \u00fcber unseren Glauben lehren und wie man die gleichen Fehler nicht st\u00e4ndig\u00a0wiederholt.<\/li>\n<li>Ohne die Kirchengeschichte einigerma\u00dfen zu kennen, wird uns Vieles in unserem Glauben (und dem anderer christlicher Glaubensgemeinschaften) unverst\u00e4ndlich bleiben. Letztendlich kann dies die Einheit der Christen unn\u00f6tig verhindern bzw. erschweren.<\/li>\n<li>Der Schatz an geistlichen Erkenntnissen der Kirche (ja den gibt&#8217;s!) geht uns verloren, wenn wir die Schriften unserer Glaubensv\u00e4ter ablehnen bzw. nicht lesen. Es ist m.E. eine ziemliche Arroganz (der ich leider aus Unkenntnis auch verfallen war) behaupten zu wollen, dass wir heute alles besser w\u00fcssten als unsere Glaubensv\u00e4ter (auch wenn diese nat\u00fcrlich nicht unfehlbar waren).<\/li>\n<\/ol>\n<p class=\"mceTemp\" style=\"text-align:left\">Um zu studieren, ob und wann ggf. welche christliche Lehre im Laufe der Zeit wie verf\u00e4lscht wurde, habe ich mich in den letzten Monaten und Jahren recht intensiv mit der Kirchengeschichte auseinandergesetzt. Leider musste ich hierbei feststellen, dass es gar nicht so einfach war, gute (d.h. um Objektivit\u00e4t und Sachlichkeit bem\u00fchte) B\u00fccher zu finden, die eine gute Auswahl der Themen bieten und zudem leicht verst\u00e4ndlich und interessant geschrieben sind.<\/p>\n<p class=\"mceTemp\" style=\"text-align:left\">Vor kurzem bin ich jedoch auf ein kleines B\u00fcchlein gesto\u00dfen, dass m.E. einen hervorragenden \u00dcberblick \u00fcber die Kirchengeschichte bzw. \u00fcber die wichtigsten Auseinandersetzungen bzgl. des christlichen Glaubens der letzten 2000 Jahre gibt: <a title=\"Zank\u00e4pfel der Kirche\" href=\"http:\/\/eins.scm-digital.net\/show.sxp\/8156.html?art_id=119052&amp;\" target=\"_blank\" rel=\"noopener noreferrer\">&#8220;Zank\u00e4pfel der Kirche &#8211; 99 Streitigkeiten der Kirchengeschichte&#8221; von Arndt Schnepper<\/a>.<\/p>\n<p><a href=\"http:\/\/eins.scm-digital.net\/show.sxp\/8156.html?art_id=119052&amp;\"><img loading=\"lazy\" decoding=\"async\" class=\"alignleft\" title=\"Zank\u00e4pfel der Kirche\" alt=\"\" src=\"http:\/\/images.scm-digital.net\/gdimage\/resizegm.html?format=original&amp;dstW=120&amp;dstH=0&amp;url=\/objects\/mediafiles\/scm_shopproduct2\/Bilder\/gross\/226205000.jpg\" width=\"89\" height=\"134\" \/><\/a><\/p>\n<p class=\"mceTemp\" style=\"text-align:left\">Arndt Schnepper ist es gelungen, auf jeweils einer Doppelseite die wichtigsten Ereignisse bzw. Streitpunkte in der Kirchengeschichte kurz, pr\u00e4gnant und spannend zu lesen darzustellen. Dabei bem\u00fcht sich der Autor m.E. in vorbildlicher Weise, Voreingenommenheiten und subjektive Interpretationen weitgehend auszulassen.<\/p>\n<p class=\"mceTemp\" style=\"text-align:left\">Ich m\u00f6chte hier kurz einen Abschnitt aus der Einleitung zitieren, in dem Arndt Schnepper die vielen Streitigkeiten der Kirche in positiver Weise als ein ernsthafte Suche nach der Wahrheit darstellt (S.9):<\/p>\n<blockquote><p>Sicher, es gibt auch Zank\u00e4pfel, die auf dem Misthaufen der menschlichen Missgunst und Boshaftigkeit erwachsen. Auch die gr\u00f6\u00dften christlichen Geister bleiben davor nicht verschont. Doch als Regel kann das nicht gelten. Im Gegenteil: In ebenso vielen F\u00e4llen steht hinter den kirchlichen Streitigkeiten das ernste Ringen um die Wahrheit. Deshalb: Wer heute meint, nur m\u00fcde \u00fcber die vergangenen Jahrhunderte und ihre Auseinandersetzungen g\u00e4hnen zu m\u00fcssen, wird der Wahrheit einfach nicht gerecht. Ja, es scheint, dass es ohne Streit auch keinen Fortschritt geben kann. Problematisch ist nicht der Streit an sich, sondern die Art und Weise, wie man ihn austr\u00e4gt.<\/p><\/blockquote>\n<p class=\"mceTemp\" style=\"text-align:left\">Wer sich f\u00fcr eine kurzgefasste Darstellung der GESAMTEN (abendl\u00e4ndischen) Kirchengeschichte interessiert, <a href=\"http:\/\/www.peterlang.com\/Index.cfm?vLang=D&amp;vSiteID=23&amp;vSiteName=BookDetail.cfm&amp;VID=50140&amp;\"><img data-recalc-dims=\"1\" loading=\"lazy\" decoding=\"async\" class=\"alignright\" title=\"Abendl\u00e4ndische Kirchengeschichte\" alt=\"\" src=\"https:\/\/i0.wp.com\/www.peterlang.com\/Cover\/Buecher\/50140_Cover.jpg?resize=73%2C108\" width=\"73\" height=\"108\" \/><\/a>dem sei das hervorragende Buch <a title=\"Abendl\u00e4ndische Kirchengeschichte\" href=\"http:\/\/www.peterlang.com\/index.cfm?vID=50140&amp;vLang=F&amp;vHR=1&amp;vUR=2&amp;vUUR=16\" target=\"_blank\" rel=\"noopener noreferrer\">&#8220;Abendl\u00e4ndische Kirchengeschichte&#8221; von Martin Schwarz Lausten<\/a> empfohlen. Es bietet eine sehr gute Auswahl an interessanten Themen der Kirchengeschichte, ist fundiert, leicht verst\u00e4ndlich und vor allem um gro\u00dfe Objektivit\u00e4t bem\u00fcht.<\/p>\n<p class=\"mceTemp\" style=\"text-align:left\"><a href=\"http:\/\/www.amazon.de\/Handbuch-der-Kirchengeschichte-PC-MAC\/dp\/3898534359\/ref=sr_1_1?ie=UTF8&amp;s=software&amp;qid=1221314907&amp;sr=8-1\"><img data-recalc-dims=\"1\" loading=\"lazy\" decoding=\"async\" class=\"alignleft\" title=\"Handbuch der Kirchengeschichte\" alt=\"\" src=\"https:\/\/i0.wp.com\/ecx.images-amazon.com\/images\/I\/41wCeBUFY-L._SL500_AA240_.jpg?resize=109%2C109\" width=\"109\" height=\"109\" \/><\/a>Wer noch tiefer einsteigen will dem kann ich das (leider mittlerweile vergriffene) <a title=\"Handbuch der Bibel\" href=\"http:\/\/www.amazon.de\/Handbuch-der-Kirchengeschichte-PC-MAC\/dp\/3898534359\/ref=sr_1_1?ie=UTF8&amp;s=software&amp;qid=1221314907&amp;sr=8-1\" target=\"_blank\" rel=\"noopener noreferrer\">&#8220;Handbuch der Kirchengeschichte&#8221; (Hrsg. Hubert Jedin) <\/a>empfehlen, das teilweise noch als elektronische Ausgabe f\u00fcr PC+Mac erh\u00e4ltlich ist.<\/p>\n<p class=\"mceTemp\" style=\"text-align:left\">Wer es lieber multimedial mag, der kann sich <a title=\"2000 Jahre Christentum\" href=\"http:\/\/www.amazon.de\/2000-Jahre-Christentum-4-DVDs\/dp\/B0002KV31S\/ref=sr_1_1?ie=UTF8&amp;s=dvd&amp;qid=1221315557&amp;sr=8-1\" target=\"_blank\" rel=\"noopener noreferrer\">2000 Jahre Christentum<\/a> auch auf (vier) DVDs ansehen. Das geht dann zwar nicht so in die Tiefe, kann aber als Einstieg dennoch lehrreich sein und tieferes Interesse f\u00fcr die Kirchengeschichte wecken.<\/p>\n<p class=\"mceTemp\" style=\"text-align:left\">Meine vollst\u00e4ndige pers\u00f6nliche <a title=\"Literaturempfehlungen zum Thema Kirchengeschichte\" href=\"http:\/\/www.projekt-kirche.de\/html\/studienmaterial.html#Kirchengeschichte\" target=\"_self\" rel=\"noopener noreferrer\">Literaturempfehlungsliste zum Thema Kirchengeschichte<\/a> ist \u00fcbrigens auf meiner <a title=\"Projekt Kirche\" href=\"http:\/\/www.projekt-kirche.de\" target=\"_self\" rel=\"noopener noreferrer\">Website<\/a> zu finde.<\/p>\n<p class=\"mceTemp\" style=\"text-align:left\"><strong>Nachtrag (5.1.2014):<\/strong><br \/>\nAls bestes Kirchengeschichtsbuch aus gl\u00e4ubiger (katholischer) Sicht kann ich empfehlen (leider nur noch antiquarisch zu erwerben): <a title=\"www.booklooker.de\" href=\"http:\/\/www.booklooker.de\/B%C3%BCcher\/Angebote\/titel=Geschichte+der+Kirche+Christi+dem+katholischen+Volk+erz%E4hlt&amp;autor=Schuck,+DDr.+Johannes&amp;sortOrder=preis_total\" target=\"_blank\" rel=\"noopener noreferrer\">Geschichte der Kirche Christi dem katholischen Volk erz\u00e4hlt. (Johannes Schuck)<\/a><\/p>\n","protected":false},"excerpt":{"rendered":"<p>Gerade im evangelikalen Christentum (aber nicht nur da) kann man \u00f6fters den Eindruck gewinnen, dass die Kirchengeschichte lediglich als abschreckendes Beispiel dienen kann. Das stimmt sicherlich, wenn man sich die Grausamkeiten, die im Namen der Kirche ver\u00fcbt wurden (wie z.B. die Verfolgung und Folterung von Andersgl\u00e4ubigen) vor Augen h\u00e4lt. Dennoch d\u00fcrfen wir m.E. nicht den [&hellip;]<\/p>\n","protected":false},"author":1,"featured_media":0,"comment_status":"open","ping_status":"open","sticky":false,"template":"","format":"standard","meta":{"jetpack_post_was_ever_published":false,"_jetpack_newsletter_access":"","_jetpack_dont_email_post_to_subs":false,"_jetpack_newsletter_tier_id":0,"_jetpack_memberships_contains_paywalled_content":false,"_jetpack_memberships_contains_paid_content":false,"footnotes":""},"categories":[2],"tags":[133,137,198],"class_list":["post-272","post","type-post","status-publish","format-standard","hentry","category-allgemein","tag-buchempfehlung","tag-christentum","tag-kirchengeschichte"],"jetpack_featured_media_url":"","jetpack_shortlink":"https:\/\/wp.me\/p4Sdv6-4o","jetpack_sharing_enabled":true,"_links":{"self":[{"href":"https:\/\/www.projekt-kirche.de\/index.php?rest_route=\/wp\/v2\/posts\/272","targetHints":{"allow":["GET"]}}],"collection":[{"href":"https:\/\/www.projekt-kirche.de\/index.php?rest_route=\/wp\/v2\/posts"}],"about":[{"href":"https:\/\/www.projekt-kirche.de\/index.php?rest_route=\/wp\/v2\/types\/post"}],"author":[{"embeddable":true,"href":"https:\/\/www.projekt-kirche.de\/index.php?rest_route=\/wp\/v2\/users\/1"}],"replies":[{"embeddable":true,"href":"https:\/\/www.projekt-kirche.de\/index.php?rest_route=%2Fwp%2Fv2%2Fcomments&post=272"}],"version-history":[{"count":2,"href":"https:\/\/www.projekt-kirche.de\/index.php?rest_route=\/wp\/v2\/posts\/272\/revisions"}],"predecessor-version":[{"id":7621,"href":"https:\/\/www.projekt-kirche.de\/index.php?rest_route=\/wp\/v2\/posts\/272\/revisions\/7621"}],"wp:attachment":[{"href":"https:\/\/www.projekt-kirche.de\/index.php?rest_route=%2Fwp%2Fv2%2Fmedia&parent=272"}],"wp:term":[{"taxonomy":"category","embeddable":true,"href":"https:\/\/www.projekt-kirche.de\/index.php?rest_route=%2Fwp%2Fv2%2Fcategories&post=272"},{"taxonomy":"post_tag","embeddable":true,"href":"https:\/\/www.projekt-kirche.de\/index.php?rest_route=%2Fwp%2Fv2%2Ftags&post=272"}],"curies":[{"name":"wp","href":"https:\/\/api.w.org\/{rel}","templated":true}]}}