{"id":2800,"date":"2014-09-11T16:45:21","date_gmt":"2014-09-11T14:45:21","guid":{"rendered":"http:\/\/blog.projekt-kirche.de\/?p=2800"},"modified":"2020-05-10T10:35:02","modified_gmt":"2020-05-10T08:35:02","slug":"gott-laedt-dich-zur-hochzeit-ein-mt-221-14","status":"publish","type":"post","link":"https:\/\/www.projekt-kirche.de\/?p=2800","title":{"rendered":"Gott l\u00e4dt dich zur Hochzeit ein! (Mt 22,1-14)"},"content":{"rendered":"<div class=\"shariff\" data-title=\"Gott l\u00e4dt dich zur Hochzeit ein! (Mt 22,1-14)\" data-info-url=\"http:\/\/ct.de\/-2467514\" data-backend-url=\"https:\/\/www.projekt-kirche.de\/wp-content\/plugins\/shariff-sharing\/backend\/index.php\" data-temp=\"\/tmp\" data-ttl=\"60\" data-service=\"gftr\" data-services='[\"googleplus\",\"facebook\",\"twitter\",\"reddit\",\"info\"]' data-image=\"\" data-url=\"https:\/\/www.projekt-kirche.de\/?p=2800\" data-lang=\"de\" data-theme=\"colored\" data-orientation=\"horizontal\"><\/div><p>In <a href=\"https:\/\/www.bibleserver.com\/NLB\/Matth%C3%A4us22%2C1-14\" class=\"bibleserver extern\" target=\"_blank\" rel=\"noopener noreferrer\">Mt 22,1-14<\/a> erz\u00e4hlt Jesus das Gleichnis vom k\u00f6niglichen Hochzeitsmahl.<\/p>\n<p>Der Anfang des Gleichnisses geht so: Der K\u00f6nig l\u00e4dt zur Hochzeit seines Sohnes ein. Die Eingeladenen wollen aber nicht kommen. Die einen haben &#8220;Besseres&#8221; zu tun, die anderen misshandeln die Diener des K\u00f6nigs, die die Einladung \u00fcberbrachten, und bringen sie sogar um.<\/p>\n<p>Was bedeutet das alles?<br \/>\n<!--more--><\/p>\n<p>Der K\u00f6nig stellt Gott dar, sein Sohn Jesus. Gott hatte die Israeliten mehrfach durch seine Diener, die Propheten, zur Hochzeit seines Sohnes eingeladen. Die Hochzeit bedeutet Gemeinschaft zu haben mit dem Mensch gewordenen Gott Jesus Christus. In und durch Jesus k\u00f6nnen wir mit Gott eins werden. Damals hatten die Menschen die M\u00f6glichkeit mit Jesus als Mensch Gemeinschaft zu haben, heute haben wir dies, wenn wir in die Kirche gehen und an der Eucharistiefeier teilnehmen. Und zuk\u00fcnftig k\u00f6nnen wir mit Gott vereint sein in der himmlischen Hochzeitsfeier.<br \/>\nDie meisten Juden lehnten Jesus jedoch ab und lie\u00dfen ihn t\u00f6ten. Auch die Propheten des AT wurden abgelehnt und verfolgt.<br \/>\nZur Strafe schickte Gott sein Heer gegen sie los in Form der R\u00f6mer, die 70n.Chr. die Stadt der Juden, d.h. Jerusalem, zerst\u00f6rten.<br \/>\nNachdem die Juden Jesus nicht als Messias annehmen wollten, lud Gott die Heiden, also alle anderen V\u00f6lker zu seinem Hochzeitsmahl ein.<br \/>\nEs kamen zwar jetzt viele, aber unter ihnen gab es auch G\u00e4ste ohne festliche Hochzeitskleidung. D. h. sie waren Menschen, die zwar zum Glauben an Jesus kamen, den Glauben aber nicht wirklich lebten. Die Lehre Jesu nahmen sie nicht ernst und es fehlte ihnen z. B. an Taten der N\u00e4chstenliebe. Sie nahmen wohl an, dass der Glaube ohne entsprechende Werke ausreichen w\u00fcrde, um Gemeinschaft mit Gott haben zu k\u00f6nnen. Jesus warnt jedoch diese Menschen durch dieses Gleichnis und deutet an, dass sie genauso wie die Juden, die Jesus ablehnten ins g\u00f6ttliche Gericht kommen werden.<\/p>\n<p>Was k\u00f6nnen wir heute also aus diesem Gleichnis lernen?<\/p>\n<p>Wir d\u00fcrfen uns erst mal gl\u00fccklich sch\u00e4tzen, dass Gott uns in sein Himmelreich durch Jesus Christus einl\u00e4dt. Er verspricht uns ein wahres Paradies und unbeschreibliche Gl\u00fcckseligkeit. Wir m\u00fcssen aber nicht nur seine Einladung tats\u00e4chlich annehmen, d.h. zum Glauben an Jesus Christus kommen, sondern uns auch entsprechend vorbereiten. Lasst und also nicht vers\u00e4umen, nach der Liebe Jesu tats\u00e4chlich zu leben, regelm\u00e4\u00dfig zur Kirche zu kommen und das\u00a0 Fest der Eucharistie als Vorgeschmack auf das himmlische Hochzeitsfest zu feiern!<\/p>\n","protected":false},"excerpt":{"rendered":"<p>In Mt 22,1-14 erz\u00e4hlt Jesus das Gleichnis vom k\u00f6niglichen Hochzeitsmahl. Der Anfang des Gleichnisses geht so: Der K\u00f6nig l\u00e4dt zur Hochzeit seines Sohnes ein. Die Eingeladenen wollen aber nicht kommen. Die einen haben &#8220;Besseres&#8221; zu tun, die anderen misshandeln die Diener des K\u00f6nigs, die die Einladung \u00fcberbrachten, und bringen sie sogar um. Was bedeutet das [&hellip;]<\/p>\n","protected":false},"author":1,"featured_media":0,"comment_status":"open","ping_status":"open","sticky":false,"template":"","format":"standard","meta":{"jetpack_post_was_ever_published":false,"_jetpack_newsletter_access":"","_jetpack_dont_email_post_to_subs":false,"_jetpack_newsletter_tier_id":0,"_jetpack_memberships_contains_paywalled_content":false,"_jetpack_memberships_contains_paid_content":false,"footnotes":""},"categories":[2],"tags":[227],"class_list":["post-2800","post","type-post","status-publish","format-standard","hentry","category-allgemein","tag-mt-22"],"jetpack_featured_media_url":"","jetpack_shortlink":"https:\/\/wp.me\/p4Sdv6-Ja","jetpack_sharing_enabled":true,"_links":{"self":[{"href":"https:\/\/www.projekt-kirche.de\/index.php?rest_route=\/wp\/v2\/posts\/2800","targetHints":{"allow":["GET"]}}],"collection":[{"href":"https:\/\/www.projekt-kirche.de\/index.php?rest_route=\/wp\/v2\/posts"}],"about":[{"href":"https:\/\/www.projekt-kirche.de\/index.php?rest_route=\/wp\/v2\/types\/post"}],"author":[{"embeddable":true,"href":"https:\/\/www.projekt-kirche.de\/index.php?rest_route=\/wp\/v2\/users\/1"}],"replies":[{"embeddable":true,"href":"https:\/\/www.projekt-kirche.de\/index.php?rest_route=%2Fwp%2Fv2%2Fcomments&post=2800"}],"version-history":[{"count":4,"href":"https:\/\/www.projekt-kirche.de\/index.php?rest_route=\/wp\/v2\/posts\/2800\/revisions"}],"predecessor-version":[{"id":8597,"href":"https:\/\/www.projekt-kirche.de\/index.php?rest_route=\/wp\/v2\/posts\/2800\/revisions\/8597"}],"wp:attachment":[{"href":"https:\/\/www.projekt-kirche.de\/index.php?rest_route=%2Fwp%2Fv2%2Fmedia&parent=2800"}],"wp:term":[{"taxonomy":"category","embeddable":true,"href":"https:\/\/www.projekt-kirche.de\/index.php?rest_route=%2Fwp%2Fv2%2Fcategories&post=2800"},{"taxonomy":"post_tag","embeddable":true,"href":"https:\/\/www.projekt-kirche.de\/index.php?rest_route=%2Fwp%2Fv2%2Ftags&post=2800"}],"curies":[{"name":"wp","href":"https:\/\/api.w.org\/{rel}","templated":true}]}}