{"id":2972,"date":"2014-09-29T21:36:24","date_gmt":"2014-09-29T19:36:24","guid":{"rendered":"http:\/\/blog.projekt-kirche.de\/?p=2972"},"modified":"2020-05-10T03:13:51","modified_gmt":"2020-05-10T01:13:51","slug":"ueber-die-kirche","status":"publish","type":"post","link":"https:\/\/www.projekt-kirche.de\/?p=2972","title":{"rendered":"\u00dcber die Kirche"},"content":{"rendered":"<div class=\"shariff\" data-title=\"\u00dcber die Kirche\" data-info-url=\"http:\/\/ct.de\/-2467514\" data-backend-url=\"https:\/\/www.projekt-kirche.de\/wp-content\/plugins\/shariff-sharing\/backend\/index.php\" data-temp=\"\/tmp\" data-ttl=\"60\" data-service=\"gftr\" data-services='[\"googleplus\",\"facebook\",\"twitter\",\"reddit\",\"info\"]' data-image=\"\" data-url=\"https:\/\/www.projekt-kirche.de\/?p=2972\" data-lang=\"de\" data-theme=\"colored\" data-orientation=\"horizontal\"><\/div><p>Viele finden die Kirche einfach langweilig und hoffnungslos r\u00fcckst\u00e4ndig.<\/p>\n<p>Aber ist die Kirche wirklich nur ein &#8220;Verein alter M\u00e4nner&#8221;?<\/p>\n<p class=\"block_3\">Diese und andere Fragen habe ich versucht in meinem eBook &#8220;\u00dcber die Kirche&#8221; zu beantworten:<\/p>\n<p><a title=\"\u00dcber die Kirche\" href=\"http:\/\/blog.projekt-kirche.de\/wp-content\/uploads\/2015\/01\/Uber_die_Kirche_-_Stefan_Schweizer.epub\"><img data-recalc-dims=\"1\" loading=\"lazy\" decoding=\"async\" class=\"alignnone size-medium wp-image-2973\" src=\"https:\/\/i0.wp.com\/blog.projekt-kirche.de\/wp-content\/uploads\/2014\/09\/%C3%9Cber-die-Kirche_Cover-211x300.png?resize=211%2C300\" alt=\"\u00dcber die Kirche\" width=\"211\" height=\"300\" \/><\/a><\/p>\n<p>Hier noch die <a title=\"\u00dcber dei Kirche (PDF)\" href=\"http:\/\/blog.projekt-kirche.de\/wp-content\/uploads\/2015\/01\/Uber-die-Kirche_V1-4_A5_2014-10-12.pdf\">PDF-Version<\/a>.<\/p>\n<p>Der Text stammt \u00fcbrigens aus meiner &#8220;Theologie im Fernkurs&#8221;-Hausarbeit \u00fcber das Thema \u201eKirche im Neuen Testament\u201c aus dem Jahr 2010 und geht deshalb etwas mehr in die Tiefe als meine sonstigen Artikel \ud83d\ude09<\/p>\n<p><strong>Update 12.10.2014:<\/strong><\/p>\n<p>Mittlerweile habe ich das eBook sprachlich etwas \u00fcberarbeitet. Die oben verlinkte Version ist nun die V1.4.<\/p>\n","protected":false},"excerpt":{"rendered":"<p>Viele finden die Kirche einfach langweilig und hoffnungslos r\u00fcckst\u00e4ndig. Aber ist die Kirche wirklich nur ein &#8220;Verein alter M\u00e4nner&#8221;? Diese und andere Fragen habe ich versucht in meinem eBook &#8220;\u00dcber die Kirche&#8221; zu beantworten: Hier noch die PDF-Version. Der Text stammt \u00fcbrigens aus meiner &#8220;Theologie im Fernkurs&#8221;-Hausarbeit \u00fcber das Thema \u201eKirche im Neuen Testament\u201c aus [&hellip;]<\/p>\n","protected":false},"author":1,"featured_media":0,"comment_status":"open","ping_status":"open","sticky":false,"template":"","format":"standard","meta":{"jetpack_post_was_ever_published":false,"_jetpack_newsletter_access":"","_jetpack_dont_email_post_to_subs":false,"_jetpack_newsletter_tier_id":0,"_jetpack_memberships_contains_paywalled_content":false,"_jetpack_memberships_contains_paid_content":false,"footnotes":""},"categories":[2],"tags":[],"class_list":["post-2972","post","type-post","status-publish","format-standard","hentry","category-allgemein"],"jetpack_featured_media_url":"","jetpack_shortlink":"https:\/\/wp.me\/p4Sdv6-LW","jetpack_sharing_enabled":true,"_links":{"self":[{"href":"https:\/\/www.projekt-kirche.de\/index.php?rest_route=\/wp\/v2\/posts\/2972","targetHints":{"allow":["GET"]}}],"collection":[{"href":"https:\/\/www.projekt-kirche.de\/index.php?rest_route=\/wp\/v2\/posts"}],"about":[{"href":"https:\/\/www.projekt-kirche.de\/index.php?rest_route=\/wp\/v2\/types\/post"}],"author":[{"embeddable":true,"href":"https:\/\/www.projekt-kirche.de\/index.php?rest_route=\/wp\/v2\/users\/1"}],"replies":[{"embeddable":true,"href":"https:\/\/www.projekt-kirche.de\/index.php?rest_route=%2Fwp%2Fv2%2Fcomments&post=2972"}],"version-history":[{"count":1,"href":"https:\/\/www.projekt-kirche.de\/index.php?rest_route=\/wp\/v2\/posts\/2972\/revisions"}],"predecessor-version":[{"id":6213,"href":"https:\/\/www.projekt-kirche.de\/index.php?rest_route=\/wp\/v2\/posts\/2972\/revisions\/6213"}],"wp:attachment":[{"href":"https:\/\/www.projekt-kirche.de\/index.php?rest_route=%2Fwp%2Fv2%2Fmedia&parent=2972"}],"wp:term":[{"taxonomy":"category","embeddable":true,"href":"https:\/\/www.projekt-kirche.de\/index.php?rest_route=%2Fwp%2Fv2%2Fcategories&post=2972"},{"taxonomy":"post_tag","embeddable":true,"href":"https:\/\/www.projekt-kirche.de\/index.php?rest_route=%2Fwp%2Fv2%2Ftags&post=2972"}],"curies":[{"name":"wp","href":"https:\/\/api.w.org\/{rel}","templated":true}]}}